{"id":616895,"date":"2025-12-23T01:02:17","date_gmt":"2025-12-23T01:02:17","guid":{"rendered":"https:\/\/www.europesays.com\/fr\/616895\/"},"modified":"2025-12-23T01:02:17","modified_gmt":"2025-12-23T01:02:17","slug":"des-trains-toujours-retardes-en-gare-saint-charles-a-marseille-apres-une-2e-evacuation-pour-un-bagage-abandonne","status":"publish","type":"post","link":"https:\/\/www.europesays.com\/fr\/616895\/","title":{"rendered":"Des trains toujours retard\u00e9s en gare Saint-Charles \u00e0 Marseille apr\u00e8s une 2e \u00e9vacuation pour un bagage abandonn\u00e9"},"content":{"rendered":"<p>Non pas une \u00e9vacuation, mais deux\u00a0! Alors que <a href=\"https:\/\/www.laprovence.com\/article\/region\/1259224618115215\/cadeaux-de-noel-de-derniere-minute-au-dernier-moment-on-est-plus-efficace-mais-moins-inventif\" target=\"_blank\" rel=\"noopener\">les f\u00eates de fin d\u2019ann\u00e9e<\/a> sont toutes proches, l\u2019activit\u00e9 de la gare Saint-Charles de <a href=\"https:\/\/www.laprovence.com\/bouches-du-rhone\/marseille-13055\" target=\"_blank\" rel=\"noopener\">Marseille<\/a> a \u00e9t\u00e9 fortement perturb\u00e9e ce lundi 22\u00a0d\u00e9cembre en raison de <strong>plusieurs bagages abandonn\u00e9s<\/strong> dans l\u2019apr\u00e8s-midi. De nombreux trains &#8211; \u00e0 l\u2019arriv\u00e9e et au d\u00e9part de la cit\u00e9 phoc\u00e9enne &#8211; affichent toujours des retards pouvant aller<strong> jusqu\u2019\u00e0 plus de 2h<\/strong>.<\/p>\n<p>Sur les r\u00e9seaux sociaux, de nombreux voyageurs font part de <strong>leur m\u00e9contentement<\/strong>, \u00e0 l\u2019image d\u2019Arthur Leroux <a href=\"https:\/\/x.com\/LerouxArthur10\/status\/2003164119621333447\" target=\"_blank\">sur X<\/a>\u00a0: \u00ab\u00a0La gare a \u00e9t\u00e9 \u00e9vacu\u00e9e deux fois aujourd\u2019hui, en pleine p\u00e9riode de No\u00ebl, et le trafic est compl\u00e8tement paralys\u00e9. Des milliers de voyageurs en rade, des retards qui s\u2019accumulent, et tout \u00e7a pour des sacs oubli\u00e9s qui, dans 99% des cas, ne contiennent rien de dangereux.\u00a0\u00bb<\/p>\n<p><strong>Le premier incident<\/strong> a d\u00e9but\u00e9 en milieu d\u2019apr\u00e8s-midi, <strong>peu avant 16h<\/strong>. \u00ab\u00a0Pr\u00e9sence d\u2019un bagage abandonn\u00e9 \u00e0 Marseille Saint-Charles, <a href=\"https:\/\/x.com\/Transports_zou\/status\/2003115961004724399\" target=\"_blank\">\u00e9crivait sur X<\/a> le compte d\u00e9di\u00e9 au trafic des trains <a href=\"https:\/\/x.com\/Transports_zou\" target=\"_blank\">ZOU\u00a0! Sud Provence Alpes C\u00f4te d&rsquo;Azur<\/a> (publication supprim\u00e9e depuis, Ndlr). La circulation est perturb\u00e9e au d\u00e9part et \u00e0 l\u2019arriv\u00e9e de cette gare.\u00a0\u00bb La situation a n\u00e9cessit\u00e9 \u00ab\u00a0l\u2019\u00e9vacuation de la gare et l\u2019intervention des forces de l\u2019ordre\u00a0\u00bb, <a href=\"https:\/\/www.sncf-voyageurs.com\/fr\/voyagez-avec-nous\/horaires-et-itineraires\/recherche-de-train\/detail-train\/?numeroCirculation=6124&amp;dateCirculation=2025-12-22&amp;destinationCode=87751008\" target=\"_blank\" rel=\"noopener\">indiquait le site SNCF Voyageurs<\/a>.<\/p>\n<p><img alt=\"L'activit\u00e9 de la gare Saint-Charles de Marseille a \u00e9t\u00e9 fortement perturb\u00e9e ce lundi 22 d\u00e9cembre en raison de plusieurs bagages abandonn\u00e9s dans l'apr\u00e8s-midi.\" loading=\"lazy\" decoding=\"async\" data-nimg=\"fill\" class=\" TwicCore_img__i9TC1 undefined  undefined\" style=\"position:absolute;height:100%;width:100%;left:0;top:0;right:0;bottom:0;color:transparent;background-size:cover;background-position:50% 50%;background-repeat:no-repeat;background-image:url(&quot;data:image\/svg+xml;charset=utf-8,%3Csvg xmlns='http:\/\/www.w3.org\/2000\/svg' %3E%3Cfilter id='b' color-interpolation-filters='sRGB'%3E%3CfeGaussianBlur stdDeviation='20'\/%3E%3CfeColorMatrix values='1 0 0 0 0 0 1 0 0 0 0 0 1 0 0 0 0 0 100 -1' result='s'\/%3E%3CfeFlood x='0' y='0' width='100%25' height='100%25'\/%3E%3CfeComposite operator='out' in='s'\/%3E%3CfeComposite in2='SourceGraphic'\/%3E%3CfeGaussianBlur stdDeviation='20'\/%3E%3C\/filter%3E%3Cimage width='100%25' height='100%25' x='0' y='0' preserveAspectRatio='none' style='filter: url(%23b);' href='https:\/\/pictures.laprovence.com\/cdn-cgi\/image\/blur=250\/media\/melody\/2025\/12\/22\/depuis-15h40-environ-dans-l-apres-midi-de-ce-lundi-22-decembre-la-circulation-de-plusieurs-trains-es-1766418325_be11555769496232155576949f6215v_.jpg'\/%3E%3C\/svg%3E&quot;)\"   src=\"https:\/\/www.europesays.com\/fr\/wp-content\/uploads\/2025\/12\/depuis-15h40-environ-dans-l-apres-midi-de-ce-lundi-22-decembre-la-circulation-de-plusieurs-trains-es.jpeg\"\/>L&rsquo;activit\u00e9 de la gare Saint-Charles de Marseille a \u00e9t\u00e9 fortement perturb\u00e9e ce lundi 22 d\u00e9cembre en raison de plusieurs bagages abandonn\u00e9s dans l&rsquo;apr\u00e8s-midi. \/ Photo LP &#8211; MDG<\/p>\n<p>Entre 16h et 17h environ, <strong>des centaines de personnes<\/strong> se sont agglutin\u00e9es devant chaque porte pour attendre. Sur place, aucun agent SNCF n\u2019est venu renseigner les voyageurs.<\/p>\n<p>De nombreux retards et des trains supprim\u00e9s<\/p>\n<p>Des retards ont concern\u00e9 de nombreux trains, comme <a href=\"https:\/\/www.sncf-voyageurs.com\/fr\/voyagez-avec-nous\/horaires-et-itineraires\/recherche-de-train\/detail-train\/?numeroCirculation=879740&amp;dateCirculation=2025-12-22&amp;destinationCode=87751008\" target=\"_blank\" rel=\"noopener\">le ZOU\u00a0! N\u00b0879740<\/a> \u00e0 destination de Miramas (arriv\u00e9 \u00e0 18h10 contre 17h25 initialement pr\u00e9vu) ou encore <a href=\"https:\/\/www.sncf-voyageurs.com\/fr\/voyagez-avec-nous\/horaires-et-itineraires\/recherche-de-train\/detail-train\/?numeroCirculation=879650&amp;dateCirculation=2025-12-22&amp;destinationCode=87751008\" target=\"_blank\" rel=\"noopener\">le ZOU\u00a0! N\u00b0879650<\/a> \u00e0 destination d\u2019Avignon Centre \u00e9galement retard\u00e9 d\u2019une heure (arriv\u00e9 \u00e0 18h35 contre 18h). Quelques trains ont \u00e9galement \u00e9t\u00e9 supprim\u00e9s, notamment <a href=\"https:\/\/www.sncf-voyageurs.com\/fr\/voyagez-avec-nous\/horaires-et-itineraires\/recherche-de-train\/detail-train\/?numeroCirculation=880154&amp;dateCirculation=2025-12-22&amp;destinationCode=87751008\" target=\"_blank\" rel=\"noopener\">le ZOU\u00a0! N\u00b0880154<\/a> \u00e0 destination Aix-en-Provence.<\/p>\n<p>La gare a commenc\u00e9 \u00e0 rouvrir vers 16h40 et le rideau de fer de l\u2019acc\u00e8s m\u00e9tro a notamment \u00e9t\u00e9 relev\u00e9. La circulation des trains a repris vers<strong> 17h<\/strong>.<\/p>\n<p>\u00ab\u00a0Fin d\u2019incident, affirmait <a href=\"https:\/\/x.com\/Transports_zou\/status\/2003130424516870545\" target=\"_blank\">sur X<\/a>\u00a0le compte d\u00e9di\u00e9 au trafic des trains <a href=\"https:\/\/x.com\/Transports_zou\" target=\"_blank\">ZOU\u00a0! Sud Provence Alpes C\u00f4te d&rsquo;Azur<\/a> (publication \u00e9galement supprim\u00e9e depuis, Ndlr). La circulation reprend progressivement \u00e0 l\u2019arriv\u00e9e et au d\u00e9part de la gare Marseille Saint-Charles.\u00a0Des retards et des perturbations restent \u00e0 pr\u00e9voir.\u00a0\u00bb<\/p>\n<p>C\u2019\u00e9tait sans compter sur une <strong>2e \u00e9vacuation<\/strong> de la gare en fin de journ\u00e9e, vers 18h30, pour un nouveau bagage abandonn\u00e9. Contact\u00e9e par <a href=\"https:\/\/www.laprovence.com\/\" target=\"_blank\" rel=\"noopener\">La Provence<\/a>, la SNCF assure que la circulation des trains reprend progressivement depuis 19h45, mais des retards restent \u00e0 pr\u00e9voir.\u00a0<\/p>\n","protected":false},"excerpt":{"rendered":"Non pas une \u00e9vacuation, mais deux\u00a0! Alors que les f\u00eates de fin d\u2019ann\u00e9e sont toutes proches, l\u2019activit\u00e9 de&hellip;\n","protected":false},"author":2,"featured_media":616896,"comment_status":"","ping_status":"","sticky":false,"template":"","format":"standard","meta":{"footnotes":""},"categories":[2814],"tags":[17,1111,11,1102,154,1777,674,1011,27,7533,884,12,882,25,72736,1178,104,1810,5811],"class_list":{"0":"post-616895","1":"post","2":"type-post","3":"status-publish","4":"format-standard","5":"has-post-thumbnail","7":"category-marseille","8":"tag-17","9":"tag-actu","10":"tag-actualites","11":"tag-breakingnews","12":"tag-des","13":"tag-eu","14":"tag-europe","15":"tag-fr","16":"tag-france","17":"tag-gare","18":"tag-marseille","19":"tag-news","20":"tag-provence-alpes-cote-dazur","21":"tag-republique-francaise","22":"tag-retardes","23":"tag-saint-charles","24":"tag-societe","25":"tag-toujours","26":"tag-trains"},"share_on_mastodon":{"url":"https:\/\/pubeurope.com\/@fr\/115766188909206843","error":""},"_links":{"self":[{"href":"https:\/\/www.europesays.com\/fr\/wp-json\/wp\/v2\/posts\/616895","targetHints":{"allow":["GET"]}}],"collection":[{"href":"https:\/\/www.europesays.com\/fr\/wp-json\/wp\/v2\/posts"}],"about":[{"href":"https:\/\/www.europesays.com\/fr\/wp-json\/wp\/v2\/types\/post"}],"author":[{"embeddable":true,"href":"https:\/\/www.europesays.com\/fr\/wp-json\/wp\/v2\/users\/2"}],"replies":[{"embeddable":true,"href":"https:\/\/www.europesays.com\/fr\/wp-json\/wp\/v2\/comments?post=616895"}],"version-history":[{"count":0,"href":"https:\/\/www.europesays.com\/fr\/wp-json\/wp\/v2\/posts\/616895\/revisions"}],"wp:featuredmedia":[{"embeddable":true,"href":"https:\/\/www.europesays.com\/fr\/wp-json\/wp\/v2\/media\/616896"}],"wp:attachment":[{"href":"https:\/\/www.europesays.com\/fr\/wp-json\/wp\/v2\/media?parent=616895"}],"wp:term":[{"taxonomy":"category","embeddable":true,"href":"https:\/\/www.europesays.com\/fr\/wp-json\/wp\/v2\/categories?post=616895"},{"taxonomy":"post_tag","embeddable":true,"href":"https:\/\/www.europesays.com\/fr\/wp-json\/wp\/v2\/tags?post=616895"}],"curies":[{"name":"wp","href":"https:\/\/api.w.org\/{rel}","templated":true}]}}