{"id":616899,"date":"2025-12-23T01:04:13","date_gmt":"2025-12-23T01:04:13","guid":{"rendered":"https:\/\/www.europesays.com\/fr\/616899\/"},"modified":"2025-12-23T01:04:13","modified_gmt":"2025-12-23T01:04:13","slug":"retour-du-froid-a-lyon-de-la-neige-attendue-le-jour-de-noel","status":"publish","type":"post","link":"https:\/\/www.europesays.com\/fr\/616899\/","title":{"rendered":"Retour du froid \u00e0 Lyon : de la neige attendue le jour de No\u00ebl ?"},"content":{"rendered":"<p>Apr\u00e8s un p\u00e9riode de redoux, les temp\u00e9ratures vont de nouveau chuter cette semaine, ce qui pourrait provoquer quelques chutes de neige dans le Rh\u00f4ne et \u00e0 Lyon pour le 24 d\u00e9cembre au soir.<\/p>\n<p>Apr\u00e8s un mois de d\u00e9cembre exceptionnellement doux, la tendance change cette semaine, \u00e0 l&rsquo;approche du r\u00e9veillon de No\u00ebl, selon le m\u00e9t\u00e9orologue Guillaume S\u00e9chet, du site <a class=\"url\" href=\"https:\/\/www.meteo-lyon.net\/\" target=\"_blank\" rel=\"noopener\">M\u00e9t\u00e9o Lyon<\/a>.<\/p>\n<p>\u00c0 la question qui revient chaque ann\u00e9e : verra-t-on des flocons pour No\u00ebl ? La r\u00e9ponse est oui !<\/p>\n<blockquote><p>\u00ab\u00a0Le courant bascule \u00e0 l&rsquo;Est. Apr\u00e8s plusieurs jours sous un flux tr\u00e8s doux venu du sud, on passe \u00e0 un courant continental, le fameux Moscou-Paris.\u00a0Ce ne sera pas une situation exceptionnelle, mais le contraste sera marqu\u00e9.\u00a0\u00bb<\/p><\/blockquote>\n<p>Un r\u00e9veillon froid\u2026 et quelques flocons \u00e0 Lyon<\/p>\n<p>D\u00e8s le 24 d\u00e9cembre, le vent soufflera fort, jusqu&rsquo;\u00e0 50-60 km\/h, avec 2 \u00e0 3 degr\u00e9s \u00e0 Lyon le matin et un ressenti proche de z\u00e9ro.<\/p>\n<blockquote><p>\u00ab\u00a0En soir\u00e9e, vers 22h-23h, on devrait conna\u00eetre quelques faibles chutes de neige, y compris \u00e0 Lyon. Peut-\u00eatre 1 \u00e0 2 cm, pas plus. Sur les hauteurs de la Loire ou vers Saint-\u00c9tienne, on pourrait avoir 3 \u00e0 5 cm localement\u00a0\u00bb.<\/p><\/blockquote>\n<p>Une nuit de No\u00ebl magique, mais un \u00e9pisode bref<\/p>\n<p>Cet \u00e9pisode neigeux sera court : \u00ab\u00a0La neige pourrait tenir un peu le matin de No\u00ebl, puis fondre. Le soleil reviendra progressivement, mais il fera toujours froid\u00a0\u00bb, ajoute le m\u00e9t\u00e9orologue. Les temp\u00e9ratures resteront basses toute la semaine : \u00ab\u00a0On ne d\u00e9passera pas 5\u00b0C en fin de semaine\u00a0\u00bb.<\/p>\n<p>Et apr\u00e8s ? Guillaume S\u00e9chet pr\u00e9vient :\u00a0<\/p>\n<blockquote><p>\u00ab\u00a0Ce basculement pourrait annoncer d&rsquo;autres \u00e9pisodes hivernaux d\u00e9but janvier. On n&rsquo;est pas \u00e0 l&rsquo;abri d&rsquo;une vague de froid. M\u00eame avec le r\u00e9chauffement climatique, les vagues de froid ne sont pas exclues.\u00a0\u00bb<\/p><\/blockquote>\n<p>Ce No\u00ebl pourrait \u00eatre le plus froid depuis celui de 2010. Avec les flocons attendus sur la majeure partie d&rsquo;Auvergne-Rh\u00f4ne-Alpes et notamment dans les stations de sports d&rsquo;hiver, il s&rsquo;annonce magique !\u00a0<img loading=\"lazy\" decoding=\"async\" src=\"https:\/\/www.europesays.com\/fr\/wp-content\/uploads\/2025\/12\/1766451853_303_img\" width=\"350\" height=\"200\" border=\"0\" title=\"\" tout=\"\" se=\"\" casse=\"\" le=\"\" nouvel=\"\" hymne=\"\" des=\"\" enfoir=\"\" par=\"\" santa=\"\"\/><\/p>\n<p>\u25baMusique<\/p>\n<p style=\"font-size: 22px;\"><b>Un nouvel hymne pour les Enfoir\u00e9s : \u201cTout se casse\u201d \u00e9crit par Santa !\u00a0<\/b><\/p>\n<p>Les Enfoir\u00e9s viennent tout juste de d\u00e9voiler le&#8230;<\/p>\n<p><\/p>\n","protected":false},"excerpt":{"rendered":"Apr\u00e8s un p\u00e9riode de redoux, les temp\u00e9ratures vont de nouveau chuter cette semaine, ce qui pourrait provoquer quelques&hellip;\n","protected":false},"author":2,"featured_media":616900,"comment_status":"","ping_status":"","sticky":false,"template":"","format":"standard","meta":{"footnotes":""},"categories":[1889],"tags":[72737,1111,11,2430,1777,674,65949,1011,27,2428,24017,10584,12,63629,25,9844],"class_list":{"0":"post-616899","1":"post","2":"type-post","3":"status-publish","4":"format-standard","5":"has-post-thumbnail","7":"category-lyon","8":"tag-24-dcembre","9":"tag-actu","10":"tag-actualites","11":"tag-auvergne-rhone-alpes","12":"tag-eu","13":"tag-europe","14":"tag-flocons","15":"tag-fr","16":"tag-france","17":"tag-lyon","18":"tag-mto","19":"tag-neige","20":"tag-news","21":"tag-nol","22":"tag-republique-francaise","23":"tag-rhne"},"share_on_mastodon":{"url":"https:\/\/pubeurope.com\/@fr\/115766196864346573","error":""},"_links":{"self":[{"href":"https:\/\/www.europesays.com\/fr\/wp-json\/wp\/v2\/posts\/616899","targetHints":{"allow":["GET"]}}],"collection":[{"href":"https:\/\/www.europesays.com\/fr\/wp-json\/wp\/v2\/posts"}],"about":[{"href":"https:\/\/www.europesays.com\/fr\/wp-json\/wp\/v2\/types\/post"}],"author":[{"embeddable":true,"href":"https:\/\/www.europesays.com\/fr\/wp-json\/wp\/v2\/users\/2"}],"replies":[{"embeddable":true,"href":"https:\/\/www.europesays.com\/fr\/wp-json\/wp\/v2\/comments?post=616899"}],"version-history":[{"count":0,"href":"https:\/\/www.europesays.com\/fr\/wp-json\/wp\/v2\/posts\/616899\/revisions"}],"wp:featuredmedia":[{"embeddable":true,"href":"https:\/\/www.europesays.com\/fr\/wp-json\/wp\/v2\/media\/616900"}],"wp:attachment":[{"href":"https:\/\/www.europesays.com\/fr\/wp-json\/wp\/v2\/media?parent=616899"}],"wp:term":[{"taxonomy":"category","embeddable":true,"href":"https:\/\/www.europesays.com\/fr\/wp-json\/wp\/v2\/categories?post=616899"},{"taxonomy":"post_tag","embeddable":true,"href":"https:\/\/www.europesays.com\/fr\/wp-json\/wp\/v2\/tags?post=616899"}],"curies":[{"name":"wp","href":"https:\/\/api.w.org\/{rel}","templated":true}]}}