{"id":616901,"date":"2025-12-23T01:05:22","date_gmt":"2025-12-23T01:05:22","guid":{"rendered":"https:\/\/www.europesays.com\/fr\/616901\/"},"modified":"2025-12-23T01:05:22","modified_gmt":"2025-12-23T01:05:22","slug":"lyon-tient-son-cadeau-de-noel-avec-la-pepite-bresilienne-endrick","status":"publish","type":"post","link":"https:\/\/www.europesays.com\/fr\/616901\/","title":{"rendered":"Lyon tient son cadeau de No\u00ebl avec la p\u00e9pite br\u00e9silienne Endrick"},"content":{"rendered":"<p>\n    Le jeune (19 ans) attaquant international br\u00e9silien du Real Madrid sera pr\u00eat\u00e9 \u00e0 l\u2019OL cet hiver comme le rapportent diverses sources, dont le quotidien L\u2019\u00c9quipe.<\/p>\n<p class=\"fig-paragraph\">Endrick \u00e0 l\u2019OL, \u00e7a br\u00fble\u00a0!\u00a0<a href=\"http:\/\/www.lefigaro.fr\/sports\/football\/transferts\/mercato-la-jeune-pepite-du-real-endrick-bientot-en-pret-a-l-ol-20251112\" data-fig-type=\"NewsFlash\" data-gtm-custom-categorie=\"navigation\" data-gtm-custom-action=\"crossclick\" data-gtm-custom-label=\"Contextuel\" data-gtm-event=\"customEventSPE\" data-fig-domain=\"LEFIGARO\" target=\"_blank\" rel=\"noopener\">\u00c9voqu\u00e9e depuis de longues semaines maintenant<\/a>, cette piste est en effet sur le point de se concr\u00e9tiser. Selon\u00a0<a href=\"https:\/\/www.lequipe.fr\/Football\/Actualites\/Mercato-endrick-l-international-bresilien-du-real-madrid-va-etre-prete-a-l-ol\/1628965\" target=\"_blank\" rel=\"sponsored noopener\" data-gtm-custom-categorie=\"navigation\" data-gtm-custom-action=\"crossclick\" data-gtm-custom-label=\"Contextuel\" data-gtm-event=\"customEventSPE\">L\u2019\u00c9quipe<\/a> \u00a0et plusieurs autres sources, le jeune (19 ans) attaquant international br\u00e9silien (14 s\u00e9lections, 3 buts) va rejoindre les Gones en pr\u00eat sans option d\u2019achat lors du mercato d\u2019hiver. \u00c0 en croire nos confr\u00e8res, il ne manque plus que la signature. Endrick est attendu \u00e0 la reprise de l\u2019entra\u00eenement, le 29 d\u00e9cembre, m\u00eame si sa venue ne sera officielle qu\u2019\u00e0 l\u2019ouverture du mercato, le 1er janvier. L\u2019OL devrait verser environ un million d\u2019euros, assez pour couvrir la moiti\u00e9 du salaire du joueur, en qu\u00eate de temps de jeu en vue du Mondial.<\/p>\n<p class=\"fig-paragraph\">Sous contrat jusqu\u2019en 2030 et d\u00e9bauch\u00e9 \u00e0 Palmeiras pour un peu moins de 50 M\u20ac en 2024, Endrick n\u2019a disput\u00e9 que trois matchs depuis le d\u00e9but de la saison, toutes comp\u00e9titions confondues, pour un maigre total de 99 minutes sur les terrains. Une seule titularisation \u00e0 son actif, lors de\u00a0<a href=\"http:\/\/www.lefigaro.fr\/sports\/football\/coupe-du-roi-sans-briller-le-real-madrid-rejoint-les-seiziemes-de-finale-20251217\" data-fig-type=\"NewsFlash\" data-gtm-custom-categorie=\"navigation\" data-gtm-custom-action=\"crossclick\" data-gtm-custom-label=\"Contextuel\" data-gtm-event=\"customEventSPE\" data-fig-domain=\"LEFIGARO\" target=\"_blank\" rel=\"noopener\">la r\u00e9cente victoire 3-2 contre le club de troisi\u00e8me division de Talavera de la Reina<\/a>, en Coupe du Roi. Au total, Endrick a disput\u00e9 40 matchs avec la Casa Blanca (7 buts). \u00c0 Lyon, il retrouvera Malick Fofana, qui est li\u00e9 aux m\u00eames agents (Roc Nation).<\/p>\n","protected":false},"excerpt":{"rendered":"Le jeune (19 ans) attaquant international br\u00e9silien du Real Madrid sera pr\u00eat\u00e9 \u00e0 l\u2019OL cet hiver comme le&hellip;\n","protected":false},"author":2,"featured_media":616902,"comment_status":"","ping_status":"","sticky":false,"template":"","format":"standard","meta":{"footnotes":""},"categories":[1889],"tags":[1111,11,2430,1777,674,1011,27,2428,1434,12,978,4790,25],"class_list":{"0":"post-616901","1":"post","2":"type-post","3":"status-publish","4":"format-standard","5":"has-post-thumbnail","7":"category-lyon","8":"tag-actu","9":"tag-actualites","10":"tag-auvergne-rhone-alpes","11":"tag-eu","12":"tag-europe","13":"tag-fr","14":"tag-france","15":"tag-lyon","16":"tag-mercato","17":"tag-news","18":"tag-olympique-lyonnais","19":"tag-real-madrid","20":"tag-republique-francaise"},"share_on_mastodon":{"url":"https:\/\/pubeurope.com\/@fr\/115766199767135599","error":""},"_links":{"self":[{"href":"https:\/\/www.europesays.com\/fr\/wp-json\/wp\/v2\/posts\/616901","targetHints":{"allow":["GET"]}}],"collection":[{"href":"https:\/\/www.europesays.com\/fr\/wp-json\/wp\/v2\/posts"}],"about":[{"href":"https:\/\/www.europesays.com\/fr\/wp-json\/wp\/v2\/types\/post"}],"author":[{"embeddable":true,"href":"https:\/\/www.europesays.com\/fr\/wp-json\/wp\/v2\/users\/2"}],"replies":[{"embeddable":true,"href":"https:\/\/www.europesays.com\/fr\/wp-json\/wp\/v2\/comments?post=616901"}],"version-history":[{"count":0,"href":"https:\/\/www.europesays.com\/fr\/wp-json\/wp\/v2\/posts\/616901\/revisions"}],"wp:featuredmedia":[{"embeddable":true,"href":"https:\/\/www.europesays.com\/fr\/wp-json\/wp\/v2\/media\/616902"}],"wp:attachment":[{"href":"https:\/\/www.europesays.com\/fr\/wp-json\/wp\/v2\/media?parent=616901"}],"wp:term":[{"taxonomy":"category","embeddable":true,"href":"https:\/\/www.europesays.com\/fr\/wp-json\/wp\/v2\/categories?post=616901"},{"taxonomy":"post_tag","embeddable":true,"href":"https:\/\/www.europesays.com\/fr\/wp-json\/wp\/v2\/tags?post=616901"}],"curies":[{"name":"wp","href":"https:\/\/api.w.org\/{rel}","templated":true}]}}