{"id":616907,"date":"2025-12-23T01:11:22","date_gmt":"2025-12-23T01:11:22","guid":{"rendered":"https:\/\/www.europesays.com\/fr\/616907\/"},"modified":"2025-12-23T01:11:22","modified_gmt":"2025-12-23T01:11:22","slug":"apres-la-panique-a-bord-des-passagers-du-vol-air-france-paris-ajaccio-annoncent-porter-plainte","status":"publish","type":"post","link":"https:\/\/www.europesays.com\/fr\/616907\/","title":{"rendered":"Apr\u00e8s la panique \u00e0 bord, des passagers du vol Air France Paris Ajaccio annoncent porter plainte"},"content":{"rendered":"<p>Ils ont eu la peur de leur vie. Parti samedi 20 d\u00e9cembre de l\u2019a\u00e9roport de Paris-Orly en direction d\u2019Ajaccio, <a href=\"https:\/\/www.capital.fr\/economie-politique\/air-france-un-vol-paris-ajaccio-deroute-en-urgence-l-aile-de-l-appareil-etait-en-feu-1522140\" target=\"_blank\" rel=\"noopener\">le vol AF7562<\/a> op\u00e9r\u00e9 par Air France a d\u00fb \u00eatre <strong>d\u00e9rout\u00e9 en urgence<\/strong> vers l\u2019a\u00e9roport de Lyon apr\u00e8s seulement 37 minutes de vol. En cause, un \u00abprobl\u00e8me technique\u00bb selon les explications de la compagnie a\u00e9rienne nationale. Toujours selon <a href=\"https:\/\/www.capital.fr\/economie-politique\/air-france-un-vol-a-destination-des-antilles-force-de-rebrousser-chemin-au-dessus-de-latlantique-1521326\" target=\"_blank\" rel=\"noopener\">la compagnie<\/a>, l\u2019incident survenu en vol serait li\u00e9 \u00e0 un \u00abpompage moteur\u00bb, \u00e0 savoir des bouchons d\u2019air qui se forment au sein m\u00eame du moteur de l&rsquo;<a href=\"https:\/\/www.capital.fr\/conso\/liquide-en-valise-cabine-produits-et-quantite-autorises-en-avion-1473772\" target=\"_blank\" rel=\"noopener\">avion<\/a> et qui cr\u00e9ent des vibrations, <strong>obligeant par cons\u00e9quent l\u2019\u00e9quipage \u00e0 couper le moteur de l\u2019appareil.<\/strong><\/p>\n<p>Une explication loin de satisfaire <strong>les passagers qui ont cru vivre leurs derni\u00e8res minutes<\/strong>. \u00abJ\u2019ai cru que j\u2019allais crever, j\u2019ai fait un mail d\u2019adieu \u00e0 mon mari parce que j\u2019\u00e9tais dans une angoisse folle\u00bb, a confi\u00e9 l\u2019une des passag\u00e8res. \u00abJ\u2019ai pris le t\u00e9l\u00e9phone et j\u2019ai voulu appeler mes fils\u00bb, a quant \u00e0 elle expliqu\u00e9 une autre personne pr\u00e9sente \u00e0 bord qui s\u2019est \u00abvue mourir\u00bb, rapporte <a href=\"https:\/\/www.bfmtv.com\/police-justice\/personne-ne-s-est-soucie-de-savoir-comment-on-allait-plusieurs-passagers-du-vol-paris-ajaccio-deroute-vont-porter-plainte_AV-202512220232.html?at_brand=BFMTV&amp;at_compte=BFMTV&amp;at_plateforme=twitter&amp;at_campaign=Fan_pages&amp;at_medium=Community_Management\" target=\"_blank\" rel=\"noopener\">BFMTV<\/a>.<\/p>\n<p><strong>Plusieurs passagers vont d\u00e9poser plainte<\/strong><\/p>\n<p>Alors que les h\u00f4tesses et stewards sont form\u00e9s pour r\u00e9agir \u00e0 ce type de situation en vol, plusieurs passagers n\u2019ont pas h\u00e9sit\u00e9 \u00e0 <strong>pointer du doigt la r\u00e9action d\u2019Air France et de son personnel apr\u00e8s cet incident.<\/strong> Pr\u00e9sente \u00e0 bord de l\u2019appareil, Charlotte Cesari, avocate au barreau de Marseille, a ainsi fait savoir qu\u2019<strong>elle et une dizaine d\u2019autres passagers allaient d\u00e9poser plainte contre la compagnie a\u00e9rienne<\/strong> pour \u00abmise en danger de la vie d\u2019autrui\u00bb. Comme le relate France 3, l\u2019avocate d\u00e9nonce \u00ables communiqu\u00e9s minimalistes et l\u2019absence de prise de contact avec les personnes pr\u00e9sentes pendant le vol\u00bb.<\/p>\n<p>Toujours selon les propos de Charlotte Cesari, l\u2019\u00e9quipage de l\u2019Airbus A320 aurait laiss\u00e9 les passagers avec \u00abnotre angoisse qui a dur\u00e9 trente minutes\u00bb avant de pouvoir regagner un nouvel appareil sans v\u00e9ritablement savoir ce qu\u2019il s\u2019\u00e9tait v\u00e9ritablement pass\u00e9 dans les airs. Quant \u00e0 l\u2019un des pilotes, ce dernier n\u2019aurait visiblement <strong>pas pris au s\u00e9rieux la situation<\/strong> en ironisant apr\u00e8s l\u2019atterrissage que \u00abl\u2019un des moteurs a voulu partir en vacances avant l\u2019heure\u00bb, a-t-elle expliqu\u00e9.<\/p>\n","protected":false},"excerpt":{"rendered":"Ils ont eu la peur de leur vie. Parti samedi 20 d\u00e9cembre de l\u2019a\u00e9roport de Paris-Orly en direction&hellip;\n","protected":false},"author":2,"featured_media":616908,"comment_status":"","ping_status":"","sticky":false,"template":"","format":"standard","meta":{"footnotes":""},"categories":[1888],"tags":[1111,1928,11,1927,1816,37,1777,674,1011,27,35535,12,1926,626,1925,25],"class_list":{"0":"post-616907","1":"post","2":"type-post","3":"status-publish","4":"format-standard","5":"has-post-thumbnail","7":"category-paris","8":"tag-actu","9":"tag-actu-paris","10":"tag-actualites","11":"tag-actualites-paris","12":"tag-air-france","13":"tag-avion","14":"tag-eu","15":"tag-europe","16":"tag-fr","17":"tag-france","18":"tag-incident","19":"tag-news","20":"tag-news-paris","21":"tag-paris","22":"tag-paris-news","23":"tag-republique-francaise"},"share_on_mastodon":{"url":"https:\/\/pubeurope.com\/@fr\/115766223478661460","error":""},"_links":{"self":[{"href":"https:\/\/www.europesays.com\/fr\/wp-json\/wp\/v2\/posts\/616907","targetHints":{"allow":["GET"]}}],"collection":[{"href":"https:\/\/www.europesays.com\/fr\/wp-json\/wp\/v2\/posts"}],"about":[{"href":"https:\/\/www.europesays.com\/fr\/wp-json\/wp\/v2\/types\/post"}],"author":[{"embeddable":true,"href":"https:\/\/www.europesays.com\/fr\/wp-json\/wp\/v2\/users\/2"}],"replies":[{"embeddable":true,"href":"https:\/\/www.europesays.com\/fr\/wp-json\/wp\/v2\/comments?post=616907"}],"version-history":[{"count":0,"href":"https:\/\/www.europesays.com\/fr\/wp-json\/wp\/v2\/posts\/616907\/revisions"}],"wp:featuredmedia":[{"embeddable":true,"href":"https:\/\/www.europesays.com\/fr\/wp-json\/wp\/v2\/media\/616908"}],"wp:attachment":[{"href":"https:\/\/www.europesays.com\/fr\/wp-json\/wp\/v2\/media?parent=616907"}],"wp:term":[{"taxonomy":"category","embeddable":true,"href":"https:\/\/www.europesays.com\/fr\/wp-json\/wp\/v2\/categories?post=616907"},{"taxonomy":"post_tag","embeddable":true,"href":"https:\/\/www.europesays.com\/fr\/wp-json\/wp\/v2\/tags?post=616907"}],"curies":[{"name":"wp","href":"https:\/\/api.w.org\/{rel}","templated":true}]}}