{"id":616909,"date":"2025-12-23T01:12:16","date_gmt":"2025-12-23T01:12:16","guid":{"rendered":"https:\/\/www.europesays.com\/fr\/616909\/"},"modified":"2025-12-23T01:12:16","modified_gmt":"2025-12-23T01:12:16","slug":"aurelien-lehmann-quartet-presente-soul-feet-au-sunset-sunside-le-30-decembre","status":"publish","type":"post","link":"https:\/\/www.europesays.com\/fr\/616909\/","title":{"rendered":"Aur\u00e9lien Lehmann Quartet pr\u00e9sente \u201cSoul feet\u201d au Sunset Sunside le 30 d\u00e9cembre !"},"content":{"rendered":"<p><strong>Le danseur percussionniste Aur\u00e9lien Lehmann s\u2019entoure de trois musiciens d\u2019exception pour un concert virtuose et flamboyant de tap dance jazz, entre tradition et modernit\u00e9, dans les pas des l\u00e9gendes du jazz\u00a0 (Oscar Peterson, Michel Petrucciani, Jason Moran\u2026).<\/strong><\/p>\n<p>Compositions originales, jazz contemporain et improvisations compl\u00e8tent ce programme riche et intense en \u00e9motions. Une exp\u00e9rience musicale hors du commun, qui transcende la fronti\u00e8re entre musique et danse, pour tous les amateurs de jazz, de danse et de sensations fortes !<\/p>\n<p><strong>La presse en parle :<\/strong><\/p>\n<p>\u201cUn tap dancer de g\u00e9nie\u201d \u2013 C8<br \/>\u201cUn virtuose des claquettes\u201d \u2013 TV5 MONDE<br \/>\u201cLe Fred Astaire fran\u00e7ais\u201d \u2013 TF1<\/p>\n<p>[Source : communiqu\u00e9 de presse]<\/p>\n<p><a href=\"https:\/\/www.clubartistikrezo.com\/\" target=\"_blank\" rel=\"noopener\"><b>\u00c9v\u00e9nement partenaire du Club Artistik Rezo<\/b><\/a><\/p>\n","protected":false},"excerpt":{"rendered":"Le danseur percussionniste Aur\u00e9lien Lehmann s\u2019entoure de trois musiciens d\u2019exception pour un concert virtuose et flamboyant de tap&hellip;\n","protected":false},"author":2,"featured_media":616910,"comment_status":"","ping_status":"","sticky":false,"template":"","format":"standard","meta":{"footnotes":""},"categories":[1888],"tags":[1111,11,1697,1777,674,1011,27,12,626,25,72739],"class_list":{"0":"post-616909","1":"post","2":"type-post","3":"status-publish","4":"format-standard","5":"has-post-thumbnail","7":"category-paris","8":"tag-actu","9":"tag-actualites","10":"tag-concert","11":"tag-eu","12":"tag-europe","13":"tag-fr","14":"tag-france","15":"tag-news","16":"tag-paris","17":"tag-republique-francaise","18":"tag-tap-dance-jazz"},"share_on_mastodon":{"url":"https:\/\/pubeurope.com\/@fr\/115766227440314347","error":""},"_links":{"self":[{"href":"https:\/\/www.europesays.com\/fr\/wp-json\/wp\/v2\/posts\/616909","targetHints":{"allow":["GET"]}}],"collection":[{"href":"https:\/\/www.europesays.com\/fr\/wp-json\/wp\/v2\/posts"}],"about":[{"href":"https:\/\/www.europesays.com\/fr\/wp-json\/wp\/v2\/types\/post"}],"author":[{"embeddable":true,"href":"https:\/\/www.europesays.com\/fr\/wp-json\/wp\/v2\/users\/2"}],"replies":[{"embeddable":true,"href":"https:\/\/www.europesays.com\/fr\/wp-json\/wp\/v2\/comments?post=616909"}],"version-history":[{"count":0,"href":"https:\/\/www.europesays.com\/fr\/wp-json\/wp\/v2\/posts\/616909\/revisions"}],"wp:featuredmedia":[{"embeddable":true,"href":"https:\/\/www.europesays.com\/fr\/wp-json\/wp\/v2\/media\/616910"}],"wp:attachment":[{"href":"https:\/\/www.europesays.com\/fr\/wp-json\/wp\/v2\/media?parent=616909"}],"wp:term":[{"taxonomy":"category","embeddable":true,"href":"https:\/\/www.europesays.com\/fr\/wp-json\/wp\/v2\/categories?post=616909"},{"taxonomy":"post_tag","embeddable":true,"href":"https:\/\/www.europesays.com\/fr\/wp-json\/wp\/v2\/tags?post=616909"}],"curies":[{"name":"wp","href":"https:\/\/api.w.org\/{rel}","templated":true}]}}