{"id":616911,"date":"2025-12-23T01:13:16","date_gmt":"2025-12-23T01:13:16","guid":{"rendered":"https:\/\/www.europesays.com\/fr\/616911\/"},"modified":"2025-12-23T01:13:16","modified_gmt":"2025-12-23T01:13:16","slug":"previsions-du-mardi-23-decembre-2025-4","status":"publish","type":"post","link":"https:\/\/www.europesays.com\/fr\/616911\/","title":{"rendered":"pr\u00e9visions du mardi 23 d\u00e9cembre 2025"},"content":{"rendered":"<p>Aujourd&rsquo;hui, un grand soleil brillera sur Paris. Les temp\u00e9ratures avoisineront les 6\u00b0C. Un petit vent de nord-est soufflera. Les Parisiens vont avoir froid le matin : les temp\u00e9ratures ne vont pas d\u00e9passer 7\u00b0C. Il fera environ 6\u00b0C. Les valeurs seront de 6\u00b0C au minimum et de 8\u00b0C au maximum l&rsquo;apr\u00e8s-midi. On annonce une embellie pour cette soir\u00e9e. Les temp\u00e9ratures afficheront entre 5 et 6\u00b0C. Durant la nuit de mardi \u00e0 mercredi, le ciel sera d\u00e9pourvu de nuages.<\/p>\n<p>Demain, le soleil va progressivement prendre la place des nuages \u00e0 Paris. Le mercure va baisser de quelques degr\u00e9s. Le mercure affichera 2\u00b0C en moyenne. Un vent de nord-est soufflera \u00e0 23 km\/h. Les Parisiens vont avoir froid le matin : les temp\u00e9ratures ne vont pas d\u00e9passer 5\u00b0C. Les valeurs seront comprises entre 2 et 5\u00b0C. Les Parisiens vont avoir froid demain apr\u00e8s-midi : les temp\u00e9ratures ne vont pas d\u00e9passer 3\u00b0C. Les maximales iront jusqu&rsquo;\u00e0 3\u00b0C et les minimales seront de 1\u00b0C. Des \u00e9claircies sont pr\u00e9vues : on passera une soir\u00e9e agr\u00e9able.<\/p>\n<p>Pour les prochains jours, le temps ne bougera pas. Il fera 0\u00b0C en moyenne pour des journ\u00e9es avec un ciel ensoleill\u00e9.<\/p>\n<p><\/p>\n","protected":false},"excerpt":{"rendered":"Aujourd&rsquo;hui, un grand soleil brillera sur Paris. Les temp\u00e9ratures avoisineront les 6\u00b0C. Un petit vent de nord-est soufflera.&hellip;\n","protected":false},"author":2,"featured_media":616912,"comment_status":"","ping_status":"","sticky":false,"template":"","format":"standard","meta":{"footnotes":""},"categories":[1888],"tags":[11,1777,674,1011,27,12,626,2119,25],"class_list":{"0":"post-616911","1":"post","2":"type-post","3":"status-publish","4":"format-standard","5":"has-post-thumbnail","7":"category-paris","8":"tag-actualites","9":"tag-eu","10":"tag-europe","11":"tag-fr","12":"tag-france","13":"tag-news","14":"tag-paris","15":"tag-previsions-meteo","16":"tag-republique-francaise"},"share_on_mastodon":{"url":"https:\/\/pubeurope.com\/@fr\/115766231657757923","error":""},"_links":{"self":[{"href":"https:\/\/www.europesays.com\/fr\/wp-json\/wp\/v2\/posts\/616911","targetHints":{"allow":["GET"]}}],"collection":[{"href":"https:\/\/www.europesays.com\/fr\/wp-json\/wp\/v2\/posts"}],"about":[{"href":"https:\/\/www.europesays.com\/fr\/wp-json\/wp\/v2\/types\/post"}],"author":[{"embeddable":true,"href":"https:\/\/www.europesays.com\/fr\/wp-json\/wp\/v2\/users\/2"}],"replies":[{"embeddable":true,"href":"https:\/\/www.europesays.com\/fr\/wp-json\/wp\/v2\/comments?post=616911"}],"version-history":[{"count":0,"href":"https:\/\/www.europesays.com\/fr\/wp-json\/wp\/v2\/posts\/616911\/revisions"}],"wp:featuredmedia":[{"embeddable":true,"href":"https:\/\/www.europesays.com\/fr\/wp-json\/wp\/v2\/media\/616912"}],"wp:attachment":[{"href":"https:\/\/www.europesays.com\/fr\/wp-json\/wp\/v2\/media?parent=616911"}],"wp:term":[{"taxonomy":"category","embeddable":true,"href":"https:\/\/www.europesays.com\/fr\/wp-json\/wp\/v2\/categories?post=616911"},{"taxonomy":"post_tag","embeddable":true,"href":"https:\/\/www.europesays.com\/fr\/wp-json\/wp\/v2\/tags?post=616911"}],"curies":[{"name":"wp","href":"https:\/\/api.w.org\/{rel}","templated":true}]}}