{"id":616913,"date":"2025-12-23T01:14:15","date_gmt":"2025-12-23T01:14:15","guid":{"rendered":"https:\/\/www.europesays.com\/fr\/616913\/"},"modified":"2025-12-23T01:14:15","modified_gmt":"2025-12-23T01:14:15","slug":"largentine-refuge-pour-la-communaute-lgbtq-russe-reportage-international","status":"publish","type":"post","link":"https:\/\/www.europesays.com\/fr\/616913\/","title":{"rendered":"L&rsquo;Argentine, refuge pour la communaut\u00e9 LGBTQ+ russe &#8211; Reportage international"},"content":{"rendered":"<p>\n                                                Direction l\u2019Argentine, qui s\u2019est convertie ces derni\u00e8res ann\u00e9es en refuge pour la communaut\u00e9 LGBTQ+ russe. Ces derni\u00e8res ann\u00e9es, Vladimir Poutine a men\u00e9 une r\u00e9pression de plus en plus s\u00e9v\u00e8re contre les droits de cette communaut\u00e9, et elle s&rsquo;est acc\u00e9l\u00e9r\u00e9e depuis l\u2019invasion de l\u2019Ukraine. En 2023, la Russie a plac\u00e9 le \u00ab mouvement international LGBT \u00bb sur sa liste des personnes d\u00e9clar\u00e9es \u00ab terroristes et extr\u00e9mistes \u00bb. \u00c0 l\u2019autre bout du monde, l\u2019Argentine offre \u00e0 des milliers de Russes un lieu o\u00f9 ils peuvent \u00eatre eux-m\u00eames sans craindre d&rsquo;\u00eatre jug\u00e9s, agress\u00e9s, ou emprisonn\u00e9s. \u00c0 Buenos Aires, le reportage de notre correspondant.\u00a0                    <\/p>\n<p>Iana Kostinskaia se souvient tr\u00e8s bien de sa surprise la premi\u00e8re fois qu\u2019elle a vu un couple homosexuel s\u2019embrasser dans la rue \u00e0 Buenos Aires. Deux ans apr\u00e8s avoir quitt\u00e9 Moscou pour l\u2019<a href=\"https:\/\/www.rfi.fr\/fr\/tag\/argentine\/\" target=\"_self\" rel=\"noopener\"><strong>Argentine<\/strong><\/a> avec sa compagne Eli, la jeune femme de 29 ans continue d\u2019apprendre \u00e0 vivre son amour au grand jour.\u00a0<\/p>\n<p>\u00ab J\u2019aime beaucoup sortir avec ma femme, la prendre par la main et l\u2019embrasser, et que cela ne soit pas un probl\u00e8me. Parfois j\u2019ai un peu peur, puis je me rappelle que maintenant, tout va bien. Je ne vois pas comment je pourrais avoir la m\u00eame vie en Russie \u00bb, raconte Iana.<\/p>\n<p>Ces derni\u00e8res ann\u00e9es, Vladimir Poutine a accentu\u00e9 sa pers\u00e9cution contre les minorit\u00e9s sexuelles. En 2023, la Cour supr\u00eame russe a class\u00e9 le mouvement <a href=\"https:\/\/www.rfi.fr\/fr\/tag\/lgbt\/\" target=\"_self\" rel=\"noopener\"><strong>LGBT<\/strong><\/a> comme \u00ab\u00a0organisation extr\u00e9miste \u00bb, au m\u00eame titre que l&rsquo;<a href=\"https:\/\/www.rfi.fr\/fr\/tag\/ei\/\" target=\"_self\" rel=\"noopener\"><strong>\u00c9tat islamique<\/strong><\/a>.<\/p>\n<p>Mariano Ruiz est le directeur de l\u2019ONG Droits humain &amp; diversit\u00e9, qui accompagne des centaines de r\u00e9fugi\u00e9s LGBT russes en Argentine chaque ann\u00e9e.\u00a0\u00ab Ces vingt derni\u00e8res ann\u00e9es, l\u2019Argentine a \u00e9t\u00e9 un pays pionnier dans la r\u00e9gion. C\u2019est deuxi\u00e8me pays des Am\u00e9riques \u00e0 avoir l\u00e9galis\u00e9 le mariage homosexuel en 2010 apr\u00e8s le Canada \u00bb, pr\u00e9cise-t-il.<\/p>\n<p class=\"a-read-more\">\u00c0 lire aussi<a href=\"https:\/\/www.rfi.fr\/fr\/podcasts\/reportage-international\/20230901-lgbt-en-russie-j-ai-le-sentiment-de-vivre-perp\u00e9tuellement-avec-une-guillotine-au-dessus-de-la-t\u00eate\" target=\"_self\" class=\"a-read-more__link\" rel=\"noopener\">LGBT+ en Russie: \u00abJ\u2019ai le sentiment de vivre perp\u00e9tuellement avec une guillotine au-dessus de la t\u00eate\u00bb<\/a><\/p>\n<p>En Argentine, le statut de r\u00e9fugi\u00e9 est par ailleurs plus facile \u00e0 obtenir qu\u2019en <a href=\"https:\/\/www.rfi.fr\/fr\/tag\/union-europ\u00e9enne\/\" target=\"_self\" rel=\"noopener\"><strong>Europe<\/strong><\/a> ou aux <a href=\"https:\/\/www.rfi.fr\/fr\/tag\/\u00e9tats-unis\/\" target=\"_self\" rel=\"noopener\"><strong>\u00c9tats-Unis<\/strong><\/a>. Et le pays sud-am\u00e9ricain a aussi d\u2019autres atouts \u00e0 faire valoir.\u00a0\u00ab Moi, je suis venu ici pour \u00e9tudier, explique Vladimir Zikeev, arriv\u00e9 de Moscou il y a 18 mois. Lunettes rectangulaires, visage juv\u00e9nile, cet \u00e9tudiant en langues explique que c\u2019est l\u2019universit\u00e9 publique et gratuite argentine qui l\u2019a convaincu de jeter son d\u00e9volu sur ce pays. \u00ab J\u2019ai trouv\u00e9 quelque chose \u00e0 faire pour ne pas seulement \u00eatre en fuite. Chercher ma place, mais en faisant quelque chose \u00bb, poursuit-il.<\/p>\n<p>Vitalii Panferov est arriv\u00e9 \u00e0 Buenos Aires d\u00e9but 2023. Quelques mois plus tard, il a \u00e9t\u00e9 diagnostiqu\u00e9 s\u00e9ropositif.\u00a0\u00ab Je n\u2019avais aucune assurance. Mais jusqu\u2019\u00e0 pr\u00e9sent je re\u00e7ois mon traitement gratuitement, car en Argentine il y a un syst\u00e8me de sant\u00e9 publique\u00a0\u00bb,\u00a0<\/p>\n<p>L\u2019acc\u00e8s des \u00e9trangers \u00e0 l\u2019universit\u00e9 et au syst\u00e8me de sant\u00e9 publique est aujourd\u2019hui remis en cause par Javier Milei, qui a aussi durci les conditions pour obtenir le statut de r\u00e9fugi\u00e9. Le pr\u00e9sident argentin s\u2019est par ailleurs lanc\u00e9 dans une bataille culturelle contre le \u00ab wokisme \u00bb, qui n\u2019est pas sans rappeler la rh\u00e9torique de <a href=\"https:\/\/www.rfi.fr\/fr\/tag\/vladimir-poutine\/\" target=\"_self\" rel=\"noopener\"><strong>Vladimir Poutine<\/strong><\/a> sur la d\u00e9cadence morale de l\u2019Occident. \u00ab J\u2019esp\u00e8re que ce qui s\u2019est pass\u00e9 en Russie ne va pas se reproduire ici \u00bb, s&rsquo;inqui\u00e8te Vitalii.<\/p>\n<p>D\u00e9but 2025, Vitalii s\u2019est joint aux centaines de milliers d\u2019Argentins qui sont descendus dans les rues pour protester contre une saillie homophobe de Javier Milei.\u00a0\u00ab Ce que j\u2019aime le plus en Argentine,\u00a0c\u2019est que je peux \u00eatre moi-m\u00eame et m\u2019exprimer.\u00a0Et \u00e7a, conclut-il, je ne veux pas le perdre. \u00bb<\/p>\n<p class=\"a-read-more\">\u00c0 lire aussi<a href=\"https:\/\/www.rfi.fr\/fr\/europe\/20250801-russie-vladimir-poutine-promulgue-la-loi-renfor\u00e7ant-la-censure-et-la-surveillance-sur-internet\" target=\"_self\" class=\"a-read-more__link\" rel=\"noopener\">Russie: Vladimir Poutine promulgue la loi renfor\u00e7ant la censure et la surveillance sur internet<\/a><\/p>\n","protected":false},"excerpt":{"rendered":"Direction l\u2019Argentine, qui s\u2019est convertie ces derni\u00e8res ann\u00e9es en refuge pour la communaut\u00e9 LGBTQ+ russe. Ces derni\u00e8res ann\u00e9es,&hellip;\n","protected":false},"author":2,"featured_media":616914,"comment_status":"","ping_status":"","sticky":false,"template":"","format":"standard","meta":{"footnotes":""},"categories":[1591],"tags":[11,782,6715,1887,24969,12,2436,1885,1886,132],"class_list":{"0":"post-616913","1":"post","2":"type-post","3":"status-publish","4":"format-standard","5":"has-post-thumbnail","7":"category-russie","8":"tag-actualites","9":"tag-ameriques","10":"tag-argentine","11":"tag-federation-de-russie","12":"tag-lgbtq","13":"tag-news","14":"tag-reportage-international","15":"tag-russia","16":"tag-russian-federation","17":"tag-russie"},"share_on_mastodon":{"url":"https:\/\/pubeurope.com\/@fr\/115766236181850514","error":""},"_links":{"self":[{"href":"https:\/\/www.europesays.com\/fr\/wp-json\/wp\/v2\/posts\/616913","targetHints":{"allow":["GET"]}}],"collection":[{"href":"https:\/\/www.europesays.com\/fr\/wp-json\/wp\/v2\/posts"}],"about":[{"href":"https:\/\/www.europesays.com\/fr\/wp-json\/wp\/v2\/types\/post"}],"author":[{"embeddable":true,"href":"https:\/\/www.europesays.com\/fr\/wp-json\/wp\/v2\/users\/2"}],"replies":[{"embeddable":true,"href":"https:\/\/www.europesays.com\/fr\/wp-json\/wp\/v2\/comments?post=616913"}],"version-history":[{"count":0,"href":"https:\/\/www.europesays.com\/fr\/wp-json\/wp\/v2\/posts\/616913\/revisions"}],"wp:featuredmedia":[{"embeddable":true,"href":"https:\/\/www.europesays.com\/fr\/wp-json\/wp\/v2\/media\/616914"}],"wp:attachment":[{"href":"https:\/\/www.europesays.com\/fr\/wp-json\/wp\/v2\/media?parent=616913"}],"wp:term":[{"taxonomy":"category","embeddable":true,"href":"https:\/\/www.europesays.com\/fr\/wp-json\/wp\/v2\/categories?post=616913"},{"taxonomy":"post_tag","embeddable":true,"href":"https:\/\/www.europesays.com\/fr\/wp-json\/wp\/v2\/tags?post=616913"}],"curies":[{"name":"wp","href":"https:\/\/api.w.org\/{rel}","templated":true}]}}