{"id":616926,"date":"2025-12-23T01:21:23","date_gmt":"2025-12-23T01:21:23","guid":{"rendered":"https:\/\/www.europesays.com\/fr\/616926\/"},"modified":"2025-12-23T01:21:23","modified_gmt":"2025-12-23T01:21:23","slug":"incendie-maitrise-4-blesses-dont-des-graves","status":"publish","type":"post","link":"https:\/\/www.europesays.com\/fr\/616926\/","title":{"rendered":"Incendie ma\u00eetris\u00e9, 4 bless\u00e9s dont des graves"},"content":{"rendered":"<p>L&rsquo;incendie cons\u00e9cutif \u00e0 une explosion qui a fait quatre bless\u00e9s, dont au moins deux graves, lundi dans l&rsquo;usine chimique Elkem Silicones \u00e0 Saint-Fons, pr\u00e8s de Lyon, est \u00ab\u2009ma\u00eetris\u00e9\u2009\u00bb, a annonc\u00e9 en d\u00e9but de soir\u00e9e la pr\u00e9f\u00e8te du Rh\u00f4ne.<\/p>\n<p>Fabienne Buccio a \u00e9galement indiqu\u00e9 sur X le r\u00e9tablissement de la circulation dans les deux sens de l&rsquo;autoroute A7, ainsi que celle des trains et aussi des bateaux sur le Rh\u00f4ne. Le confinement des populations dans la zone a \u00e9galement \u00e9t\u00e9 lev\u00e9.<\/p>\n<p>\u00ab\u2009Nous avons pris toutes les pr\u00e9cautions pour s&rsquo;assurer qu&rsquo;il n&rsquo;y avait pas de risque d&rsquo;explosion \u00e0 nouveau\u2009\u00bb, et \u00ab\u2009tous les relev\u00e9s qu&rsquo;on a faits d\u00e9montrent qu&rsquo;il n&rsquo;y a pas de toxicit\u00e9\u2009\u00bb, a pr\u00e9cis\u00e9 \u00e0 la presse sur place le pr\u00e9fet d\u00e9l\u00e9gu\u00e9 \u00e0 la s\u00e9curit\u00e9 Antoine Gu\u00e9rin.<\/p>\n<p>La d\u00e9flagration a souffl\u00e9 un b\u00e2timent de 600 m\u00b2 au sein du complexe Elkem Silicones, fleuron industriel sp\u00e9cialis\u00e9 dans les mat\u00e9riaux \u00e0 base de silicone. Class\u00e9 Seveso \u00ab seuil haut \u00bb, l&rsquo;\u00e9tablissement est soumis \u00e0 une r\u00e9glementation drastique en raison de la pr\u00e9sence de substances dangereuses en quantit\u00e9s significatives. Ce statut impose des \u00e9tudes de dangers permanentes et des protocoles d&rsquo;urgence pr\u00e9\u00e9tablis, activ\u00e9s instantan\u00e9ment par la pr\u00e9fecture et les services de secours d\u00e8s la d\u00e9tection du sinistre.<\/p>\n<p>L&rsquo;origine de l&rsquo;accident est attribu\u00e9e \u00e0 l&rsquo;hydrog\u00e8ne, un gaz r\u00e9actif utilis\u00e9 comme gaz de proc\u00e9d\u00e9, caract\u00e9ris\u00e9 par une volatilit\u00e9 extr\u00eame et une forte explosivit\u00e9 au contact de l&rsquo;air. Une d\u00e9faillance de ventilation, un d\u00e9faut de confinement ou une perte de contr\u00f4le de la pression suffit \u00e0 provoquer une fuite inflammable au moindre contact avec une \u00e9tincelle. L&rsquo;explosion a g\u00e9n\u00e9r\u00e9 un incendie violent au c\u0153ur du site, mobilisant des moyens sp\u00e9cialis\u00e9s pour contenir le foyer thermique.<\/p>\n<p>Bilan humain lourd\u00a0: quatre salari\u00e9s touch\u00e9s en laboratoire&#13;\n<\/p>\n<p>Le bilan fait \u00e9tat de quatre victimes, toutes employ\u00e9es par l&rsquo;industriel. Trois d&rsquo;entre elles se trouvent dans un \u00e9tat grave. L&rsquo;accident s&rsquo;est produit dans un laboratoire et un atelier de formulation, des zones qui concentrent des manipulations techniques manuelles \u00e0 proximit\u00e9 imm\u00e9diate des r\u00e9acteurs. Contrairement aux unit\u00e9s de production automatis\u00e9es, ces espaces exigent une pr\u00e9sence humaine continue, exposant directement le personnel en cas de rupture des barri\u00e8res de s\u00e9curit\u00e9 technologiques.<\/p>\n<p>Pour contrer le risque d&rsquo;effet domino \u2014 une propagation de l&rsquo;incendie aux unit\u00e9s voisines dans une zone \u00e0 forte densit\u00e9 industrielle \u2014 le Service d\u00e9partemental et m\u00e9tropolitain d&rsquo;Incendie et de secours (SDMIS 69) a d\u00e9ploy\u00e9 une centaine de sapeurs-pompiers et une trentaine d&rsquo;engins. Un p\u00e9rim\u00e8tre de s\u00e9curit\u00e9 de 1\u00a0000 m\u00e8tres a \u00e9t\u00e9 instaur\u00e9 par la Police\u00a0nationale. Cons\u00e9quence directe pour la mobilit\u00e9 r\u00e9gionale\u00a0: l&rsquo;autoroute A7 a \u00e9t\u00e9 coup\u00e9e dans les deux sens, tout comme les voies ferr\u00e9es et le trafic fluvial, afin de s\u00e9curiser les abords du site.<\/p>\n<p>Activation du plan Orsec et absence de toxicit\u00e9 imm\u00e9diate&#13;\n<\/p>\n<p>Le Pr\u00e9fet d\u00e9l\u00e9gu\u00e9 pour la d\u00e9fense et la s\u00e9curit\u00e9 a activ\u00e9 le centre op\u00e9rationnel d\u00e9partemental et d\u00e9clench\u00e9 le plan Orsec (Organisation de la r\u00e9ponse de s\u00e9curit\u00e9 civile). Ce dispositif permet de coordonner les forces de l&rsquo;ordre, les services de sant\u00e9 et le poste de commandement op\u00e9rationnel install\u00e9 sur place avec le maire de Saint-Fons. Si les autorit\u00e9s ont appel\u00e9 les populations \u00e0 \u00e9viter le secteur par mesure de prudence, la pr\u00e9fecture pr\u00e9cise qu&rsquo;aucun risque de toxicit\u00e9 pour la population n&rsquo;est identifi\u00e9 \u00e0 cet instant.<\/p>\n<p>Cette nouvelle explosion ravive les inqui\u00e9tudes sur la coexistence entre une activit\u00e9 chimique de haute intensit\u00e9 et l&rsquo;urbanisation croissante de la m\u00e9tropole lyonnaise. La gestion de l&rsquo;eau d&rsquo;extinction et le contr\u00f4le de la qualit\u00e9 de l&rsquo;air restent sous surveillance pour \u00e9carter toute pollution environnementale durable. Cet \u00e9v\u00e9nement replace la fiabilit\u00e9 des installations et la transparence de l&rsquo;information au centre des enjeux pour les d\u00e9cideurs locaux et les riverains de la Vall\u00e9e de la chimie.<\/p>\n","protected":false},"excerpt":{"rendered":"L&rsquo;incendie cons\u00e9cutif \u00e0 une explosion qui a fait quatre bless\u00e9s, dont au moins deux graves, lundi dans l&rsquo;usine&hellip;\n","protected":false},"author":2,"featured_media":616927,"comment_status":"","ping_status":"","sticky":false,"template":"","format":"standard","meta":{"footnotes":""},"categories":[2],"tags":[17,11,3542,72741,57853,2688,1011,27,1310,61671,2428,39153,12,25,72743,72742],"class_list":{"0":"post-616926","1":"post","2":"type-post","3":"status-publish","4":"format-standard","5":"has-post-thumbnail","7":"category-actualites","8":"tag-17","9":"tag-actualites","10":"tag-circulation","11":"tag-elkem","12":"tag-energie-et-industrie","13":"tag-explosion","14":"tag-fr","15":"tag-france","16":"tag-incendie","17":"tag-lusine","18":"tag-lyon","19":"tag-maitrise","20":"tag-news","21":"tag-republique-francaise","22":"tag-retablie","23":"tag-silicones"},"share_on_mastodon":{"url":"https:\/\/pubeurope.com\/@fr\/115766262776372079","error":""},"_links":{"self":[{"href":"https:\/\/www.europesays.com\/fr\/wp-json\/wp\/v2\/posts\/616926","targetHints":{"allow":["GET"]}}],"collection":[{"href":"https:\/\/www.europesays.com\/fr\/wp-json\/wp\/v2\/posts"}],"about":[{"href":"https:\/\/www.europesays.com\/fr\/wp-json\/wp\/v2\/types\/post"}],"author":[{"embeddable":true,"href":"https:\/\/www.europesays.com\/fr\/wp-json\/wp\/v2\/users\/2"}],"replies":[{"embeddable":true,"href":"https:\/\/www.europesays.com\/fr\/wp-json\/wp\/v2\/comments?post=616926"}],"version-history":[{"count":0,"href":"https:\/\/www.europesays.com\/fr\/wp-json\/wp\/v2\/posts\/616926\/revisions"}],"wp:featuredmedia":[{"embeddable":true,"href":"https:\/\/www.europesays.com\/fr\/wp-json\/wp\/v2\/media\/616927"}],"wp:attachment":[{"href":"https:\/\/www.europesays.com\/fr\/wp-json\/wp\/v2\/media?parent=616926"}],"wp:term":[{"taxonomy":"category","embeddable":true,"href":"https:\/\/www.europesays.com\/fr\/wp-json\/wp\/v2\/categories?post=616926"},{"taxonomy":"post_tag","embeddable":true,"href":"https:\/\/www.europesays.com\/fr\/wp-json\/wp\/v2\/tags?post=616926"}],"curies":[{"name":"wp","href":"https:\/\/api.w.org\/{rel}","templated":true}]}}