{"id":616936,"date":"2025-12-23T01:32:23","date_gmt":"2025-12-23T01:32:23","guid":{"rendered":"https:\/\/www.europesays.com\/fr\/616936\/"},"modified":"2025-12-23T01:32:23","modified_gmt":"2025-12-23T01:32:23","slug":"challenge-dv-junior-le-grimpeur-devant-le-sprinteur-actualite","status":"publish","type":"post","link":"https:\/\/www.europesays.com\/fr\/616936\/","title":{"rendered":"Challenge DV Junior : Le grimpeur devant le sprinteur &#8211; Actualit\u00e9"},"content":{"rendered":"<p style=\"text-align: justify;\">La 11e \u00e9dition du Challenge DV Junior a consacr\u00e9 <strong><a href=\"https:\/\/www.directvelo.com\/coureur\/47523\/johan-blanc\" target=\"_blank\" rel=\"noopener\">Johan Blanc<\/a><\/strong>. Le grimpeur du VC Rodez s&rsquo;est impos\u00e9 au bout de la saison mais il a d\u00fb repousser les assauts de plusieurs coureurs. Le repr\u00e9sentant de Groupama-FDJ Junior a pris la t\u00eate apr\u00e8s <a href=\"https:\/\/www.directvelo.com\/actualite\/120721\/challenge-dv-junior-la-paix-sacre-johan-blanc\" target=\"_blank\" rel=\"noopener\"><strong>la Course de la Paix qu&rsquo;il a termin\u00e9 \u00e0 la 6e place<\/strong><\/a>. Il a alors d\u00e9tr\u00f4n\u00e9 Luc Royer (VC Pays de Loud\u00e9ac) le leader du d\u00e9but de saison.\u00a0<\/p>\n<p style=\"text-align: justify;\">Johan Blanc compte quatre victoires au niveau international avec le Tour du Carmausin S\u00e9gala, une \u00e9tape de la Gipuzkoa Klasika au Pays Basque et deux \u00e9tapes du Tour de la Lunigiana avant le Championnat du Monde. Le classement g\u00e9n\u00e9ral du Tour de la Vall\u00e9e de la Trambouze, plus une \u00e9tape, compl\u00e8tent son palmar\u00e8s. Mais son titre de gloire de cette saison, c&rsquo;est sa m\u00e9daille d&rsquo;argent \u00e0 Kigali, pour le Championnat du Monde Junior. C&rsquo;est donc sur les parcours escarp\u00e9s et difficiles que le 2e de la Classique des Alpes Juniors et le 4e de l&rsquo;\u00e9tape reine de la Course de la Paix a fait la diff\u00e9rence cette ann\u00e9e.<\/p>\n<p>Johan Blanc a tenu le manche jusqu&rsquo;\u00e0 la fin, sauf deux semaines durant o\u00f9 Alexis Bouteloup lui a ravi la t\u00eate du Challenge DV Junior. Avant le coureur du Team Avesnois, deux autres coureurs ont menac\u00e9 sa position de leader. D&rsquo;abord Yann Dubois. Le coureur d&rsquo;Argenteuil Val de Seine Cyclisme 2e d&rsquo;Arguenon-Vall\u00e9e Verte (F\u00e9d\u00e9rale Juniors), puis 7e de la Classique des Alpes (1.1) et 2e d&rsquo;\u00c0 Travers le Beaujolais (F\u00e9d\u00e9rale Juniors). Puis ce fut Gabin Gicquel. Le soci\u00e9taire de l&rsquo;OC Locmin\u00e9 est revenu sur les talons de Johan Blanc <a href=\"https:\/\/www.directvelo.com\/actualite\/122477\/3-victoires-2-doubles-et-1-triple-pour-gabin-gicquel\" target=\"_blank\" rel=\"noopener\"><strong>apr\u00e8s sa victoire au Tour de l&rsquo;Abitibi en Coupe des Nations<\/strong><\/a>.<\/p>\n<p><strong>LE POIDS DE L&rsquo;ARGENT DE KIGALI<\/strong><\/p>\n<p>Mais c&rsquo;est donc <strong><a href=\"https:\/\/www.directvelo.com\/coureur\/47482\/alexis-bouteloup\" target=\"_blank\" rel=\"noopener\">Alexis Bouteloup<\/a><\/strong>, 9 victoires au niveau national ou international, presque toutes au sprint massif, qui a donn\u00e9 le plus de fil \u00e0 retordre au vainqueur du Challenge DV Junior jusqu&rsquo;\u00e0 la fin de la saison. Le soci\u00e9taire du Team Avesnois a entam\u00e9 sa remont\u00e9e \u00e0 partir de l&rsquo;\u00e9t\u00e9. D\u00e9j\u00e0 double vainqueur d&rsquo;\u00e9tape du Tour de l&rsquo;Eure Juniors, il enl\u00e8ve son premier succ\u00e8s UCI au Tour de l&rsquo;Abitibi o\u00f9 il moissonne une bonne gerbe de points. De retour en France il termine 4e du Championnat de France, prend la t\u00eate du Challenge DirectVelo apr\u00e8s sa victoire d&rsquo;\u00e9tape aux Boucles de l&rsquo;Oise Juniors. Il s&rsquo;impose une derni\u00e8re fois au niveau UCI le premier jour de la Philippe Gilbert Juniors, disput\u00e9 avec la r\u00e9serve Juniors de Decathlon AG2R La Mondiale, sa future \u00e9quipe en 2026.<\/p>\n<p>Le match a donc \u00e9t\u00e9 serr\u00e9 entre les deux coureurs qui ont aussi pratiqu\u00e9 le cyclo-cross en d\u00e9but de saison. Mais c&rsquo;est donc le futur coureur de la Conti Groupama-FDJ United qui s&rsquo;impose avec 103 points d&rsquo;avance. Les 160 unit\u00e9s de sa m\u00e9daille d&rsquo;argent du Championnat du Monde p\u00e8sent lourd dans la balance. Il faut noter que parmi les dix premiers du Challenge DV Junior, huit feront partie d&rsquo;une Conti ou Conti f\u00e9d\u00e9rale en 2026. Les seuls \u00e0 ne pas en \u00eatre, Alban Picard et Simon Defrance&#8230; seront encore Juniors l&rsquo;an prochain.<\/p>\n<p><strong>Palmar\u00e8s du Challenge DV Junior<\/strong> :<br \/>2015 : Sofiane Merignat (VC La Pomme Marseille) 764 pts<br \/>2016 : Tanguy Turgis (US M\u00e9tro Transports) 1312 pts<br \/>2017 : Alexis Renard (CC Planco\u00ebt) 776 pts<br \/>2018 : Alo\u00efs Charrin (VS Romanais P\u00e9ageois) 713 pts<br \/>2019 : Alex Baudin (Chamb\u00e9ry Cyclisme Comp\u00e9tition) 1175 pts<br \/>2020 : Romain Gr\u00e9goire (AC Bisontine) 453 pts (ann\u00e9e Covid)<br \/>2021 : Romain Gr\u00e9goire (AC Bisontine) 1544 pts<br \/>2022 : Thibaud Gruel (UC Jou\u00e9-les-Tours) 1220 pts<br \/>2023 : Matys Grisel (CC Nogent-sur-Oise) 1457 pts<br \/>2024 : Paul Seixas (La Motte-Servolex Cyclisme) 1842 pts<br \/>2025 : Johan Blanc (VC Rodez) 1242 pts\u00a0<\/p>\n<p><strong>Le classement final du Challenge DV Junior<\/strong> :<\/p>\n","protected":false},"excerpt":{"rendered":"La 11e \u00e9dition du Challenge DV Junior a consacr\u00e9 Johan Blanc. Le grimpeur du VC Rodez s&rsquo;est impos\u00e9&hellip;\n","protected":false},"author":2,"featured_media":616937,"comment_status":"","ping_status":"","sticky":false,"template":"","format":"standard","meta":{"footnotes":""},"categories":[1411],"tags":[834,828,836,829,837,827,83,826,824,823,1154,207,814,817,815,816,822,821,832,211,839,1011,27,820,818,819,835,831,830,833,838,60,212,208,825],"class_list":{"0":"post-616936","1":"post","2":"type-post","3":"status-publish","4":"format-standard","5":"has-post-thumbnail","7":"category-cyclisme","8":"tag-attaque","9":"tag-belgique","10":"tag-braquet","11":"tag-bretagne","12":"tag-chute","13":"tag-competition","14":"tag-coupe-de-france","15":"tag-coureur","16":"tag-course-cyclisme","17":"tag-course-cycliste","18":"tag-cycling","19":"tag-cyclisme","20":"tag-direct","21":"tag-direct-velo","22":"tag-directvelo","23":"tag-directvelo-com","24":"tag-epreuve","25":"tag-epreuve-cycliste","26":"tag-federation-francaise-de-cyclisme","27":"tag-ffc","28":"tag-flandres","29":"tag-fr","30":"tag-france","31":"tag-live","32":"tag-live-course","33":"tag-live-epreuve","34":"tag-peloton","35":"tag-radio-peloton","36":"tag-radio-tour","37":"tag-ravitaillement","38":"tag-relance","39":"tag-sports","40":"tag-uci","41":"tag-velo","42":"tag-velos"},"share_on_mastodon":{"url":"https:\/\/pubeurope.com\/@fr\/115766306183644262","error":""},"_links":{"self":[{"href":"https:\/\/www.europesays.com\/fr\/wp-json\/wp\/v2\/posts\/616936","targetHints":{"allow":["GET"]}}],"collection":[{"href":"https:\/\/www.europesays.com\/fr\/wp-json\/wp\/v2\/posts"}],"about":[{"href":"https:\/\/www.europesays.com\/fr\/wp-json\/wp\/v2\/types\/post"}],"author":[{"embeddable":true,"href":"https:\/\/www.europesays.com\/fr\/wp-json\/wp\/v2\/users\/2"}],"replies":[{"embeddable":true,"href":"https:\/\/www.europesays.com\/fr\/wp-json\/wp\/v2\/comments?post=616936"}],"version-history":[{"count":0,"href":"https:\/\/www.europesays.com\/fr\/wp-json\/wp\/v2\/posts\/616936\/revisions"}],"wp:featuredmedia":[{"embeddable":true,"href":"https:\/\/www.europesays.com\/fr\/wp-json\/wp\/v2\/media\/616937"}],"wp:attachment":[{"href":"https:\/\/www.europesays.com\/fr\/wp-json\/wp\/v2\/media?parent=616936"}],"wp:term":[{"taxonomy":"category","embeddable":true,"href":"https:\/\/www.europesays.com\/fr\/wp-json\/wp\/v2\/categories?post=616936"},{"taxonomy":"post_tag","embeddable":true,"href":"https:\/\/www.europesays.com\/fr\/wp-json\/wp\/v2\/tags?post=616936"}],"curies":[{"name":"wp","href":"https:\/\/api.w.org\/{rel}","templated":true}]}}