{"id":616938,"date":"2025-12-23T01:33:12","date_gmt":"2025-12-23T01:33:12","guid":{"rendered":"https:\/\/www.europesays.com\/fr\/616938\/"},"modified":"2025-12-23T01:33:12","modified_gmt":"2025-12-23T01:33:12","slug":"match-un-match-en-clair-des-janvier-pour-le-psg","status":"publish","type":"post","link":"https:\/\/www.europesays.com\/fr\/616938\/","title":{"rendered":"Match : Un match en clair d\u00e8s janvier pour le PSG"},"content":{"rendered":"<p>Fait rare pour le PSG, un de ses derbys contre le Paris FC en janvier sera diffus\u00e9 en clair. C&rsquo;est seulement la deuxi\u00e8me fois cette saison.<\/p>\n<p>Le football des clubs est de moins en moins visible sur les cha\u00eenes gratuites mais le PSG va pourtant \u00eatre diffus\u00e9 deux fois en deux mois sur des canaux accessibles \u00e0 tous. Apr\u00e8s\u00a0la finale de la Coupe Intercontinentale contre Flamengo sur M6 il y a peu, c&rsquo;est le service public, via France T\u00e9l\u00e9visions, qui va prochainement diffuser un match des Parisiens, \u00e0 savoir leur 16e de finale de Coupe de France. Si beIN Sports poss\u00e8de l&rsquo;int\u00e9gralt\u00e9 des matches, France T\u00e9l\u00e9visions diffuse un match par tour et c&rsquo;est le derby parisien qui a \u00e9t\u00e9 choisi.<\/p>\n<p>Le match PSG\/Paris FC du lundi 11 janvier prochain sera ainsi diffus\u00e9 sur France 3, en plus de la traditionnelle retransmission sur beIN Sports 1. Les supporters parisiens auront donc le choix des commentateurs, un luxe que certains appr\u00e9cieront. Moins appr\u00e9ciable en revanche, l&rsquo;heure du coup d&rsquo;envoi du match fix\u00e9e \u00e0 21h10 ce qui est tard en semaine\u00a0pour les plus jeunes fans&#8230;<\/p>\n<blockquote class=\"twitter-tweet\">\n<p dir=\"ltr\" lang=\"fr\"><a href=\"https:\/\/twitter.com\/hashtag\/%C3%89v%C3%A9nement?src=hash&amp;ref_src=twsrc%5Etfw\" target=\"_blank\" rel=\"noopener\">#\u00c9v\u00e9nement<\/a> | <a href=\"https:\/\/twitter.com\/francetvsport?ref_src=twsrc%5Etfw\" target=\"_blank\" rel=\"noopener\">@francetvsport<\/a>\ufffd<\/p>\n<p>Suite au tirage au sort de <a href=\"https:\/\/twitter.com\/coupedefranceCA?ref_src=twsrc%5Etfw\" target=\"_blank\" rel=\"noopener\">@coupedefranceCA<\/a> \u00a0rendez-vous le lundi 12 janvier pour le choc des 16es de finale:<a href=\"https:\/\/twitter.com\/PSG_inside?ref_src=twsrc%5Etfw\" target=\"_blank\" rel=\"noopener\">@PSG_inside<\/a> \ufffd <a href=\"https:\/\/twitter.com\/ParisFC?ref_src=twsrc%5Etfw\" target=\"_blank\" rel=\"noopener\">@ParisFC<\/a><\/p>\n<p>\ufffd\u00c0 suivre en direct sur France 3 et <a href=\"https:\/\/t.co\/JqV7mXAWMw\">https:\/\/t.co\/JqV7mXAWMw<\/a> <a href=\"https:\/\/t.co\/vnFQFktcnH\">pic.twitter.com\/vnFQFktcnH<\/a><\/p>\n<p>\u2014 France TV Pro (@francetvpro) <a href=\"https:\/\/twitter.com\/francetvpro\/status\/2003144550848823668?ref_src=twsrc%5Etfw\" target=\"_blank\" rel=\"noopener\">December 22, 2025<\/a><\/p><\/blockquote>\n<p>Pour revoir un match du PSG en clair cette saison, il faudra ensuite esp\u00e9rer que les joueurs de Luis Enrique se qualifient en Coupe de France, et qu&rsquo;ils soient choisis comme match diffus\u00e9 par le service public \u00e0 chaque tour, ou&#8230; qu&rsquo;ils atteignent de nouveau la finale de la Champions League, un \u00e9v\u00e9nement diffus\u00e9 sur les cha\u00eenes en clair chaque saison.<\/p>\n<p><script async src=\"https:\/\/platform.twitter.com\/widgets.js\" charset=\"utf-8\"><\/script><\/p>\n","protected":false},"excerpt":{"rendered":"Fait rare pour le PSG, un de ses derbys contre le Paris FC en janvier sera diffus\u00e9 en&hellip;\n","protected":false},"author":2,"featured_media":616939,"comment_status":"","ping_status":"","sticky":false,"template":"","format":"standard","meta":{"footnotes":""},"categories":[1410],"tags":[63,1011,27,60],"class_list":{"0":"post-616938","1":"post","2":"type-post","3":"status-publish","4":"format-standard","5":"has-post-thumbnail","7":"category-football","8":"tag-football","9":"tag-fr","10":"tag-france","11":"tag-sports"},"share_on_mastodon":{"url":"https:\/\/pubeurope.com\/@fr\/115766310115488279","error":""},"_links":{"self":[{"href":"https:\/\/www.europesays.com\/fr\/wp-json\/wp\/v2\/posts\/616938","targetHints":{"allow":["GET"]}}],"collection":[{"href":"https:\/\/www.europesays.com\/fr\/wp-json\/wp\/v2\/posts"}],"about":[{"href":"https:\/\/www.europesays.com\/fr\/wp-json\/wp\/v2\/types\/post"}],"author":[{"embeddable":true,"href":"https:\/\/www.europesays.com\/fr\/wp-json\/wp\/v2\/users\/2"}],"replies":[{"embeddable":true,"href":"https:\/\/www.europesays.com\/fr\/wp-json\/wp\/v2\/comments?post=616938"}],"version-history":[{"count":0,"href":"https:\/\/www.europesays.com\/fr\/wp-json\/wp\/v2\/posts\/616938\/revisions"}],"wp:featuredmedia":[{"embeddable":true,"href":"https:\/\/www.europesays.com\/fr\/wp-json\/wp\/v2\/media\/616939"}],"wp:attachment":[{"href":"https:\/\/www.europesays.com\/fr\/wp-json\/wp\/v2\/media?parent=616938"}],"wp:term":[{"taxonomy":"category","embeddable":true,"href":"https:\/\/www.europesays.com\/fr\/wp-json\/wp\/v2\/categories?post=616938"},{"taxonomy":"post_tag","embeddable":true,"href":"https:\/\/www.europesays.com\/fr\/wp-json\/wp\/v2\/tags?post=616938"}],"curies":[{"name":"wp","href":"https:\/\/api.w.org\/{rel}","templated":true}]}}