{"id":616948,"date":"2025-12-23T01:39:17","date_gmt":"2025-12-23T01:39:17","guid":{"rendered":"https:\/\/www.europesays.com\/fr\/616948\/"},"modified":"2025-12-23T01:39:17","modified_gmt":"2025-12-23T01:39:17","slug":"un-nouveau-teaser-de-avengers-doomsday-fuite-en-ligne-en-vf-cette-fois","status":"publish","type":"post","link":"https:\/\/www.europesays.com\/fr\/616948\/","title":{"rendered":"Un nouveau teaser de Avengers: Doomsday fuite en ligne, en VF cette fois"},"content":{"rendered":"<p>Un autre teaser du film Avengers: Doomsday circule sur le net, avec un doublage fran\u00e7ais. Il met en sc\u00e8ne un autre super-h\u00e9ros cl\u00e9 du Marvel Cinematic Universe (MCU).<\/p>\n<p>La fuite se transforme-t-elle en inondation chez Marvel Studios ? Ou est-ce une strat\u00e9gie de communication astucieuse pour faire monter la mayonnaise pour <a href=\"https:\/\/www.numerama.com\/films\/avengers-5-doomsday\/\" target=\"_blank\" rel=\"noopener\">Avengers: Doomsday<\/a> ? Toujours est-il qu\u2019une pile une semaine apr\u00e8s la diffusion d\u2019un premier teaser, voil\u00e0 qu\u2019une autre br\u00e8ve s\u00e9quence circule sur la toile, en ce 22 d\u00e9cembre 2025.<\/p>\n<p>Alors que la premi\u00e8re vid\u00e9o mettait en sc\u00e8ne <a href=\"https:\/\/www.numerama.com\/pop-culture\/2139885-le-trailer-davengers-doomsday-a-fuite-et-confirme-le-retour-dun-personnage-cle.html\" target=\"_blank\" rel=\"noopener\">le retour d\u2019un super-h\u00e9ros bien aim\u00e9<\/a> des fans du Marvel Cinematic Universe (MCU), la nouvelle sc\u00e8ne \u2014 qui a fuit\u00e9 avec un doublage fran\u00e7ais \u2014 montre un autre h\u00e9ros bien connu. Il s\u2019agit de Thor, un personnage dont <a href=\"https:\/\/www.numerama.com\/pop-culture\/1863858-tous-les-personnages-confirmes-pour-avengers-doomsday.html\" target=\"_blank\" rel=\"noopener\">la pr\u00e9sence avait \u00e9t\u00e9 officiellement confirm\u00e9e<\/a> au printemps 2025, parmi un large casting.<\/p>\n<p>Si la qualit\u00e9 de la vid\u00e9o laisse \u00e0 d\u00e9sirer \u2014 on devine un \u00e9cran film\u00e9 \u00e0 la sauvette \u2013, le contenu, lui, est sans \u00e9quivoque. Et il confirme une chose : fini le temps des ch\u00e8vres hurlantes et les blagues potaches de <a href=\"https:\/\/www.numerama.com\/films\/thor-love-and-thunder\/\" target=\"_blank\" rel=\"noopener\">Thor: Love and Thunder<\/a>. Ici, le dieu du tonnerre et des \u00e9clairs appara\u00eet tr\u00e8s soucieux de la situation, et fait \u00e9tat d\u2019un nouvel ennemi.<\/p>\n<p><strong>Attention, la suite contient des spoilers.<\/strong><\/p>\n<p><a href=\"https:\/\/www.numerama.com\/wp-content\/uploads\/2024\/11\/spoilers-7.jpg\" target=\"_blank\" rel=\"noopener\"><img decoding=\"async\" width=\"1024\" height=\"213\" loading=\"lazy\" alt=\"SPOILERS (7)\" title=\"SPOILERS (7)\" class=\"wp-image-1847396 placeholder-default wp-image\" src=\"https:\/\/www.europesays.com\/fr\/wp-content\/uploads\/2025\/12\/1766453954_426_spoilers-7-1024x213.jpg\" \/><\/a><\/p>\n<p>Thor, en p\u00e8re protecteur<\/p>\n<p>La vid\u00e9o, qui circule notamment sur <a href=\"https:\/\/x.com\/lakersspammer\/status\/2003196978579275989\" target=\"_blank\" rel=\"noreferrer noopener\">X<\/a> et <a href=\"https:\/\/www.reddit.com\/r\/MCUTheories\/comments\/1pt9yjr\/avengers_doomsday_teaser_2_leak\/\" target=\"_blank\" rel=\"noreferrer noopener\">Reddit<\/a>, met donc en sc\u00e8ne un autre pilier de la \u00ab trinit\u00e9 marv\u00e9lienne \u00bb. Le premier teaser s\u2019attardait sur Steve Rogers (Chris Evans), le second pr\u00e9sente Thor (Chris Hemsworth). Tout porte \u00e0 croire que le troisi\u00e8me teaser sera l\u2019occasion de pr\u00e9senter Dr Doom (Robert Downey Jr, ex Tony Star \/ Iron Man).<\/p>\n<p>La fuite implique une vid\u00e9o en fran\u00e7ais, dans laquelle on peut reconna\u00eetre la voix d\u2019Adrien Antoine. On y d\u00e9couvre un Thor Odinson sombre, recueilli, s\u2019adressant \u00e0 l\u2019esprit de son p\u00e8re \u2014 Odin (Anthony Hopkins), qui n\u2019appara\u00eet pas dans la vid\u00e9o \u2013, dans une pri\u00e8re solennelle. L\u2019ambiance, on le r\u00e9p\u00e8te, est tr\u00e8s diff\u00e9rente de Love and Thunder.<\/p>\n<p><a href=\"https:\/\/www.numerama.com\/wp-content\/uploads\/2022\/04\/thor-love-thunder-costume.jpg\" target=\"_blank\" rel=\"noopener\"><img decoding=\"async\" width=\"1024\" height=\"576\" loading=\"lazy\" alt=\"Le nouveau costume de Thor \/\/ Source : Marvel\" title=\"Le nouveau costume de Thor \/\/ Source : Marvel\" class=\"wp-image-926659 placeholder-default wp-image\" src=\"https:\/\/www.europesays.com\/fr\/wp-content\/uploads\/2025\/12\/thor-love-thunder-costume-1024x576.jpg\" \/><\/a>Thor, version Love and Thunder. \/\/ Source : Marvel<\/p>\n<p>Le teaser d\u00e9voile \u00e9galement un h\u00e9ros dans un nouveau statut, celui de p\u00e8re. On le voit en effet, lors d\u2019un bref passage, au chevet de sa \u00ab fille adoptive \u00bb, qui est en fait l\u2019enfant de Gorr (Christian Bale), le grand vilain de Love and Thunder. On voyait d\u00e9j\u00e0 cette dynamique \u00e0 l\u2019\u0153uvre lors de l\u2019\u00e9pilogue, dans une sorte de relation p\u00e8re-fille assez amusante.<\/p>\n<p>Si l\u2019on recadre ce teaser avec ce qu\u2019\u00e9tait Thor au d\u00e9but du MCU, c\u2019est le jour et la nuit. Ici, Thor ne veut plus se battre pour la gloire et les honneurs, mais pour pr\u00e9server sa fille, \u00ab une vie pr\u00e9serv\u00e9e de la temp\u00eate \u00bb. Il ne se voit plus comme un guerrier, mais comme un protecteur, et esp\u00e8re qu\u2019elle pourra vivre une vie tranquille, ce qu\u2019il n\u2019a jamais connu.<\/p>\n<p>La paternit\u00e9, un th\u00e8me cl\u00e9 ?<\/p>\n<p>Il est notable de noter que les deux teasers tournent autour de la paternit\u00e9 : Steve Rogers est montr\u00e9 en p\u00e8re de famille, pensant couler des jours heureux (ce qui pourrait \u00eatre <a href=\"https:\/\/www.numerama.com\/pop-culture\/2146653-avengers-doomsday-une-theorie-explique-le-role-de-ce-heros-cle-qui-revient-et-cest-une-terrible-nouvelle.html\" target=\"_blank\" rel=\"noopener\">le point de d\u00e9part d\u2019un sc\u00e9nario dramatique<\/a>), et Thor est \u00e9voqu\u00e9 comme un p\u00e8re (adoptif) protecteur, priant pour la paix. Verra-t-on la m\u00eame chose avec Dr Doom ?<\/p>\n<p>C\u2019est fort possible, d\u2019autant qu\u2019une <a href=\"https:\/\/www.numerama.com\/pop-culture\/2038143-les-quatre-fantastiques-que-signifient-les-deux-scenes-post-generique-du-film-marvel.html\" target=\"_blank\" rel=\"noopener\">sc\u00e8ne post-g\u00e9n\u00e9rique concernant Les Quatre Fantastiques<\/a> montrait une interaction entre Dr Doom et <a href=\"https:\/\/www.numerama.com\/pop-culture\/2040843-qui-est-vraiment-franklin-le-bebe-du-film-les-quatre-fantastiques.html\" target=\"_blank\" rel=\"noopener\">Franklin<\/a>, le fils de Reed Richards et Sue Storm. Peut-\u00eatre que le teaser au sujet du <a href=\"https:\/\/www.numerama.com\/pop-culture\/1944979-date-de-sortie-casting-phase-6-du-mcu-tout-savoir-sur-avengers-doomsday.html\" target=\"_blank\" rel=\"noopener\">futur grand m\u00e9chant d\u2019Avengers: Doomsday<\/a> persistera dans cette voie, en creusant le lien Frankin \/ Doom.<\/p>\n<p>Toujours est-il qu\u2019avec ces deux teasers, la strat\u00e9gie marketing para\u00eet miser sur la corde sensible et les enjeux personnels. Contrairement \u00e0 la Saga de l\u2019Infini, o\u00f9 les super-h\u00e9ros semblaient se battre pour des enjeux cosmiques, abstraits ou juste plan\u00e9taires,  la Saga du Multivers pourrait ramener cela \u00e0 hauteur d\u2019homme et de femme : les enfants et la famille.<\/p>\n<p>            <img decoding=\"async\" src=\"https:\/\/www.europesays.com\/fr\/wp-content\/uploads\/2025\/12\/iPhone-16-pro-vDJtn9o4_vzSsPIGCFDc5.png\" alt=\"Toute l'actu tech en un clien d'oeil\"\/><\/p>\n<p class=\"card-install-pwa__title\">Toute l&rsquo;actu tech en un clin d&rsquo;\u0153il<\/p>\n<p class=\"card-install-pwa__description\">Ajoutez Numerama \u00e0 votre \u00e9cran d&rsquo;accueil et restez connect\u00e9s au futur !<\/p>\n<p>            <img decoding=\"async\" src=\"https:\/\/www.numerama.com\/wp-content\/themes\/numerama-next\/dist\/images\/premium\/logo-card-pwa-coupe-vCvPQ_Q_ysBNfqKp6w7gG.svg\" alt=\"Logo PWA\"\/><\/p>\n<p>       Installer Numerama<\/p>\n<p class=\"title\">\n            Les infos sur les films et s\u00e9ries             <a href=\"https:\/\/www.numerama.com\/tag\/marvel\/\" target=\"_blank\" rel=\"noopener\"><br \/>\n                Marvel            <\/a>\n        <\/p>\n","protected":false},"excerpt":{"rendered":"Un autre teaser du film Avengers: Doomsday circule sur le net, avec un doublage fran\u00e7ais. Il met en&hellip;\n","protected":false},"author":2,"featured_media":616949,"comment_status":"","ping_status":"","sticky":false,"template":"","format":"standard","meta":{"footnotes":""},"categories":[1354],"tags":[4553,58,59,1346,1011,27,2135,1360],"class_list":{"0":"post-616948","1":"post","2":"type-post","3":"status-publish","4":"format-standard","5":"has-post-thumbnail","7":"category-films","8":"tag-avengers-doomsday","9":"tag-divertissement","10":"tag-entertainment","11":"tag-films","12":"tag-fr","13":"tag-france","14":"tag-marvel","15":"tag-movies"},"share_on_mastodon":{"url":"https:\/\/pubeurope.com\/@fr\/115766334646141233","error":""},"_links":{"self":[{"href":"https:\/\/www.europesays.com\/fr\/wp-json\/wp\/v2\/posts\/616948","targetHints":{"allow":["GET"]}}],"collection":[{"href":"https:\/\/www.europesays.com\/fr\/wp-json\/wp\/v2\/posts"}],"about":[{"href":"https:\/\/www.europesays.com\/fr\/wp-json\/wp\/v2\/types\/post"}],"author":[{"embeddable":true,"href":"https:\/\/www.europesays.com\/fr\/wp-json\/wp\/v2\/users\/2"}],"replies":[{"embeddable":true,"href":"https:\/\/www.europesays.com\/fr\/wp-json\/wp\/v2\/comments?post=616948"}],"version-history":[{"count":0,"href":"https:\/\/www.europesays.com\/fr\/wp-json\/wp\/v2\/posts\/616948\/revisions"}],"wp:featuredmedia":[{"embeddable":true,"href":"https:\/\/www.europesays.com\/fr\/wp-json\/wp\/v2\/media\/616949"}],"wp:attachment":[{"href":"https:\/\/www.europesays.com\/fr\/wp-json\/wp\/v2\/media?parent=616948"}],"wp:term":[{"taxonomy":"category","embeddable":true,"href":"https:\/\/www.europesays.com\/fr\/wp-json\/wp\/v2\/categories?post=616948"},{"taxonomy":"post_tag","embeddable":true,"href":"https:\/\/www.europesays.com\/fr\/wp-json\/wp\/v2\/tags?post=616948"}],"curies":[{"name":"wp","href":"https:\/\/api.w.org\/{rel}","templated":true}]}}