{"id":616956,"date":"2025-12-23T01:43:16","date_gmt":"2025-12-23T01:43:16","guid":{"rendered":"https:\/\/www.europesays.com\/fr\/616956\/"},"modified":"2025-12-23T01:43:16","modified_gmt":"2025-12-23T01:43:16","slug":"defaite-a-232-000-euros-pour-stephane-bern-juste-avant-danse-avec-les-stars","status":"publish","type":"post","link":"https:\/\/www.europesays.com\/fr\/616956\/","title":{"rendered":"D\u00e9faite \u00e0 232 000 euros pour St\u00e9phane Bern, juste avant Danse avec les stars"},"content":{"rendered":"<p>La suite apr\u00e8s la publicit\u00e9<\/p>\n<p>La mauvaise nouvelle est tomb\u00e9e le 3 d\u00e9cembre dernier : <strong>St\u00e9phane Bern va devoir rembourser plus de 200 000 euros<\/strong>. Ami de longue date avec Ga\u00ebl Richard, le c\u00e9l\u00e8bre animateur au casting de <a href=\"https:\/\/www.purepeople.com\/article\/on-y-etait-danse-avec-les-stars-un-visage-familier-et-de-nombreuses-surprises-ce-quil-faut-retenir-de-la-conference-de-presse-de-lemission_a545736\/1\" target=\"_blank\" rel=\"noopener\">la nouvelle saison de Danse avec les stars<\/a>, avec Laure Manaudou, Ang\u00e9lique Angarni-Filopon (Miss France 2025) ou encore Juju Fitcats et Ian Ziering est devenu son associ\u00e9 en 2016 lorsqu&rsquo;ils ont fond\u00e9 ensemble la soci\u00e9t\u00e9 de production Kisayang. L&rsquo;ann\u00e9e suivante, \u00ab\u00a0celle-ci rentre au capital de Gotha Conseil, la structure historique de St\u00e9phane Bern qui s\u2019occupe notamment des prestations de la vedette\u00a0\u00bb, comme le rappelle ce lundi 22 d\u00e9cembre L&rsquo;Inform\u00e9. <a href=\"https:\/\/www.purepeople.com\/article\/stephane-bern-avec-gael-son-associe-de-longue-date-la-collaboration-finit-au-tribunal_a537425\/1\" target=\"_blank\" rel=\"noopener\">Mais en 2024, plus rien ne va entre les deux associ\u00e9s<\/a>, sans que l&rsquo;on sache exactement ce qu&rsquo;il s&rsquo;est produit entre eux et les raisons de leur conflit. Cette ann\u00e9e-l\u00e0, <a href=\"https:\/\/www.purepeople.com\/people\/stephane-bern_p230\" target=\"_blank\" rel=\"noopener\">St\u00e9phane Bern<\/a> prend la d\u00e9cision, en r\u00e9f\u00e9r\u00e9 et donc dans l&rsquo;urgence, d&rsquo;attaquer ses propres soci\u00e9t\u00e9s devant le conseil des prud\u2019hommes de Chartres.<\/p>\n<p>Une premi\u00e8re victoire pour St\u00e9phane Bern aux prud\u2019hommes\u00a0<\/p>\n<p>A cette \u00e9poque, en octobre 2024, St\u00e9phane Bern obtient gain de cause. \u00ab\u00a0La juridiction condamne les deux entreprises \u00e0 lui verser solidairement plus de 232 000 euros. La somme comprend des provisions sur salaire, des indemnit\u00e9s compensatrices de cong\u00e9s pay\u00e9s mais aussi le remboursement de frais professionnels. Il la touche via des saisies sur les comptes des entreprises\u00a0\u00bb, rappelle L&rsquo;Inform\u00e9. Sauf que le dossier n&rsquo;en est pas rest\u00e9 l\u00e0. Ga\u00ebl Richard a fait appel de cette d\u00e9cision et de nouveaux \u00e9l\u00e9ments sont venus chang\u00e9s la donne. La soci\u00e9t\u00e9 de production Kisayang, que les amis de longue date avaient fond\u00e9, s&rsquo;est retrouv\u00e9e en proc\u00e9dure de sauvegarde tandis que Gotha Conseil, la structure historique de St\u00e9phane Bern a \u00e9t\u00e9 plac\u00e9e en redressement judiciaire puis en liquidation judiciaire.\u00a0<\/p>\n<p>La cour d&rsquo;appel de Versailles vient de lui donner tort<\/p>\n<p>Le 3 d\u00e9cembre dernier, la cour d\u2019appel de Versailles s&rsquo;est repench\u00e9e sur la d\u00e9cision rendue par le conseil des prud\u2019hommes de Chartres en 2024 et n&rsquo;a finalement pas donn\u00e9 raison \u00e0 St\u00e9phane Bern. Par le pass\u00e9, St\u00e9phane Bern avait d\u00e9fendu n&rsquo;\u00eatre qu&rsquo;un employ\u00e9 des deux soci\u00e9t\u00e9s et non pas leur g\u00e9rant, ce qui lui avait permis d&rsquo;avoir recours aux prud\u2019hommes. Selon le sp\u00e9cialiste des t\u00eates couronn\u00e9es et du patrimoine, il s&rsquo;\u00e9tait juste content\u00e9 \u00ab\u00a0de donner son avis ou de formuler des remarques ou observations sur l\u2019aspect \u00e9ditorial ou artistique des projets, laissant son employeur n\u00e9gocier, r\u00e9diger et signer les contrats, et arbitrer quand c\u2019\u00e9tait n\u00e9cessaire\u00a0\u00bb.\u00a0<\/p>\n<p>Une version que r\u00e9futaient par son ex-associ\u00e9 mais aussi par le mandataire liquidateur de Gotha Conseil. Et une version qui n&rsquo;a pas non plus convaincu la cour d\u2019appel de Versailles qui a d\u00e9bout\u00e9 St\u00e9phane Bern. <strong>Cette d\u00e9cision contraint ainsi l&rsquo;animateur \u00e0 devoir rembourser les 232 000 \u00e0 son ancien ami et associ\u00e9<\/strong>. Satisfait de cette d\u00e9cision, Ga\u00ebl Richard a fait savoir \u00e0 L&rsquo;inform\u00e9 qu&rsquo;il fera le n\u00e9cessaire pour r\u00e9cup\u00e9rer toute la somme qui lui est due. De son compte, St\u00e9phane Bern a d\u00e9clar\u00e9 : \u00ab\u00a0Il n\u2019y a pas de raison pour moi de m\u2019exprimer sur un r\u00e9f\u00e9r\u00e9 qui est une d\u00e9cision provisoire et qui ne pr\u00e9juge pas de la d\u00e9cision que prendront les juges sur le fond de l\u2019affaire.\u00a0\u00bb<\/p>\n<p>Une nouvelle audience est pr\u00e9vue d\u00e9but 2026&#8230;\u00a0<\/p>\n","protected":false},"excerpt":{"rendered":"La suite apr\u00e8s la publicit\u00e9 La mauvaise nouvelle est tomb\u00e9e le 3 d\u00e9cembre dernier : St\u00e9phane Bern va&hellip;\n","protected":false},"author":2,"featured_media":616957,"comment_status":"","ping_status":"","sticky":false,"template":"","format":"standard","meta":{"footnotes":""},"categories":[7],"tags":[1011,27,43,40,41,39,42,44],"class_list":{"0":"post-616956","1":"post","2":"type-post","3":"status-publish","4":"format-standard","5":"has-post-thumbnail","7":"category-sciences-et-technologies","8":"tag-fr","9":"tag-france","10":"tag-science","11":"tag-science-and-technology","12":"tag-sciences","13":"tag-sciences-et-technologies","14":"tag-technologies","15":"tag-technology"},"share_on_mastodon":{"url":"https:\/\/pubeurope.com\/@fr\/115766349391661471","error":""},"_links":{"self":[{"href":"https:\/\/www.europesays.com\/fr\/wp-json\/wp\/v2\/posts\/616956","targetHints":{"allow":["GET"]}}],"collection":[{"href":"https:\/\/www.europesays.com\/fr\/wp-json\/wp\/v2\/posts"}],"about":[{"href":"https:\/\/www.europesays.com\/fr\/wp-json\/wp\/v2\/types\/post"}],"author":[{"embeddable":true,"href":"https:\/\/www.europesays.com\/fr\/wp-json\/wp\/v2\/users\/2"}],"replies":[{"embeddable":true,"href":"https:\/\/www.europesays.com\/fr\/wp-json\/wp\/v2\/comments?post=616956"}],"version-history":[{"count":0,"href":"https:\/\/www.europesays.com\/fr\/wp-json\/wp\/v2\/posts\/616956\/revisions"}],"wp:featuredmedia":[{"embeddable":true,"href":"https:\/\/www.europesays.com\/fr\/wp-json\/wp\/v2\/media\/616957"}],"wp:attachment":[{"href":"https:\/\/www.europesays.com\/fr\/wp-json\/wp\/v2\/media?parent=616956"}],"wp:term":[{"taxonomy":"category","embeddable":true,"href":"https:\/\/www.europesays.com\/fr\/wp-json\/wp\/v2\/categories?post=616956"},{"taxonomy":"post_tag","embeddable":true,"href":"https:\/\/www.europesays.com\/fr\/wp-json\/wp\/v2\/tags?post=616956"}],"curies":[{"name":"wp","href":"https:\/\/api.w.org\/{rel}","templated":true}]}}