{"id":616960,"date":"2025-12-23T01:45:29","date_gmt":"2025-12-23T01:45:29","guid":{"rendered":"https:\/\/www.europesays.com\/fr\/616960\/"},"modified":"2025-12-23T01:45:29","modified_gmt":"2025-12-23T01:45:29","slug":"une-adoption-rarissime-observee-chez-les-ours-polaires-au-canada","status":"publish","type":"post","link":"https:\/\/www.europesays.com\/fr\/616960\/","title":{"rendered":"une adoption rarissime observ\u00e9e chez les ours polaires au Canada"},"content":{"rendered":"<p>\n    Une ourse polaire a \u00e9t\u00e9 observ\u00e9e en train d\u2019adopter un ourson qui n\u2019\u00e9tait pas le sien, un ph\u00e9nom\u00e8ne extr\u00eamement rare dans cette r\u00e9gion de l\u2019Arctique.<\/p>\n<p class=\"fig-paragraph\">Des chercheurs au\u00a0<a href=\"http:\/\/www.lefigaro.fr\/conjoncture\/exportations-en-outre-mer-ceta-le-canada-resiste-aux-droits-de-douane-de-donald-trump-en-ciblant-de-nouveaux-marches-20251218\" target=\"_blank\" data-fig-type=\"Article\" rel=\"noopener\" data-gtm-custom-categorie=\"navigation\" data-gtm-custom-action=\"crossclick\" data-gtm-custom-label=\"Contextuel\" data-gtm-event=\"customEventSPE\" data-fig-domain=\"LEFIGARO\">Canada\u00a0<\/a>ont r\u00e9cemment observ\u00e9 un tr\u00e8s rare cas d&rsquo;adoption par une\u00a0<a href=\"http:\/\/www.lefigaro.fr\/flash-actu\/une-ourse-polaire-meurt-electrocutee-au-zoo-de-copenhague-20230308\" target=\"_blank\" data-fig-type=\"NewsFlash\" rel=\"noopener\" data-gtm-custom-categorie=\"navigation\" data-gtm-custom-action=\"crossclick\" data-gtm-custom-label=\"Contextuel\" data-gtm-event=\"customEventSPE\" data-fig-domain=\"LEFIGARO\">ourse polaire<\/a>\u00a0d&rsquo;un ourson qui n&rsquo;est pas le sien, dans le nord du pays. \u00abSeulement 13 cas (d&rsquo;adoption) ont \u00e9t\u00e9 r\u00e9pertori\u00e9s en 45 ans\u00bb, a expliqu\u00e9 \u00e0 l&rsquo;AFP Evan Richardson, chercheur au minist\u00e8re canadien de l&rsquo;Environnement, qui \u00e9tudie le plus grand pr\u00e9dateur de l&rsquo;Arctique depuis 25 ans.<\/p>\n<p class=\"fig-paragraph\">En novembre, son \u00e9quipe et lui ont captur\u00e9 une ourse et ses deux petits de 10 et 11 mois pr\u00e8s de Churchill, surnomm\u00e9e \u00abcapitale mondiale de l&rsquo;ours polaire\u00bb, situ\u00e9e dans le nord de la province du Manitoba (centre). \u00abQuand nous nous sommes approch\u00e9s, nous avons remarqu\u00e9 que l&rsquo;un des oursons portait une \u00e9tiquette d&rsquo;identification, et l&rsquo;autre non\u00bb, a-t-il affirm\u00e9, pr\u00e9cisant que cette m\u00eame femelle avait \u00e9t\u00e9 aper\u00e7ue quelques mois plus t\u00f4t avec un seul petit.<\/p>\n<p>                                            <a class=\"fig-a11y-skip\" href=\"#fig-a11y-skip-main-inarticle\" data-module=\"a11y-skip\" data-context=\"was @visible\"><br \/>\n    Passer la publicit\u00e9<br \/>\n<\/a>            <\/p>\n<p>                                            Identifier la m\u00e8re biologique<\/p>\n<p class=\"fig-paragraph\">Dans cette r\u00e9gion nordique, les chercheurs identifient les ours polaires pour pouvoir les suivre tout au long de leur vie et les \u00e9tudier. Le suivi par collier GPS et les observations de Polar Bears International, un groupe de recherche sur les ours polaires, ont confirm\u00e9 que la femelle en question avait gard\u00e9 avec elle les deux oursons pendant plusieurs semaines. \u00abC&rsquo;est une belle histoire\u00bb, s&rsquo;est r\u00e9jouit Evan Richardson. \u00abCes ourses polaires sont d&rsquo;excellentes m\u00e8res, elles sont naturellement pr\u00e9dispos\u00e9es \u00e0 prendre soin des petits\u00bb.<\/p>\n<p class=\"fig-paragraph\">La sous-population d&rsquo;ours polaires de l&rsquo;ouest de la baie d&rsquo;Hudson a chut\u00e9 de 30% en quelques d\u00e9cennies, passant d&rsquo;environ 1200 individus dans les ann\u00e9es 1980 \u00e0 800 aujourd&rsquo;hui, en raison notamment de la fonte acc\u00e9l\u00e9r\u00e9e des glaces, essentielles \u00e0 leur survie. Aucune preuve ne permet toutefois de lier cette adoption aux changements climatiques, selon Evan Richardson.<\/p>\n<p class=\"fig-paragraph\">Des analyses g\u00e9n\u00e9tiques sont en cours pour identifier la m\u00e8re biologique de l&rsquo;ourson adopt\u00e9. \u00abIl y a une bonne chance que nous sachions qui elle est\u00bb, a pr\u00e9cis\u00e9 le scientifique. Depuis 45 ans, plus de 4600 ours ont \u00e9t\u00e9 identifi\u00e9s dans cette r\u00e9gion du Canada, ce qui en fait, selon lui, \u00abla population d&rsquo;ours polaires la mieux \u00e9tudi\u00e9e dans le monde\u00bb.<\/p>\n","protected":false},"excerpt":{"rendered":"Une ourse polaire a \u00e9t\u00e9 observ\u00e9e en train d\u2019adopter un ourson qui n\u2019\u00e9tait pas le sien, un ph\u00e9nom\u00e8ne&hellip;\n","protected":false},"author":2,"featured_media":616961,"comment_status":"","ping_status":"","sticky":false,"template":"","format":"standard","meta":{"footnotes":""},"categories":[5],"tags":[11,574,1011,27,14,12,23725,28],"class_list":{"0":"post-616960","1":"post","2":"type-post","3":"status-publish","4":"format-standard","5":"has-post-thumbnail","7":"category-international","8":"tag-actualites","9":"tag-canada","10":"tag-fr","11":"tag-france","12":"tag-international","13":"tag-news","14":"tag-ours-polaire","15":"tag-world"},"share_on_mastodon":{"url":"https:\/\/pubeurope.com\/@fr\/115766357133718711","error":""},"_links":{"self":[{"href":"https:\/\/www.europesays.com\/fr\/wp-json\/wp\/v2\/posts\/616960","targetHints":{"allow":["GET"]}}],"collection":[{"href":"https:\/\/www.europesays.com\/fr\/wp-json\/wp\/v2\/posts"}],"about":[{"href":"https:\/\/www.europesays.com\/fr\/wp-json\/wp\/v2\/types\/post"}],"author":[{"embeddable":true,"href":"https:\/\/www.europesays.com\/fr\/wp-json\/wp\/v2\/users\/2"}],"replies":[{"embeddable":true,"href":"https:\/\/www.europesays.com\/fr\/wp-json\/wp\/v2\/comments?post=616960"}],"version-history":[{"count":0,"href":"https:\/\/www.europesays.com\/fr\/wp-json\/wp\/v2\/posts\/616960\/revisions"}],"wp:featuredmedia":[{"embeddable":true,"href":"https:\/\/www.europesays.com\/fr\/wp-json\/wp\/v2\/media\/616961"}],"wp:attachment":[{"href":"https:\/\/www.europesays.com\/fr\/wp-json\/wp\/v2\/media?parent=616960"}],"wp:term":[{"taxonomy":"category","embeddable":true,"href":"https:\/\/www.europesays.com\/fr\/wp-json\/wp\/v2\/categories?post=616960"},{"taxonomy":"post_tag","embeddable":true,"href":"https:\/\/www.europesays.com\/fr\/wp-json\/wp\/v2\/tags?post=616960"}],"curies":[{"name":"wp","href":"https:\/\/api.w.org\/{rel}","templated":true}]}}