{"id":616965,"date":"2025-12-23T01:48:32","date_gmt":"2025-12-23T01:48:32","guid":{"rendered":"https:\/\/www.europesays.com\/fr\/616965\/"},"modified":"2025-12-23T01:48:32","modified_gmt":"2025-12-23T01:48:32","slug":"loire-en-centre-ville-des-sangliers-menacants-dans-le-parc-dune-ecole-abattus","status":"publish","type":"post","link":"https:\/\/www.europesays.com\/fr\/616965\/","title":{"rendered":"Loire. En centre-ville, des sangliers mena\u00e7ants dans le parc d&rsquo;une \u00e9cole abattus"},"content":{"rendered":"<p>                    Par<br \/>\n        <strong><br \/>\n            <a href=\"https:\/\/actu.fr\/auteur\/redaction-saint-etienne\" title=\"Consulter tous les articles de R\u00e9daction Saint-\u00c9tienne\" target=\"_blank\" rel=\"noopener\">R\u00e9daction Saint-\u00c9tienne<\/a><br \/>\n                    <\/strong><\/p>\n<p>        Publi\u00e9 le<\/p>\n<p>            22 d\u00e9c. 2025 \u00e0 10h28        <\/p>\n<p>Les sangliers aiment la <a href=\"https:\/\/actu.fr\/auvergne-rhone-alpes\/loire_42\" target=\"_blank\" rel=\"noopener\">Loire<\/a>. Le samedi 20\u00a0d\u00e9cembre apr\u00e8s-midi, quatre sangliers ont \u00e9t\u00e9 retrouv\u00e9s dans le parc d\u2019un \u00e9tablissement scolaire de la ville de <a href=\"https:\/\/actu.fr\/auvergne-rhone-alpes\/firminy_42095\" target=\"_blank\" rel=\"noopener\">Firminy<\/a> (Loire), tout pr\u00e8s de <a href=\"https:\/\/actu.fr\/auvergne-rhone-alpes\/saint-etienne_42218\" target=\"_blank\" rel=\"noopener\">Saint-Etienne<\/a>.<\/p>\n<p>Les animaux tu\u00e9s<\/p>\n<p class=\" wall-content\">\u00ab\u2009Face au risque de dispersion des animaux vers le centre-ville, ou sur la RN88 toute proche, ordre a \u00e9t\u00e9 donn\u00e9 de les <strong>neutraliser<\/strong>\u2009\u00bb, explique la pr\u00e9fecture lig\u00e9rienne.<\/p>\n<p class=\" wall-content\">L\u2019intervention des lieutenants de louveterie a eu lieu \u00ab\u2009dans un endroit sans danger pour les habitations aux alentours\u2009\u00bb.<\/p>\n<p class=\" wall-content\">Les sangliers pr\u00e9sentent des probl\u00e8mes dans le d\u00e9partement.<\/p>\n<p>Accident sur l\u2019A72, battue organis\u00e9e pr\u00e8s de Roanne<\/p>\n<p class=\" wall-content\">Le 12\u00a0d\u00e9cembre, \u200bun accident a eu lieu sur l\u2019autoroute A72, entre La Fouillouse et Andr\u00e9zieux-Bouth\u00e9on, o\u00f9 l\u2019autoroute a \u00e9t\u00e9 totalement ferm\u00e9e \u00e0 la circulation dans les deux sens afin de permettre l\u2019\u00e9vacuation d\u2019un <strong>animal bless\u00e9<\/strong>, en l\u2019occurrence un sanglier.<\/p>\n<p class=\" wall-content\">Ce mardi 16\u00a0d\u00e9cembre, alors que les <a href=\"https:\/\/actu.fr\/auvergne-rhone-alpes\/villerest_42332\/loire-les-sangliers-font-des-degats-dans-ces-communes-des-mesures-prises_63598197.html\" target=\"_blank\" rel=\"noopener\">communes de Villerest et de Commelle-Vernay<\/a> font face \u00e0 des d\u00e9g\u00e2ts r\u00e9currents de sangliers tant sur les propri\u00e9t\u00e9s priv\u00e9es que sur les parcelles agricoles, la pr\u00e9f\u00e8te de la Loire a autoris\u00e9 par arr\u00eat\u00e9 la mise en \u0153uvre des battues de destruction et de d\u00e9cantonnement sur ces communes.<\/p>\n<p class=\" wall-content\">Personnalisez votre actualit\u00e9 en ajoutant vos villes et m\u00e9dias en favori avec <a href=\"https:\/\/moncompte.actu.fr\" title=\"D\u00e9couvez Mon Actu\" rel=\"nofollow noopener\" data-trk=\"{&quot;cta&quot;:{&quot;action&quot;:&quot;https:\\\/\\\/moncompte.actu.fr&quot;,&quot;category&quot;:&quot;mon compte&quot;,&quot;from&quot;:&quot;article footer&quot;,&quot;name&quot;:&quot;Mon actu&quot;,&quot;type&quot;:&quot;cta&quot;}}\" target=\"_blank\">Mon Actu<\/a>.<\/p>\n","protected":false},"excerpt":{"rendered":"Par R\u00e9daction Saint-\u00c9tienne Publi\u00e9 le 22 d\u00e9c. 2025 \u00e0 10h28 Les sangliers aiment la Loire. Le samedi 20\u00a0d\u00e9cembre&hellip;\n","protected":false},"author":2,"featured_media":616966,"comment_status":"","ping_status":"","sticky":false,"template":"","format":"standard","meta":{"footnotes":""},"categories":[9653],"tags":[1111,11,1867,2430,1777,674,1011,27,12,25,18458,4001,104],"class_list":{"0":"post-616965","1":"post","2":"type-post","3":"status-publish","4":"format-standard","5":"has-post-thumbnail","7":"category-saint-etienne","8":"tag-actu","9":"tag-actualites","10":"tag-animaux","11":"tag-auvergne-rhone-alpes","12":"tag-eu","13":"tag-europe","14":"tag-fr","15":"tag-france","16":"tag-news","17":"tag-republique-francaise","18":"tag-route-nationale-88-rn88","19":"tag-saint-etienne","20":"tag-societe"},"share_on_mastodon":{"url":"https:\/\/pubeurope.com\/@fr\/115766368883133881","error":""},"_links":{"self":[{"href":"https:\/\/www.europesays.com\/fr\/wp-json\/wp\/v2\/posts\/616965","targetHints":{"allow":["GET"]}}],"collection":[{"href":"https:\/\/www.europesays.com\/fr\/wp-json\/wp\/v2\/posts"}],"about":[{"href":"https:\/\/www.europesays.com\/fr\/wp-json\/wp\/v2\/types\/post"}],"author":[{"embeddable":true,"href":"https:\/\/www.europesays.com\/fr\/wp-json\/wp\/v2\/users\/2"}],"replies":[{"embeddable":true,"href":"https:\/\/www.europesays.com\/fr\/wp-json\/wp\/v2\/comments?post=616965"}],"version-history":[{"count":0,"href":"https:\/\/www.europesays.com\/fr\/wp-json\/wp\/v2\/posts\/616965\/revisions"}],"wp:featuredmedia":[{"embeddable":true,"href":"https:\/\/www.europesays.com\/fr\/wp-json\/wp\/v2\/media\/616966"}],"wp:attachment":[{"href":"https:\/\/www.europesays.com\/fr\/wp-json\/wp\/v2\/media?parent=616965"}],"wp:term":[{"taxonomy":"category","embeddable":true,"href":"https:\/\/www.europesays.com\/fr\/wp-json\/wp\/v2\/categories?post=616965"},{"taxonomy":"post_tag","embeddable":true,"href":"https:\/\/www.europesays.com\/fr\/wp-json\/wp\/v2\/tags?post=616965"}],"curies":[{"name":"wp","href":"https:\/\/api.w.org\/{rel}","templated":true}]}}