{"id":616974,"date":"2025-12-23T01:59:22","date_gmt":"2025-12-23T01:59:22","guid":{"rendered":"https:\/\/www.europesays.com\/fr\/616974\/"},"modified":"2025-12-23T01:59:22","modified_gmt":"2025-12-23T01:59:22","slug":"rosa-bursztein-a-canteleu-2026","status":"publish","type":"post","link":"https:\/\/www.europesays.com\/fr\/616974\/","title":{"rendered":"Rosa Bursztein \u00e0 Canteleu 2026"},"content":{"rendered":"<p class=\"intro\">Rosa Bursztein revient sur sc\u00e8ne avec son nouveau spectacle\u00a0\u00ab\u00a0D\u00e9doubl\u00e9e\u00a0\u00bb le jeudi 30 avril 2026 \u00e0 20h \u00e0 l&rsquo;Espace culturel Fran\u00e7ois Mitterrand de Canteleu. L&rsquo;humoriste y poursuit son r\u00e9cit sur la qu\u00eate amoureuse et explore ses contradictions personnelles avec son style direct et sans tabou. Cette repr\u00e9sentation unique en Seine-Maritime promet 80 minutes d&rsquo;humour authentique et de r\u00e9flexions sur notre \u00e9poque. Les billets sont disponibles \u00e0 partir de 18,55\u00a0\u20ac.<\/p>\n<p>\u00c0 Canteleu, Rosa Bursztein investit la sc\u00e8ne de l&rsquo;Espace culturel Fran\u00e7ois Mitterrand<\/p>\n<p>Dans\u00a0\u00ab\u00a0D\u00e9doubl\u00e9e\u00a0\u00bb, Rosa Bursztein creuse ses contradictions de <strong>mauvaise f\u00e9ministe<\/strong> et de <strong>mauvaise \u00e9cologiste<\/strong>, tout en se questionnant sur les d\u00e9fis du couple et de la maternit\u00e9. Ce spectacle de Rosa Bursztein \u00e0 l&rsquo;Esp.culturel Francois Mitterrand Canteleu retrace l&rsquo;histoire familiale de l&rsquo;artiste et interroge notre soci\u00e9t\u00e9 contemporaine \u00e0 travers le prisme de l&rsquo;humour. L&rsquo;humoriste y d\u00e9veloppe sa r\u00e9flexion sur le pouvoir secret des f\u00e9es et explore les dynamiques relationnelles avec sa verve habituelle.<\/p>\n<p><img decoding=\"async\" loading=\"lazy\" src=\"https:\/\/www.europesays.com\/fr\/wp-content\/uploads\/2025\/12\/rosa-bursztein---d-doubl-e-tickets_268182_2395727_222x222.jpg\" alt=\"Rosa Bursztein \u2013 D\u00e9doubl\u00e9e\" class=\"border\"\/><\/p>\n<p>Cette repr\u00e9sentation en <strong>Haute-Normandie<\/strong> s&rsquo;inscrit dans la continuit\u00e9 de sa tourn\u00e9e nationale d\u00e9but\u00e9e en septembre 2024. Le public canteleusien pourra d\u00e9couvrir l&rsquo;univers cru et auto-d\u00e9risoire de cette figure montante de l&rsquo;humour fran\u00e7ais, qui n&rsquo;h\u00e9site pas \u00e0 aborder les sujets les plus intimes. Pour d\u00e9couvrir d&rsquo;autres <a href=\"https:\/\/www.jds.fr\/rouen\/agenda\/sorties-culturelles-spectacles-expositions-cinema-470_B\" target=\"_blank\" rel=\"noopener\">spectacles programm\u00e9s dans la r\u00e9gion rouennaise<\/a>, les amateurs de culture trouveront une programmation vari\u00e9e.<\/p>\n<p>Billetterie pour Rosa Bursztein\u00a0\u00ab\u00a0D\u00e9doubl\u00e9e\u00a0\u00bb \u00e0 l&rsquo;Espace culturel Fran\u00e7ois Mitterrand<\/p>\n<p><a class=\"btn btn-lg shadow-lg btn-primary rounded-pill fnac_link\" data-fnac=\"in_article\" href=\"https:\/\/www.awin1.com\/pclick.php?p=43506638929&amp;a=634278&amp;m=12494&amp;clickref=in_article-A-desktop\" target=\"_blank\" rel=\"nofollow noopener\"> Acheter des billets<\/a><\/p>\n<p>L&rsquo;Espace culturel Fran\u00e7ois Mitterrand de Canteleu accueille cette repr\u00e9sentation avec des <strong>billets \u00e0 partir de 18,55\u00a0\u20ac<\/strong>. La popularit\u00e9 croissante de Rosa Bursztein depuis sa tourn\u00e9e nationale garantit une soir\u00e9e m\u00e9morable aux spectateurs. Pour <strong>r\u00e9server<\/strong> vos places et profiter de ce <strong>prix<\/strong> attractif, il est conseill\u00e9 d&rsquo;anticiper votre achat. Vous pouvez \u00e9galement consulter <a href=\"https:\/\/www.jds.fr\/artistes\/rosa-bursztein-458_N\" target=\"_blank\" rel=\"noopener\">les autres dates de Rosa Bursztein<\/a> programm\u00e9es dans sa tourn\u00e9e nationale.<\/p>\n<p>Le parcours artistique de Rosa Bursztein<\/p>\n<p>Rosa Bursztein s&rsquo;est impos\u00e9e dans le paysage humoristique fran\u00e7ais par son <strong>style direct et sans tabou<\/strong>. Elle appartient \u00e0 la nouvelle g\u00e9n\u00e9ration d&rsquo;humoristes femmes qui d\u00e9construisent les st\u00e9r\u00e9otypes de genre, abordant avec authenticit\u00e9 les relations amoureuses, la sexualit\u00e9 et les contradictions personnelles. Son \u00e9criture <strong>intime et auto-d\u00e9risoire<\/strong> puise dans son v\u00e9cu personnel pour cr\u00e9er des spectacles percutants.<\/p>\n<p>Au-del\u00e0 de la sc\u00e8ne, Rosa Bursztein diversifie ses cr\u00e9ations avec des <strong>films<\/strong> comme\u00a0\u00ab\u00a014 jours pour aller mieux\u00a0\u00bb et l&rsquo;animation du podcast reconnu <strong>\u00ab\u00a0Les mecs que je veux ken\u00a0\u00bb<\/strong>. Sa forte visibilit\u00e9 m\u00e9diatique sur France Inter et dans l&rsquo;\u00e9mission\u00a0\u00ab\u00a0Quotidien\u00a0\u00bb t\u00e9moigne de son influence grandissante dans le monde du divertissement fran\u00e7ais.<\/p>\n<p>Comment aller \u00e0 l&rsquo;Espace culturel Fran\u00e7ois Mitterrand \u00e0 Canteleu\u00a0?<\/p>\n<p>Depuis Rouen, l&rsquo;<strong>acc\u00e8s en voiture<\/strong> s&rsquo;effectue via la D982 en direction de Canteleu pour un trajet d&rsquo;environ <strong>15 minutes<\/strong>. L&rsquo;<a href=\"https:\/\/www.jds.fr\/rouen\/canteleu\/centres-de-loisirs-et-de-culture\/esp-culturel-francois-mitterrand-16376_L\" target=\"_blank\" rel=\"noopener\">Espace culturel Fran\u00e7ois Mitterrand<\/a> \u00e9tant situ\u00e9 en c\u0153ur de ville, plusieurs options de stationnement sont disponibles aux alentours du <strong>Boulevard Claude Monet<\/strong>. Il est recommand\u00e9 de contacter directement l&rsquo;\u00e9tablissement pour conna\u00eetre les zones de stationnement pr\u00e9cises.<\/p>\n<p>Les <strong>transports en commun<\/strong> constituent une alternative pratique gr\u00e2ce au r\u00e9seau Astuce qui dessert Canteleu depuis la m\u00e9tropole rouennaise. Plusieurs <strong>lignes de bus<\/strong> permettent de rejoindre cette commune de Seine-Maritime depuis Rouen et les communes environnantes. Pour planifier votre itin\u00e9raire, consultez le site officiel du r\u00e9seau Astuce ou contactez l&rsquo;\u00e9tablissement au <strong>02.35.36.95.95<\/strong>.<\/p>\n<p class=\"mise_en_avant\">Notre conseil\u00a0: privil\u00e9giez les transports en commun du r\u00e9seau Astuce pour \u00e9viter les contraintes de stationnement en centre-ville de Canteleu.<\/p>\n","protected":false},"excerpt":{"rendered":"Rosa Bursztein revient sur sc\u00e8ne avec son nouveau spectacle\u00a0\u00ab\u00a0D\u00e9doubl\u00e9e\u00a0\u00bb le jeudi 30 avril 2026 \u00e0 20h \u00e0 l&rsquo;Espace&hellip;\n","protected":false},"author":2,"featured_media":616975,"comment_status":"","ping_status":"","sticky":false,"template":"","format":"standard","meta":{"footnotes":""},"categories":[9587],"tags":[1111,11,1777,674,1011,27,12,5161,25,9590],"class_list":{"0":"post-616974","1":"post","2":"type-post","3":"status-publish","4":"format-standard","5":"has-post-thumbnail","7":"category-rouen","8":"tag-actu","9":"tag-actualites","10":"tag-eu","11":"tag-europe","12":"tag-fr","13":"tag-france","14":"tag-news","15":"tag-normandie","16":"tag-republique-francaise","17":"tag-rouen"},"share_on_mastodon":{"url":"https:\/\/pubeurope.com\/@fr\/115766413462271828","error":""},"_links":{"self":[{"href":"https:\/\/www.europesays.com\/fr\/wp-json\/wp\/v2\/posts\/616974","targetHints":{"allow":["GET"]}}],"collection":[{"href":"https:\/\/www.europesays.com\/fr\/wp-json\/wp\/v2\/posts"}],"about":[{"href":"https:\/\/www.europesays.com\/fr\/wp-json\/wp\/v2\/types\/post"}],"author":[{"embeddable":true,"href":"https:\/\/www.europesays.com\/fr\/wp-json\/wp\/v2\/users\/2"}],"replies":[{"embeddable":true,"href":"https:\/\/www.europesays.com\/fr\/wp-json\/wp\/v2\/comments?post=616974"}],"version-history":[{"count":0,"href":"https:\/\/www.europesays.com\/fr\/wp-json\/wp\/v2\/posts\/616974\/revisions"}],"wp:featuredmedia":[{"embeddable":true,"href":"https:\/\/www.europesays.com\/fr\/wp-json\/wp\/v2\/media\/616975"}],"wp:attachment":[{"href":"https:\/\/www.europesays.com\/fr\/wp-json\/wp\/v2\/media?parent=616974"}],"wp:term":[{"taxonomy":"category","embeddable":true,"href":"https:\/\/www.europesays.com\/fr\/wp-json\/wp\/v2\/categories?post=616974"},{"taxonomy":"post_tag","embeddable":true,"href":"https:\/\/www.europesays.com\/fr\/wp-json\/wp\/v2\/tags?post=616974"}],"curies":[{"name":"wp","href":"https:\/\/api.w.org\/{rel}","templated":true}]}}