{"id":616978,"date":"2025-12-23T02:04:21","date_gmt":"2025-12-23T02:04:21","guid":{"rendered":"https:\/\/www.europesays.com\/fr\/616978\/"},"modified":"2025-12-23T02:04:21","modified_gmt":"2025-12-23T02:04:21","slug":"un-joyau-du-fc-lorient-denichee-en-cas-de-depart-de-fofana","status":"publish","type":"post","link":"https:\/\/www.europesays.com\/fr\/616978\/","title":{"rendered":"Un joyau du FC Lorient d\u00e9nich\u00e9e en cas de d\u00e9part de Fofana ?"},"content":{"rendered":"<p>                                            Publi\u00e9 le 22\/12\/2025 \u00e0 20h21<br \/>\n                                                                                3 minutes de lecture\n                                                                    <\/p>\n<p>F\u00e9ru de sport et plus particuli\u00e8rement de ballon rond depuis ma plus tendre enfance.<\/p>\n<p>                                            Lire la suite<\/p>\n<p>Le mercato hivernal s\u00a0\u00bbannonce d\u00e9j\u00e0 mouvement\u00e9 du c\u00f4t\u00e9 du Stade Rennais, o\u00f9 <strong>Habib Beye<\/strong> et sa cellule de recrutement scrutent attentivement le march\u00e9 des transferts. Dans cette optique strat\u00e9gique, le nom d&rsquo;<strong>Arthur Avom<\/strong>, jeune prodige camerounais du FC Lorient, \u00e9merge comme une priorit\u00e9 absolue pour renforcer l&rsquo;entrejeu breton. Cette piste s&rsquo;inscrit dans une d\u00e9marche plus large de renouvellement de l&rsquo;effectif, particuli\u00e8rement en cas de d\u00e9part de <strong>Seko Fofana<\/strong>, dont l&rsquo;avenir au club semble de plus en plus incertain. La valorisation du joueur lorientais, estim\u00e9e \u00e0 <strong>9 millions d&rsquo;euros<\/strong>, repr\u00e9sente un investissement consid\u00e9rable mais raisonnable pour un club ambitieux comme Rennes. Cette op\u00e9ration t\u00e9moigne de la volont\u00e9 de la direction bretonne de continuer \u00e0 miser sur de jeunes talents prometteurs, tout en s&rsquo;inscrivant dans une concurrence europ\u00e9enne f\u00e9roce avec des clubs comme <strong>Bruges<\/strong> et <strong>Galatasaray<\/strong> \u00e9galement sur les rangs.<\/p>\n<p>                                <img decoding=\"async\" src=\"https:\/\/www.europesays.com\/fr\/wp-content\/uploads\/2025\/04\/1744123449_543_logo.png\" alt=\"Logo\"\/><\/p>\n<p>100\u20ac offerts sur ton 1er pari !<\/p>\n<p>                            <a href=\"https:\/\/www.score.fr\/redirection\/1\/\" class=\"headband-button\" target=\"_blank\" rel=\"noopener\">J&rsquo;en profite<\/a><\/p>\n<p>                                                                <img loading=\"lazy\" decoding=\"async\" src=\"https:\/\/www.europesays.com\/fr\/wp-content\/uploads\/2025\/12\/mercato-rennes-un-joyau-du-fc-lorient-denichee-en-cas-de-depart-de-fofana.jpg\" alt=\"Illustration : &quot;Mercato Rennes : Un joyau du FC Lorient d\u00e9nich\u00e9e en cas de d\u00e9part de Fofana ?&quot;\" class=\"figure-img img-fluid\" width=\"780\" height=\"478\"\/><\/p>\n<p>                                    \u00a9 Site officiel du Stade Rennais                                <\/p>\n<p>Un ph\u00e9nom\u00e8ne en pleine \u00e9closion \u00e0 Lorient<\/p>\n<p>\u00c0 seulement <strong>21 ans<\/strong>, Arthur Avom s&rsquo;impose d\u00e9j\u00e0 comme l&rsquo;une des r\u00e9v\u00e9lations majeures de cette saison de Ligue 1, confirmant son statut de p\u00e9pite du football camerounais. Son parcours fulgurant avec les <strong>Merlus<\/strong> t\u00e9moigne d&rsquo;une progression remarquable qui n&rsquo;a pas \u00e9chapp\u00e9 aux observateurs les plus avis\u00e9s du championnat fran\u00e7ais. Milieu de terrain polyvalent, il d\u00e9montre une capacit\u00e9 d&rsquo;adaptation exceptionnelle qui lui permet d&rsquo;\u00e9voluer \u00e0 diff\u00e9rents postes selon les besoins tactiques de son \u00e9quipe. Cette polyvalence, coupl\u00e9e \u00e0 ses qualit\u00e9s techniques ind\u00e9niables, en fait un profil particuli\u00e8rement recherch\u00e9 sur le march\u00e9 des transferts. Sa r\u00e9cente s\u00e9lection en <strong>\u00e9quipe nationale camerounaise<\/strong> vient couronner une ascension fulgurante et confirme son potentiel international. Les performances convaincantes qu&rsquo;il encha\u00eene semaine apr\u00e8s semaine attirent d\u00e9sormais l&rsquo;attention de nombreux clubs europ\u00e9ens, faisant de lui l&rsquo;un des joueurs les plus courtis\u00e9s de sa g\u00e9n\u00e9ration.<\/p>\n<p>La strat\u00e9gie rennaise face \u00e0 la concurrence europ\u00e9enne<\/p>\n<p>La cellule de recrutement du Stade Rennais, forte de ses succ\u00e8s pass\u00e9s dans la d\u00e9tection de jeunes talents comme <strong>Enzo Le F\u00e9e<\/strong>, voit en Avom le profil id\u00e9al pour poursuivre cette politique ambitieuse. L&rsquo;impact physique du joueur camerounais, combin\u00e9 \u00e0 sa technique raffin\u00e9e et \u00e0 sa marge de progression consid\u00e9rable, s\u00e9duit particuli\u00e8rement <strong>Habib Beye<\/strong> qui y voit un potentiel coup de g\u00e9nie pour dynamiser le jeu rennais. Au Roazhon Park, on imagine d\u00e9j\u00e0 l&rsquo;apport qu&rsquo;il pourrait repr\u00e9senter aux c\u00f4t\u00e9s de joueurs exp\u00e9riment\u00e9s comme <strong>Valentin Rongier<\/strong> ou <strong>Madhi Camara<\/strong>, dans l&rsquo;optique de revitaliser une ligne m\u00e9diane en qu\u00eate de renouveau. Cependant, la concurrence s&rsquo;annonce rude avec des clubs europ\u00e9ens de renom comme le <strong>FC Bruges<\/strong> et <strong>Galatasaray<\/strong> \u00e9galement positionn\u00e9s sur ce dossier. Cette rivalit\u00e9 internationale ne fait qu&rsquo;accentuer l&rsquo;urgence pour Rennes de finaliser rapidement cette op\u00e9ration, tout en restant vigilant sur les aspects financiers pour \u00e9viter une surench\u00e8re pr\u00e9judiciable.<\/p>\n<p>Les d\u00e9fis contractuels et les enjeux du transfert<\/p>\n<p>Le dossier Avom pr\u00e9sente des complexit\u00e9s particuli\u00e8res li\u00e9es \u00e0 sa situation contractuelle avec Lorient, o\u00f9 une <strong>clause automatique<\/strong> pourrait prolonger son bail d&rsquo;une saison suppl\u00e9mentaire malgr\u00e9 une \u00e9ch\u00e9ance initialement pr\u00e9vue en juin. Cette donn\u00e9e contractuelle constitue un \u00e9l\u00e9ment de n\u00e9gociation crucial qui pourrait influencer les modalit\u00e9s et le calendrier de ce transfert potentiel. Pour le Stade Rennais, s&rsquo;attacher les services d&rsquo;un tel joueur repr\u00e9senterait un signal fort sur le march\u00e9 des transferts et t\u00e9moignerait de l&rsquo;ambition du club de se positionner durablement dans la course europ\u00e9enne. Cette op\u00e9ration s&rsquo;inscrit dans une strat\u00e9gie plus globale de renouvellement de l&rsquo;effectif autour des cadres existants, avec l&rsquo;objectif de cr\u00e9er une dynamique positive pour les \u00e9ch\u00e9ances \u00e0 venir. Le contexte impr\u00e9visible du mercato moderne rend n\u00e9anmoins l&rsquo;issue de cette n\u00e9gociation incertaine, d&rsquo;autant plus que la concurrence europ\u00e9enne ne faiblit pas.<\/p>\n<p><strong>Ce samedi 3 janvier, le Stade Rennais se d\u00e9place \u00e0 Lille pour lancer son ann\u00e9e 2026 en Ligue 1. \u00c0 cette occasion, profitez de 100\u20ac offerts pour votre premi\u00e8re inscription sur Parions Sport en Ligne. <\/strong><a href=\"https:\/\/www.score.fr\/redirection\/1\/\" target=\"_blank\" rel=\"noopener\"><strong>Les Rouge et Noir cr\u00e9ent la sensation dans le Nord ? Pariez sur une victoire du Stade Rennais face au LOSC vous rapporte jusqu\u2019\u00e0 375 \u20ac !<\/strong><\/a><\/p>\n<p><strong>Pour en profiter, c\u2019est tr\u00e8s simple :<\/strong><\/p>\n<p><strong>&#8211; Cr\u00e9ez votre compte joueur en seulement 2 \u00e9tapes <\/strong><a href=\"https:\/\/www.score.fr\/redirection\/1\/\" target=\"_blank\" rel=\"noopener\"><strong>ici<\/strong><\/a><\/p>\n<p><strong>&#8211; R\u00e9alisez votre 1er d\u00e9p\u00f4t puis placez votre 1er pari (Minimum 5\u20ac)<\/strong><\/p>\n<p><strong>&#8211; Une fois votre 1er d\u00e9p\u00f4t et votre 1er pari r\u00e9alis\u00e9s, l\u2019int\u00e9gralit\u00e9 du montant de ce 1er pari sera cr\u00e9dit\u00e9e sur votre compte joueur dans la limite de 100\u20ac maximum et sous la forme de cr\u00e9dits de jeu non retirables. Le cr\u00e9dit s\u2019effectuera alors en une seule \u00e9tape et sous 3 jours<\/strong><\/p>\n<p><strong>Jouer comporte des risques : endettement, d\u00e9pendance\u2026 Appelez le 09 74 75 13 13 (appel non surtax\u00e9)<\/strong><\/p>\n","protected":false},"excerpt":{"rendered":"Publi\u00e9 le 22\/12\/2025 \u00e0 20h21 3 minutes de lecture F\u00e9ru de sport et plus particuli\u00e8rement de ballon rond&hellip;\n","protected":false},"author":2,"featured_media":616979,"comment_status":"","ping_status":"","sticky":false,"template":"","format":"standard","meta":{"footnotes":""},"categories":[2821],"tags":[1111,11,829,1777,674,1011,27,12,584,25],"class_list":{"0":"post-616978","1":"post","2":"type-post","3":"status-publish","4":"format-standard","5":"has-post-thumbnail","7":"category-rennes","8":"tag-actu","9":"tag-actualites","10":"tag-bretagne","11":"tag-eu","12":"tag-europe","13":"tag-fr","14":"tag-france","15":"tag-news","16":"tag-rennes","17":"tag-republique-francaise"},"share_on_mastodon":{"url":"https:\/\/pubeurope.com\/@fr\/115766433240909179","error":""},"_links":{"self":[{"href":"https:\/\/www.europesays.com\/fr\/wp-json\/wp\/v2\/posts\/616978","targetHints":{"allow":["GET"]}}],"collection":[{"href":"https:\/\/www.europesays.com\/fr\/wp-json\/wp\/v2\/posts"}],"about":[{"href":"https:\/\/www.europesays.com\/fr\/wp-json\/wp\/v2\/types\/post"}],"author":[{"embeddable":true,"href":"https:\/\/www.europesays.com\/fr\/wp-json\/wp\/v2\/users\/2"}],"replies":[{"embeddable":true,"href":"https:\/\/www.europesays.com\/fr\/wp-json\/wp\/v2\/comments?post=616978"}],"version-history":[{"count":0,"href":"https:\/\/www.europesays.com\/fr\/wp-json\/wp\/v2\/posts\/616978\/revisions"}],"wp:featuredmedia":[{"embeddable":true,"href":"https:\/\/www.europesays.com\/fr\/wp-json\/wp\/v2\/media\/616979"}],"wp:attachment":[{"href":"https:\/\/www.europesays.com\/fr\/wp-json\/wp\/v2\/media?parent=616978"}],"wp:term":[{"taxonomy":"category","embeddable":true,"href":"https:\/\/www.europesays.com\/fr\/wp-json\/wp\/v2\/categories?post=616978"},{"taxonomy":"post_tag","embeddable":true,"href":"https:\/\/www.europesays.com\/fr\/wp-json\/wp\/v2\/tags?post=616978"}],"curies":[{"name":"wp","href":"https:\/\/api.w.org\/{rel}","templated":true}]}}