{"id":616986,"date":"2025-12-23T02:09:23","date_gmt":"2025-12-23T02:09:23","guid":{"rendered":"https:\/\/www.europesays.com\/fr\/616986\/"},"modified":"2025-12-23T02:09:23","modified_gmt":"2025-12-23T02:09:23","slug":"logc-nice-se-lance-a-lassaut-dun-international-marocain","status":"publish","type":"post","link":"https:\/\/www.europesays.com\/fr\/616986\/","title":{"rendered":"L\u2019OGC Nice se lance \u00e0 l\u2019assaut d\u2019un international marocain !"},"content":{"rendered":"<p>Le mercato hivernal approche \u00e0 grands pas et l\u2019OGC Nice n\u2019a pas l\u2019intention de rester spectateur. En coulisses, les dirigeants azur\u00e9ens, marqu\u00e9s par le retour de Jean-Pierre Riv\u00e8re aux bureaux, s\u2019activent d\u00e9j\u00e0 pour renforcer un effectif qui devra tenir la distance sur la seconde partie de saison. Apr\u00e8s les nombreuses rumeurs ayant entour\u00e9 le dossier Elye Wahi, qui a d\u2019ailleurs <a href=\"https:\/\/www.footmercato.net\/a1870859475977549575-elye-wahi-a-donne-son-accord-a-nice\" target=\"_blank\" rel=\"noopener\">donn\u00e9 son accord pour rejoindre la C\u00f4te d\u2019Azur d\u00e8s cet hiver<\/a>, le Gym explore aussi en parall\u00e8le d\u2019autres pistes, notamment au milieu de terrain. L\u2019objectif est clair avec la mission d\u2019apporter de la qualit\u00e9, de la profondeur et de l\u2019exp\u00e9rience internationale \u00e0 un groupe ambitieux, engag\u00e9 dans une lutte acharn\u00e9e pour les places europ\u00e9ennes en <a href=\"https:\/\/www.footmercato.net\/france\/ligue-1\/\" target=\"_blank\" rel=\"noopener\">Ligue 1<\/a>. Ces derniers mois, l\u2019OGC Nice traverse une crise interne et sportive profonde qui d\u00e9passe largement les simples r\u00e9sultats sur le terrain. <\/p>\n<p>            La suite apr\u00e8s cette publicit\u00e9<\/p>\n<p>Sous la direction de Franck Haise, le club a vu son d\u00e9but de saison s\u2019enliser avec une s\u00e9rie de mauvais r\u00e9sultats, dont six d\u00e9faites cons\u00e9cutives en Ligue 1, qui ont mis \u00e0 mal la confiance collective. Cette spirale n\u00e9gative s\u2019est traduite par une atmosph\u00e8re explosive autour du vestiaire. Apr\u00e8s le revers (3-1) contre Lorient, des ultras ni\u00e7ois ont agress\u00e9 physiquement des joueurs en marge d\u2019un rassemblement devant le centre d\u2019entra\u00eenement, ciblant notamment Terem Moffi et J\u00e9r\u00e9mie Boga, <a href=\"https:\/\/www.footmercato.net\/a4421112928469161470-coups-crachats-insultes-les-coulisses-de-la-confrontation-violente-entre-les-joueurs-de-nice-et-leurs-supporters\" target=\"_blank\" rel=\"noopener\">qui ont affirm\u00e9 avoir \u00e9t\u00e9 frapp\u00e9s et insult\u00e9s<\/a>. Des faits pour lesquels ils ont port\u00e9 plainte. Cette crise a pris une tournure institutionnelle avec l\u2019ouverture d\u2019une enqu\u00eate judiciaire, des arr\u00eats maladie pour les joueurs vis\u00e9s, et m\u00eame des soutiens publics de la ministre des Sports, tant l\u2019incident a heurt\u00e9 l\u2019ensemble du monde du football. Sur le plan sportif, <a href=\"https:\/\/www.footmercato.net\/club\/ogc-nice\/\" target=\"_blank\" rel=\"noopener\">Nice<\/a> encha\u00eene les contre-performances, se retrouve \u00e9loign\u00e9 de ses ambitions europ\u00e9ennes et doit g\u00e9rer une tension palpable entre un groupe fragilis\u00e9 et une base de supporters divis\u00e9e, ce qui renforce d\u2019autant plus l\u2019urgence d\u2019un mercato hivernal ma\u00eetris\u00e9.<\/p>\n<p>        Un Ni\u00e7ois de retour au bercail ?<\/p>\n<p>C\u2019est dans ce contexte que le nom d\u2019Amir Richardson est revenu avec insistance. Selon les informations de Fabrizio Romano, l\u2019OGC Nice a approch\u00e9 la <a href=\"https:\/\/www.footmercato.net\/club\/acf-fiorentina\/\" target=\"_blank\" rel=\"noopener\">Fiorentina<\/a> pour s\u2019informer de la situation du milieu de terrain international marocain. Richardson figure sur la short-list de plusieurs clubs en vue du mois de janvier, preuve de sa cote grandissante en Europe. N\u00e9 \u00e0 Nice et pass\u00e9 par le club azur\u00e9en durant sa formation, le joueur de 23 ans pourrait ainsi envisager un retour aux sources, une option qui s\u00e9duit en interne. International marocain, dot\u00e9 d\u2019un gros volume de jeu et d\u2019un profil moderne, Richardson coche de nombreuses cases recherch\u00e9es par le staff ni\u00e7ois.<\/p>\n<p>            La suite apr\u00e8s cette publicit\u00e9<\/p>\n<p>Du c\u00f4t\u00e9 de la Fiorentina, la situation est bien plus d\u00e9licate. Le club italien traverse une p\u00e9riode de turbulences sportives et financi\u00e8res, avec des r\u00e9sultats en dents de scie et une pression croissante autour de la direction. Toujours selon Fabrizio Romano, la Viola pourrait \u00eatre contrainte de vendre certains \u00e9l\u00e9ments \u00e0 forte valeur marchande afin de r\u00e9\u00e9quilibrer ses finances lors du prochain mercato et surtout \u00e9viter une r\u00e9l\u00e9gation en Serie B. <a href=\"https:\/\/www.footmercato.net\/joueur\/amir-richardson\/\" target=\"_blank\" rel=\"noopener\">Amir Richardson<\/a> fait partie des joueurs susceptibles de rapporter une somme int\u00e9ressante, et Nice pourrait tenter de profiter de ce contexte instable pour avancer ses pions. Un dossier \u00e0 suivre de tr\u00e8s pr\u00e8s dans les semaines \u00e0 venir.<\/p>\n<p>\n    Pub. le 22\/12\/2025 21:49<br \/>\n            &#8211; MAJ le 23\/12\/2025 00:05\n    <\/p>\n","protected":false},"excerpt":{"rendered":"Le mercato hivernal approche \u00e0 grands pas et l\u2019OGC Nice n\u2019a pas l\u2019intention de rester spectateur. En coulisses,&hellip;\n","protected":false},"author":2,"featured_media":563049,"comment_status":"","ping_status":"","sticky":false,"template":"","format":"standard","meta":{"footnotes":""},"categories":[2819],"tags":[1111,11,1777,674,1011,27,12,2401,882,25],"class_list":{"0":"post-616986","1":"post","2":"type-post","3":"status-publish","4":"format-standard","5":"has-post-thumbnail","7":"category-nice","8":"tag-actu","9":"tag-actualites","10":"tag-eu","11":"tag-europe","12":"tag-fr","13":"tag-france","14":"tag-news","15":"tag-nice","16":"tag-provence-alpes-cote-dazur","17":"tag-republique-francaise"},"share_on_mastodon":{"url":"https:\/\/pubeurope.com\/@fr\/115766451447489815","error":""},"_links":{"self":[{"href":"https:\/\/www.europesays.com\/fr\/wp-json\/wp\/v2\/posts\/616986","targetHints":{"allow":["GET"]}}],"collection":[{"href":"https:\/\/www.europesays.com\/fr\/wp-json\/wp\/v2\/posts"}],"about":[{"href":"https:\/\/www.europesays.com\/fr\/wp-json\/wp\/v2\/types\/post"}],"author":[{"embeddable":true,"href":"https:\/\/www.europesays.com\/fr\/wp-json\/wp\/v2\/users\/2"}],"replies":[{"embeddable":true,"href":"https:\/\/www.europesays.com\/fr\/wp-json\/wp\/v2\/comments?post=616986"}],"version-history":[{"count":0,"href":"https:\/\/www.europesays.com\/fr\/wp-json\/wp\/v2\/posts\/616986\/revisions"}],"wp:featuredmedia":[{"embeddable":true,"href":"https:\/\/www.europesays.com\/fr\/wp-json\/wp\/v2\/media\/563049"}],"wp:attachment":[{"href":"https:\/\/www.europesays.com\/fr\/wp-json\/wp\/v2\/media?parent=616986"}],"wp:term":[{"taxonomy":"category","embeddable":true,"href":"https:\/\/www.europesays.com\/fr\/wp-json\/wp\/v2\/categories?post=616986"},{"taxonomy":"post_tag","embeddable":true,"href":"https:\/\/www.europesays.com\/fr\/wp-json\/wp\/v2\/tags?post=616986"}],"curies":[{"name":"wp","href":"https:\/\/api.w.org\/{rel}","templated":true}]}}