{"id":616996,"date":"2025-12-23T02:18:19","date_gmt":"2025-12-23T02:18:19","guid":{"rendered":"https:\/\/www.europesays.com\/fr\/616996\/"},"modified":"2025-12-23T02:18:19","modified_gmt":"2025-12-23T02:18:19","slug":"un-truc-chaud-un-mot-doux-une-association-collecte-des-colis-de-noel-pour-les-offrir-aux-sans-abri-de-montauban-et-de-toulouse","status":"publish","type":"post","link":"https:\/\/www.europesays.com\/fr\/616996\/","title":{"rendered":"\u00ab\u00a0Un truc chaud, un mot doux\u00a0\u00bb\u00a0: une association collecte des colis de No\u00ebl pour les offrir aux sans-abri de Montauban et de Toulouse"},"content":{"rendered":"<p>\n                                                                    l&rsquo;essentiel<br \/>\n                                                                Les id\u00e9es les plus simples sont souvent les meilleures. Dans le Tarn-et-Garonne, l\u2019association Occitalien mobilise mairies, \u00e9coles et associations pour remplir des bo\u00eetes \u00e0 chaussures de petits cadeaux destin\u00e9s aux personnes les plus pr\u00e9caires. La tourn\u00e9e des colis de No\u00ebl a d\u00e9but\u00e9 dans les rues de Montauban et de Toulouse.\n                            <\/p>\n<p>\u00ab\u00a0N\u2019a-t-on pas tous droit \u00e0 un cadeau\u00a0?\u00a0\u00bb. Pascal Serrier fait sienne cette devise dans cette \u00ab\u00a0p\u00e9riode si incertaine\u00a0\u00bb. Le pr\u00e9sident de l\u2019association Occitalien, bas\u00e9e \u00e0 Montauban (Tarn-et-Garonne), lance chaque fin d\u2019ann\u00e9e, \u00e0 l\u2019approche des f\u00eates, l\u2019op\u00e9ration Colis de No\u00ebl.<\/p>\n<p>Le principe est simple\u00a0: collecter dans les \u00e9coles, les mairies, les entreprises ou les associations \u00ab\u00a0un truc chaud\u00a0\u00bb, \u00ab\u00a0un truc bon\u00a0\u00bb, \u00ab\u00a0un produit de beaut\u00e9\u00a0\u00bb, \u00ab\u00a0un loisir\u00a0\u00bb et \u00ab\u00a0un mot doux\u00a0\u00bb et les placer dans une bo\u00eete \u00e0 chaussures. Empaquet\u00e9 dans du papier cadeau, le colis de No\u00ebl est destin\u00e9 aux sans domicile fixe de Montauban et de Toulouse.<\/p>\n<p>\u00ab\u00a0On les offre lors des maraudes ou dans les accueils de nuit du 115. On a d\u00e9but\u00e9 ce samedi 20\u00a0d\u00e9cembre et on va continuer toute cette semaine de No\u00ebl. Avec les colis de No\u00ebl, on distribue de la soupe, du caf\u00e9, des couvertures et des duvets, des chaussettes et autres v\u00eatements chauds.\u00a0\u00bb<\/p>\n<p>        <img decoding=\"async\" class=\"std-img__img responsive-img\" src=\"https:\/\/www.europesays.com\/fr\/wp-content\/uploads\/2025\/12\/1766456297_813_image.jpg\" alt=\"Jeudi 18\u00a0d\u00e9cembre \u00e0 Lafran\u00e7aise, l\u2019op\u00e9ration Colis de No\u00ebl a pris une dimension insolite avec la participation des \u00e2nes de l\u2019association Bonaventure.\"\/><\/p>\n<p>                Jeudi 18\u00a0d\u00e9cembre \u00e0 Lafran\u00e7aise, l\u2019op\u00e9ration Colis de No\u00ebl a pris une dimension insolite avec la participation des \u00e2nes de l\u2019association Bonaventure.<br \/>\n                                    Photo Occitalien.<\/p>\n<p>500 couvertures distribu\u00e9es en pr\u00e9vision de l\u2019arriv\u00e9e du froid<\/p>\n<p>Les pr\u00e9visions m\u00e9t\u00e9o des prochains jours, avec une forte baisse des temp\u00e9ratures, mettent en alerte les b\u00e9n\u00e9voles d\u2019Occitalien. \u00ab\u00a0On va distribuer 500 couvertures mais un sans-abri ne peut pas faire l\u2019hiver entier avec un seul duvet ou sac de couchage, alors dans quelques semaines, on r\u00e9cup\u00e8re ceux qui ont pris l\u2019humidit\u00e9 et on en distribue des propres.\u00a0\u00bb<\/p>\n<p>La dignit\u00e9 humaine est au c\u0153ur des actions d\u2019Occitalien, que ce soit dans la r\u00e9gion au b\u00e9n\u00e9fice des plus pr\u00e9caires qu\u2019\u00e0 l\u2019\u00e9tranger o\u00f9 l\u2019association montalbanaise se rend r\u00e9guli\u00e8rement, d\u00e8s qu\u2019une catastrophe naturelle survient (tremblement de terre au Maroc, inondations meurtri\u00e8res de la r\u00e9gion de Valence en Espagne, cyclone \u00e0 Mayotte) ou qu\u2019une guerre met toute une population en danger. \u00ab\u00a0On pr\u00e9pare un 24\u1d49 convoi pour l\u2019Ukraine. Dans les trois camions,<a href=\"https:\/\/www.ladepeche.fr\/2025\/11\/23\/un-formidable-elan-partie-du-tarn-et-garonne-la-collecte-de-filets-paragrele-pour-proteger-lukraine-des-drones-devient-nationale-13069312.php\" target=\"_self\" rel=\"noopener\"> on chargera des filets paragr\u00eale r\u00e9cup\u00e9r\u00e9s chez les agriculteurs <\/a>et qui vont servir \u00e0 prot\u00e9ger civils et militaires des attaques de drones mais aussi du mat\u00e9riel m\u00e9dical et des colis de No\u00ebl destin\u00e9s \u00e0 600 orphelins\u00a0\u00bb, indique Pascal Serrier.<\/p>\n<p>        <img decoding=\"async\" class=\"std-img__img responsive-img\" src=\"https:\/\/www.europesays.com\/fr\/wp-content\/uploads\/2025\/12\/1766456298_164_image.jpg\" alt=\"De nombreuses \u00e9coles se mobilisent comme ici \u00e0 Caussade, \u00e0 l\u2019\u00e9cole du Sacr\u00e9-Coeur.\"\/><\/p>\n<p>                De nombreuses \u00e9coles se mobilisent comme ici \u00e0 Caussade, \u00e0 l\u2019\u00e9cole du Sacr\u00e9-Coeur.<br \/>\n                                    Photo Occitalien<\/p>\n<p>Avec la crise \u00e9conomique qui n\u2019\u00e9pargne pas la France, il reconna\u00eet que l\u2019op\u00e9ration \u00ab\u00a0Colis de No\u00ebl\u00a0\u00bb, lanc\u00e9e en 2019, \u00ab\u00a0est un peu plus compliqu\u00e9e cette ann\u00e9e\u00a0\u00bb. Pour autant, avec 1\u00a0500 colis d\u00e9j\u00e0 r\u00e9colt\u00e9s aux quatre coins du Tarn-et-Garonne, la cha\u00eene de solidarit\u00e9 reste solide.<\/p>\n<p>    Une cha\u00eene de solidarit\u00e9<\/p>\n<p>Participent cette ann\u00e9e \u00e0 l\u2019op\u00e9ration Colis de No\u00ebl d\u2019Occitalien\u00a0:<\/p>\n<p>&#8211; les mairies de L\u00e9ojac, Pompignan, Donzac, Saint-Etienne-de-Tulmont, Bessi\u00e8res, Lafran\u00e7aise\u00a0;<\/p>\n<p>&#8211; les \u00e9tablissements scolaires\u00a0: la Maison intercommunale de l\u2019enfance (MIE) de Verdun-sur-Garonne, lyc\u00e9e Bourdelle Montauban, coll\u00e8ge Jean-Jaur\u00e8s Montauban, coll\u00e8ge Manuel-Aza\u00f1a Montauban, coll\u00e8ge Ingres Montauban, \u00e9cole Jacques-Brel Montauban, Alae Puycornet, Alae Montbeton, toutes les \u00e9coles de Lafran\u00e7aise, coll\u00e8ge Th\u00e9odore-Despeyrous de Beaumont-de-Lomagne, \u00e9cole Georges-Coulonges Montauban, \u00e9cole de Birac \u00e0 Montauban, \u00e9cole du Sacr\u00e9-Coeur \u00e0 Caussade, l\u2019\u00e9cole de malentendants et muets de Toulouse<\/p>\n<p>&#8211; les entreprises Leroy-Merlin, Sweet D\u00e9lices Montauban, IAD Montauban, biscuits Poult\u00a0;<\/p>\n<p>&#8211; les associations Bonaventure de Lafran\u00e7aise, le FC Garonne-Gascogne.<\/p>\n<p>\u00ab\u00a0Samedi soir, pour notre premi\u00e8re distribution au centre-ville de Toulouse, on a rencontr\u00e9 beaucoup plus de femmes SDF que d\u2019hommes. Une quarantaine de femmes qui dorment dehors, \u00e7a ne peut pas laisser indiff\u00e9rent\u00a0\u00bb, confie Pascal Serrier.<\/p>\n<p>        <img decoding=\"async\" class=\"std-img__img responsive-img\" src=\"https:\/\/www.europesays.com\/fr\/wp-content\/uploads\/2025\/12\/1766456299_200_image.jpg\" alt=\"Samedi soir, dans les rues de Toulouse, en distribuant les premiers colis de No\u00ebl, Pascal Serrier a \u00e9t\u00e9 marqu\u00e9 par le grand nombre de femmes sans domicile fixe.\"\/><\/p>\n<p>                Samedi soir, dans les rues de Toulouse, en distribuant les premiers colis de No\u00ebl, Pascal Serrier a \u00e9t\u00e9 marqu\u00e9 par le grand nombre de femmes sans domicile fixe.<br \/>\n                                    Photo Occitalien<\/p>\n<p>Alors, si \u00ab\u00a0un truc chaud\u00a0\u00bb, \u00ab\u00a0un mot doux\u00a0\u00bb ou un \u00ab\u00a0produit de beaut\u00e9\u00a0\u00bb contenus dans cette bo\u00eete \u00e0 chaussures peut leur redonner le sourire, l\u2019engagement d\u2019Occitalien sur le terrain de la pauvret\u00e9 ne sera pas vain.<\/p>\n<p>On peut encore amener des colis de No\u00ebl jusqu\u2019au 31\u00a0d\u00e9cembre au si\u00e8ge de l\u2019association Occitalien, 9 avenue Aristide-Briand \u00e0 Montauban. T\u00e9l. 06\u00a095\u00a056\u00a016\u00a037.<\/p>\n","protected":false},"excerpt":{"rendered":"l&rsquo;essentiel Les id\u00e9es les plus simples sont souvent les meilleures. Dans le Tarn-et-Garonne, l\u2019association Occitalien mobilise mairies, \u00e9coles&hellip;\n","protected":false},"author":2,"featured_media":616997,"comment_status":"","ping_status":"","sticky":false,"template":"","format":"standard","meta":{"footnotes":""},"categories":[2816],"tags":[1111,11,1777,674,1011,27,329,19054,12,2680,25,1857,1932,36586,2312],"class_list":{"0":"post-616996","1":"post","2":"type-post","3":"status-publish","4":"format-standard","5":"has-post-thumbnail","7":"category-toulouse","8":"tag-actu","9":"tag-actualites","10":"tag-eu","11":"tag-europe","12":"tag-fr","13":"tag-france","14":"tag-france-monde","15":"tag-montauban","16":"tag-news","17":"tag-occitanie","18":"tag-republique-francaise","19":"tag-sociu00e9tu00e9","20":"tag-solidaritu00e9","21":"tag-tarn-et-garonne","22":"tag-toulouse"},"share_on_mastodon":{"url":"https:\/\/pubeurope.com\/@fr\/115766487963104793","error":""},"_links":{"self":[{"href":"https:\/\/www.europesays.com\/fr\/wp-json\/wp\/v2\/posts\/616996","targetHints":{"allow":["GET"]}}],"collection":[{"href":"https:\/\/www.europesays.com\/fr\/wp-json\/wp\/v2\/posts"}],"about":[{"href":"https:\/\/www.europesays.com\/fr\/wp-json\/wp\/v2\/types\/post"}],"author":[{"embeddable":true,"href":"https:\/\/www.europesays.com\/fr\/wp-json\/wp\/v2\/users\/2"}],"replies":[{"embeddable":true,"href":"https:\/\/www.europesays.com\/fr\/wp-json\/wp\/v2\/comments?post=616996"}],"version-history":[{"count":0,"href":"https:\/\/www.europesays.com\/fr\/wp-json\/wp\/v2\/posts\/616996\/revisions"}],"wp:featuredmedia":[{"embeddable":true,"href":"https:\/\/www.europesays.com\/fr\/wp-json\/wp\/v2\/media\/616997"}],"wp:attachment":[{"href":"https:\/\/www.europesays.com\/fr\/wp-json\/wp\/v2\/media?parent=616996"}],"wp:term":[{"taxonomy":"category","embeddable":true,"href":"https:\/\/www.europesays.com\/fr\/wp-json\/wp\/v2\/categories?post=616996"},{"taxonomy":"post_tag","embeddable":true,"href":"https:\/\/www.europesays.com\/fr\/wp-json\/wp\/v2\/tags?post=616996"}],"curies":[{"name":"wp","href":"https:\/\/api.w.org\/{rel}","templated":true}]}}