{"id":617012,"date":"2025-12-23T02:36:19","date_gmt":"2025-12-23T02:36:19","guid":{"rendered":"https:\/\/www.europesays.com\/fr\/617012\/"},"modified":"2025-12-23T02:36:19","modified_gmt":"2025-12-23T02:36:19","slug":"moulin-rouge-le-directeur-promet-que-les-appartements-de-jacques-prevert-et-boris-vian-vont-continuer-dexister","status":"publish","type":"post","link":"https:\/\/www.europesays.com\/fr\/617012\/","title":{"rendered":"Moulin Rouge\u00a0: le directeur promet que les appartements de Jacques Pr\u00e9vert et Boris Vian \u00ab\u00a0vont continuer d\u2019exister\u00a0\u00bb"},"content":{"rendered":"<p class=\"\">Apr\u00e8s la mise en ligne d\u2019une p\u00e9tition et la publication d\u2019une lettre ouverte, la petite fille de l\u2019\u00e9crivain, Eug\u00e9nie Bachelot-Pr\u00e9vert, s\u2019est f\u00e9licit\u00e9e que \u00ab les pressions \u00bb aient \u00ab fait reculer \u00bb le Moulin Rouge. Ce lundi, Jean-Victor Clerico, directeur de l\u2019\u00e9tablissement, revient sur cette crise et rappelle que \u00ab jamais la destruction n\u2019a \u00e9t\u00e9 envisag\u00e9e \u00bb. Le patron dresse par ailleurs les grandes lignes de son projet qui vise \u00e0 <a href=\"https:\/\/www.leparisien.fr\/paris-75\/le-moulin-rouge-va-ressusciter-la-salle-ou-triomphait-mistinguett-dans-les-annees-folles-20-11-2025-J2OCNRIVPFARRJ6JTGMOIZJM54.php\" target=\"_blank\" rel=\"noreferrer noopener\">ressusciter la sc\u00e8ne de la l\u00e9gendaire Mistinguett<\/a>.<\/p>\n","protected":false},"excerpt":{"rendered":"Apr\u00e8s la mise en ligne d\u2019une p\u00e9tition et la publication d\u2019une lettre ouverte, la petite fille de l\u2019\u00e9crivain,&hellip;\n","protected":false},"author":2,"featured_media":617013,"comment_status":"","ping_status":"","sticky":false,"template":"","format":"standard","meta":{"footnotes":""},"categories":[1888],"tags":[11,872,1777,674,1011,27,1944,12,626,25],"class_list":{"0":"post-617012","1":"post","2":"type-post","3":"status-publish","4":"format-standard","5":"has-post-thumbnail","7":"category-paris","8":"tag-actualites","9":"tag-culture-et-loisirs","10":"tag-eu","11":"tag-europe","12":"tag-fr","13":"tag-france","14":"tag-ma-ville","15":"tag-news","16":"tag-paris","17":"tag-republique-francaise"},"share_on_mastodon":{"url":"https:\/\/pubeurope.com\/@fr\/115766557741793411","error":""},"_links":{"self":[{"href":"https:\/\/www.europesays.com\/fr\/wp-json\/wp\/v2\/posts\/617012","targetHints":{"allow":["GET"]}}],"collection":[{"href":"https:\/\/www.europesays.com\/fr\/wp-json\/wp\/v2\/posts"}],"about":[{"href":"https:\/\/www.europesays.com\/fr\/wp-json\/wp\/v2\/types\/post"}],"author":[{"embeddable":true,"href":"https:\/\/www.europesays.com\/fr\/wp-json\/wp\/v2\/users\/2"}],"replies":[{"embeddable":true,"href":"https:\/\/www.europesays.com\/fr\/wp-json\/wp\/v2\/comments?post=617012"}],"version-history":[{"count":0,"href":"https:\/\/www.europesays.com\/fr\/wp-json\/wp\/v2\/posts\/617012\/revisions"}],"wp:featuredmedia":[{"embeddable":true,"href":"https:\/\/www.europesays.com\/fr\/wp-json\/wp\/v2\/media\/617013"}],"wp:attachment":[{"href":"https:\/\/www.europesays.com\/fr\/wp-json\/wp\/v2\/media?parent=617012"}],"wp:term":[{"taxonomy":"category","embeddable":true,"href":"https:\/\/www.europesays.com\/fr\/wp-json\/wp\/v2\/categories?post=617012"},{"taxonomy":"post_tag","embeddable":true,"href":"https:\/\/www.europesays.com\/fr\/wp-json\/wp\/v2\/tags?post=617012"}],"curies":[{"name":"wp","href":"https:\/\/api.w.org\/{rel}","templated":true}]}}