{"id":617020,"date":"2025-12-23T02:41:14","date_gmt":"2025-12-23T02:41:14","guid":{"rendered":"https:\/\/www.europesays.com\/fr\/617020\/"},"modified":"2025-12-23T02:41:14","modified_gmt":"2025-12-23T02:41:14","slug":"sois-gentil-trump-affirme-avoir-contraint-macron-a-augmenter-le-prix-des-medicaments","status":"publish","type":"post","link":"https:\/\/www.europesays.com\/fr\/617020\/","title":{"rendered":"\u00ab\u00a0Sois gentil\u2026\u00a0\u00bb, Trump affirme avoir contraint Macron \u00e0 augmenter le prix des m\u00e9dicaments"},"content":{"rendered":"<p><a href=\"https:\/\/www.20minutes.fr\/dossier\/donald_trump\" target=\"_blank\" class=\"c-link c-link--is-underlined\" rel=\"noopener\">Donald Trump<\/a> a livr\u00e9 lundi sa propre version d\u2019un \u00e9change t\u00e9l\u00e9phonique avec <a href=\"https:\/\/www.20minutes.fr\/politique\/emmanuel-macron\/\" target=\"_blank\" class=\"c-link c-link--is-underlined\" rel=\"noopener\">Emmanuel Macron<\/a>, affirmant avoir obtenu de son homologue fran\u00e7ais une concession sur le prix des <a href=\"https:\/\/www.20minutes.fr\/dossier\/medicament\" target=\"_blank\" class=\"c-link c-link--is-underlined\" rel=\"noopener\">m\u00e9dicaments<\/a>. Depuis sa r\u00e9sidence de Mar-a-Lago, en Floride, le pr\u00e9sident am\u00e9ricain a racont\u00e9 cette anecdote en marge de la pr\u00e9sentation d\u2019un nouveau navire de guerre, reprenant un r\u00e9cit partag\u00e9 il y a quelques jours lors d\u2019un meeting.<\/p>\n<p>Selon Donald Trump, la discussion aurait \u00e9t\u00e9 franche et directe. \u00ab\u00a0J\u2019ai parl\u00e9 \u00e0 un homme tr\u00e8s bien, le pr\u00e9sident Macron de France, et j\u2019ai dit\u00a0: \u00ab\u00a0Emmanuel, tu dois augmenter le prix des m\u00e9dicaments\u00a0\u00bb\u00a0\u00bb, a-t-il d\u00e9clar\u00e9. Il a ensuite mim\u00e9 la r\u00e9action suppos\u00e9e du chef de l\u2019Etat fran\u00e7ais, lui pr\u00eatant une r\u00e9ponse n\u00e9gative r\u00e9p\u00e9t\u00e9e\u00a0: \u00ab\u00a0Non, non, non, nous n\u2019allons pas faire cela.\u00a0\u00bb<\/p>\n<\/p>\n<p>\u00ab\u00a0Accepte maintenant s\u2019il te pla\u00eet. Sois gentil\u2026\u00a0\u00bb<\/p>\n<p>Le pr\u00e9sident am\u00e9ricain affirme avoir alors accentu\u00e9 la pression, allant jusqu\u2019\u00e0 la menace commerciale. \u00ab\u00a0J\u2019ai dit\u00a0: \u00ab\u00a0Emmanuel, \u00e0 100\u00a0% tu vas le faire. Accepte maintenant s\u2019il te pla\u00eet. Sois gentil\u2026\u00a0\u00bb\u00a0\u00bb, a-t-il poursuivi, avant d\u2019ajouter qu\u2019il aurait averti\u00a0: \u00ab\u00a0Si tu ne le fais pas, je mettrai des <a href=\"https:\/\/www.20minutes.fr\/economie\/droits-douane-americains\/\" target=\"_blank\" class=\"c-link c-link--is-underlined\" rel=\"noopener\">droits de douane<\/a> sur tout ce que la France vend aux Etats-Unis.\u00a0\u00bb A l\u2019en croire, Emmanuel Macron aurait fini par r\u00e9pondre\u00a0: \u00ab\u00a0Ah, je vois\u00a0\u00bb, puis par accepter.<\/p>\n<p><a href=\"https:\/\/www.20minutes.fr\/dossier\/donald_trump\" target=\"_blank\" class=\"c-link c-btn c-btn--primary\" rel=\"noopener\">Notre dossier sur Donald Trump<\/a><\/p>\n<p>Donald Trump d\u00e9fend depuis plusieurs ann\u00e9es l\u2019id\u00e9e que les prix des m\u00e9dicaments doivent augmenter en <a href=\"https:\/\/www.20minutes.fr\/dossier\/europe\" target=\"_blank\" class=\"c-link c-link--is-underlined\" rel=\"noopener\">Europe<\/a> afin de permettre une baisse des co\u00fbts pour les consommateurs am\u00e9ricains. Les <a href=\"https:\/\/www.20minutes.fr\/monde\/etats-unis\/\" target=\"_blank\" class=\"c-link c-link--is-underlined\" rel=\"noopener\">Etats-Unis<\/a> ont r\u00e9cemment conclu un accord douanier avec l\u2019<a href=\"https:\/\/www.20minutes.fr\/dossier\/ue\" target=\"_blank\" class=\"c-link c-link--is-underlined\" rel=\"noopener\">Union europ\u00e9enne<\/a> pr\u00e9voyant une taxation de 15\u00a0% sur la majorit\u00e9 des exportations europ\u00e9ennes vers le march\u00e9 am\u00e9ricain. Toutefois, aucune annonce officielle ni d\u00e9cision pr\u00e9sidentielle n\u2019a \u00e9t\u00e9 prise en France concernant une hausse des prix des m\u00e9dicaments, contredisant les affirmations avanc\u00e9es par Donald Trump.<\/p>\n","protected":false},"excerpt":{"rendered":"Donald Trump a livr\u00e9 lundi sa propre version d\u2019un \u00e9change t\u00e9l\u00e9phonique avec Emmanuel Macron, affirmant avoir obtenu de&hellip;\n","protected":false},"author":2,"featured_media":617021,"comment_status":"","ping_status":"","sticky":false,"template":"","format":"standard","meta":{"footnotes":""},"categories":[1589],"tags":[47,11,75,33742,1073,73,1866,674,225,74,12,555,1864,1865,1863,308],"class_list":{"0":"post-617020","1":"post","2":"type-post","3":"status-publish","4":"format-standard","5":"has-post-thumbnail","7":"category-etats-unis","8":"tag-actualite","9":"tag-actualites","10":"tag-donald-trump","11":"tag-droits-de-douane-americains","12":"tag-emmanuel-macron","13":"tag-etats-unis","14":"tag-etats-unis-damerique","15":"tag-europe","16":"tag-medicament","17":"tag-monde","18":"tag-news","19":"tag-union-europeenne-ue","20":"tag-united-states","21":"tag-united-states-of-america","22":"tag-us","23":"tag-usa"},"share_on_mastodon":{"url":"https:\/\/pubeurope.com\/@fr\/115766577367563756","error":""},"_links":{"self":[{"href":"https:\/\/www.europesays.com\/fr\/wp-json\/wp\/v2\/posts\/617020","targetHints":{"allow":["GET"]}}],"collection":[{"href":"https:\/\/www.europesays.com\/fr\/wp-json\/wp\/v2\/posts"}],"about":[{"href":"https:\/\/www.europesays.com\/fr\/wp-json\/wp\/v2\/types\/post"}],"author":[{"embeddable":true,"href":"https:\/\/www.europesays.com\/fr\/wp-json\/wp\/v2\/users\/2"}],"replies":[{"embeddable":true,"href":"https:\/\/www.europesays.com\/fr\/wp-json\/wp\/v2\/comments?post=617020"}],"version-history":[{"count":0,"href":"https:\/\/www.europesays.com\/fr\/wp-json\/wp\/v2\/posts\/617020\/revisions"}],"wp:featuredmedia":[{"embeddable":true,"href":"https:\/\/www.europesays.com\/fr\/wp-json\/wp\/v2\/media\/617021"}],"wp:attachment":[{"href":"https:\/\/www.europesays.com\/fr\/wp-json\/wp\/v2\/media?parent=617020"}],"wp:term":[{"taxonomy":"category","embeddable":true,"href":"https:\/\/www.europesays.com\/fr\/wp-json\/wp\/v2\/categories?post=617020"},{"taxonomy":"post_tag","embeddable":true,"href":"https:\/\/www.europesays.com\/fr\/wp-json\/wp\/v2\/tags?post=617020"}],"curies":[{"name":"wp","href":"https:\/\/api.w.org\/{rel}","templated":true}]}}