{"id":617022,"date":"2025-12-23T02:42:15","date_gmt":"2025-12-23T02:42:15","guid":{"rendered":"https:\/\/www.europesays.com\/fr\/617022\/"},"modified":"2025-12-23T02:42:15","modified_gmt":"2025-12-23T02:42:15","slug":"un-homme-accuse-davoir-drogue-et-viole-son-ex-femme-pendant-des-annees-5-autres-hommes-inculpes-de-viols","status":"publish","type":"post","link":"https:\/\/www.europesays.com\/fr\/617022\/","title":{"rendered":"un homme accus\u00e9 d&rsquo;avoir drogu\u00e9 et viol\u00e9 son ex-femme pendant des ann\u00e9es, 5 autres hommes inculp\u00e9s de viols"},"content":{"rendered":"<p>Une affaire qui fait \u00e9cho \u00e0 <a href=\"https:\/\/www.laprovence.com\/article\/faits-divers-justice\/2660480452845814\/viols-de-mazan-une-femme-libre-51-coupables-un-tribunal-en-ebullition-revivez-le-dernier-jour-du-proces\" target=\"_blank\" rel=\"noopener\">celle des viols de Mazan<\/a>. Un Britannique de 49 ans a \u00e9t\u00e9 inculp\u00e9 au Royaume-Uni, accus\u00e9 d&rsquo;avoir drogu\u00e9 et viol\u00e9 sa d\u00e9sormais ex-femme \u00e0 de nombreuses reprises pendant des ann\u00e9es, tandis que cinq autres hommes ont \u00e9t\u00e9 inculp\u00e9s pour viols \u00e0 sur cette m\u00eame femme, a annonc\u00e9 la police ce lundi.<\/p>\n<p>La victime pr\u00e9sum\u00e9e, Joanne Young, \u00e2g\u00e9e de 48 ans, a renonc\u00e9 \u00e0 son droit \u00e0 l&rsquo;anonymat, a pr\u00e9cis\u00e9 la police du Wiltshire dans un communiqu\u00e9.\u00a0La police accuse son ex-\u00e9poux Philip Young, arr\u00eat\u00e9 et plac\u00e9 en d\u00e9tention, de lui avoir \u00ab\u00a0administr\u00e9 une substance avec l&rsquo;intention de (l&rsquo;)\u00e9tourdir ou de (la) ma\u00eetriser afin d&rsquo;avoir un rapport sexuel\u00a0\u00bb.\u00a0<\/p>\n<p>Les suspects \u00e2g\u00e9s de 31 \u00e0 61 ans<\/p>\n<p>Au total il a \u00e9t\u00e9 inculp\u00e9 de 56 infractions sexuelles, dont de multiples viols, de voyeurisme, de possession d&rsquo;images ind\u00e9centes d&rsquo;enfants et de possession d&rsquo;images extr\u00eames.\u00a0Les faits se seraient produits sur une p\u00e9riode de 13 ans, de 2010 \u00e0 2023.<\/p>\n<p>Philip Young doit compara\u00eetre mardi devant un tribunal de Swindon, ville <a href=\"https:\/\/www.laprovence.com\/article\/societe\/2463920401687214\/un-avion-easyjet-reliant-londres-a-montpellier-detourne-sur-marseille-ce-lundi-en-raison-des-intemperies\" target=\"_blank\" rel=\"noopener\">\u00e0 l&rsquo;ouest de Londres<\/a>. \u00c0 ses c\u00f4t\u00e9s se tiendront cinq hommes, \u00e9galement accus\u00e9s d&rsquo;avoir viol\u00e9 Joanne Young.\u00a0Ag\u00e9s de 31 \u00e0 61 ans, au moins trois d&rsquo;entre eux vivent \u00e0 Swindon, o\u00f9 a \u00e9galement v\u00e9cu Philip Young.\u00a0<\/p>\n<p>L&rsquo;enqu\u00eate ayant men\u00e9 \u00e0 ces inculpations a \u00e9t\u00e9 \u00ab\u00a0complexe\u00a0\u00bb, a soulign\u00e9 Geoff Smith, responsable de la police du Weltshire, cit\u00e9 dans le communiqu\u00e9.<\/p>\n<p>Il a pr\u00e9cis\u00e9 que Joanne Young a pris la d\u00e9cision de renoncer \u00e0 son droit \u00e0 l&rsquo;anonymat \u00ab\u00a0apr\u00e8s de nombreux \u00e9changes avec les enqu\u00eateurs et les services de soutien\u00a0\u00bb dont elle a b\u00e9n\u00e9fici\u00e9 depuis le d\u00e9but de l&rsquo;enqu\u00eate.<\/p>\n","protected":false},"excerpt":{"rendered":"Une affaire qui fait \u00e9cho \u00e0 celle des viols de Mazan. Un Britannique de 49 ans a \u00e9t\u00e9&hellip;\n","protected":false},"author":2,"featured_media":617023,"comment_status":"","ping_status":"","sticky":false,"template":"","format":"standard","meta":{"footnotes":""},"categories":[1588],"tags":[17,10983,11,25288,1052,1777,674,274,4933,12,473,1853,3711,1851,1850,1852,51650],"class_list":{"0":"post-617022","1":"post","2":"type-post","3":"status-publish","4":"format-standard","5":"has-post-thumbnail","7":"category-royaume-uni","8":"tag-17","9":"tag-accuse","10":"tag-actualites","11":"tag-davoir","12":"tag-drogue","13":"tag-eu","14":"tag-europe","15":"tag-faits-divers-justice","16":"tag-homme","17":"tag-news","18":"tag-royaume-uni","19":"tag-royaume-uni-de-grande-bretagne-et-dirlande-du-nord","20":"tag-son","21":"tag-uk","22":"tag-united-kingdom","23":"tag-united-kingdom-of-great-britain-and-northern-ireland","24":"tag-viole"},"share_on_mastodon":{"url":"https:\/\/pubeurope.com\/@fr\/115766581226003124","error":""},"_links":{"self":[{"href":"https:\/\/www.europesays.com\/fr\/wp-json\/wp\/v2\/posts\/617022","targetHints":{"allow":["GET"]}}],"collection":[{"href":"https:\/\/www.europesays.com\/fr\/wp-json\/wp\/v2\/posts"}],"about":[{"href":"https:\/\/www.europesays.com\/fr\/wp-json\/wp\/v2\/types\/post"}],"author":[{"embeddable":true,"href":"https:\/\/www.europesays.com\/fr\/wp-json\/wp\/v2\/users\/2"}],"replies":[{"embeddable":true,"href":"https:\/\/www.europesays.com\/fr\/wp-json\/wp\/v2\/comments?post=617022"}],"version-history":[{"count":0,"href":"https:\/\/www.europesays.com\/fr\/wp-json\/wp\/v2\/posts\/617022\/revisions"}],"wp:featuredmedia":[{"embeddable":true,"href":"https:\/\/www.europesays.com\/fr\/wp-json\/wp\/v2\/media\/617023"}],"wp:attachment":[{"href":"https:\/\/www.europesays.com\/fr\/wp-json\/wp\/v2\/media?parent=617022"}],"wp:term":[{"taxonomy":"category","embeddable":true,"href":"https:\/\/www.europesays.com\/fr\/wp-json\/wp\/v2\/categories?post=617022"},{"taxonomy":"post_tag","embeddable":true,"href":"https:\/\/www.europesays.com\/fr\/wp-json\/wp\/v2\/tags?post=617022"}],"curies":[{"name":"wp","href":"https:\/\/api.w.org\/{rel}","templated":true}]}}