{"id":617028,"date":"2025-12-23T02:45:19","date_gmt":"2025-12-23T02:45:19","guid":{"rendered":"https:\/\/www.europesays.com\/fr\/617028\/"},"modified":"2025-12-23T02:45:19","modified_gmt":"2025-12-23T02:45:19","slug":"ces-trois-questions-qui-ont-eu-la-peau-de","status":"publish","type":"post","link":"https:\/\/www.europesays.com\/fr\/617028\/","title":{"rendered":"ces trois questions qui ont eu la peau de &#8230;"},"content":{"rendered":"<p>EN BREF<\/p>\n<ul class=\"bloc_resume_post_list\">\n<li>Cyprien, 22 ans, Ma\u00eetre de midi depuis le 19 septembre,<br \/>\nencha\u00eene les victoires dans Les 12 coups de midi sur<br \/>\nTF1.<\/li>\n<li>Lors du Coup Fatal du 22 d\u00e9cembre, il affronte Lisa avec<br \/>\n20 000 euros en jeu, mais tr\u00e9buche sur trois questions.<\/li>\n<li>Malgr\u00e9 des erreurs, Cyprien se ressaisit, augmente sa<br \/>\ncagnotte \u00e0 447 149 euros et poursuit son aventure.<\/li>\n<\/ul>\n<p class=\"p1\">Cyprien continue son beau parcours dans <strong>Les<br \/>\n12 coups de midi<\/strong> sur TF1. En effet, depuis le 19 septembre<br \/>\ndernier, le jeune homme de 22 ans est le Ma\u00eetre de midi. Chaque<br \/>\njour, il encha\u00eene ainsi les victoires, permettant de faire<br \/>\nconsid\u00e9rablement augmenter sa cagnotte.<\/p>\n<p class=\"p1\">Lundi 22 d\u00e9cembre, le passionn\u00e9 de musique \u00e9tait de<br \/>\nretour dans l\u00a0\u00bb\u00e9mission. Lors de <a href=\"https:\/\/www.telestar.fr\/actu_tv\/les-12-coups-de-midi-cyprien-cash-sur-la-nouvelle-regle-du-jeu-me-retrouver-avec-quelquun-1748861\" target=\"_blank\" rel=\"noopener\"><br \/>\nla nouvelle \u00e9preuve du Coup Fatal<\/a>, <strong>il s\u2019est mesur\u00e9 \u00e0<br \/>\nLisa<\/strong>, une autre candidate. Pour l\u2019occasion, 20 000 euros<br \/>\nont \u00e9t\u00e9 mis en jeu. \u201cIl y a une \u00e9chelle de gains. Toutes les<br \/>\ntrois bonnes r\u00e9ponses, vous passez un palier. Le palier franchi,<br \/>\nune case s\u2019envole sur l\u2019\u00e9toile\u201d, a expliqu\u00e9 Jean-Luc<br \/>\nReichmann.<\/p>\n<p>Cyprien encha\u00eene les fautes lors du Coup Fatal<\/p>\n<p class=\"p1\">D\u00e8s le lancement du Coup Fatal, Cyprien s\u2019est<br \/>\nretrouv\u00e9 en difficult\u00e9. <a href=\"https:\/\/www.telestar.fr\/actu_tv\/les-12-coups-de-midi-moment-incroyable-dans-lemission-cyprien-en-larmes-decroche-la-plus-folle-etoile-mysterieuse-1748977\" target=\"_blank\" rel=\"noopener\"><br \/>\nCelui qui a d\u00e9j\u00e0 d\u00e9couvert cinq \u00e9toiles myst\u00e9rieuses<\/a> depuis son<br \/>\narriv\u00e9e s\u2019est ainsi <strong>tromp\u00e9 sur trois questions de<br \/>\nsuite<\/strong>. \u201cComment appelle-t-on l\u2019unit\u00e9 de mesure de<br \/>\ncharge \u00e9lectrique ?\u201d, a d\u2019abord demand\u00e9 Jean-Luc Reichmann. Le<br \/>\nMa\u00eetre de midi a alors r\u00e9pondu \u201cle volt\u201d au lieu du<br \/>\ncoulomb.<\/p>\n<p class=\"p1\">L\u2019animateur l\u2019a ensuite interrog\u00e9 : \u201cCombien de<br \/>\nlettres comptent les d\u00e9partements qui ont le nom le plus court<br \/>\n?\u201d. Cyprien a cette fois r\u00e9pondu \u201cquatre\u201d a lieu de<br \/>\ntrois. Finalement, l\u2019ami de Zette lui a demand\u00e9 : \u201cQuels f\u00e9lins<br \/>\ntachet\u00e9s apparaissent au nombre de deux sur les armoiries de la<br \/>\nSomalie ?\u201d. Si le champion a r\u00e9pondu \u201cdes panth\u00e8res\u201d,<br \/>\nil s\u2019agissait en fait de l\u00e9opards. La quatri\u00e8me question, portant<br \/>\nsur <strong>les couleurs du drapeau du Danemark<\/strong>, lui a<br \/>\nensuite permis de s\u2019en sortir.<\/p>\n<p>Jean-Luc Reichmann \u00e9voque<br \/>\nl\u2019\u00e9limination d\u2019Emilien<\/p>\n<p class=\"p1\">Suite \u00e0 ses trois mauvaises r\u00e9ponses, Cyprien a vu<br \/>\nson temps initial passer <strong>de 60 \u00e0 seulement 38<br \/>\nsecondes<\/strong>. Jean-Luc Reichmann s\u2019est donc inqui\u00e9t\u00e9 d\u2019une<br \/>\n<strong>potentielle \u00e9limination<\/strong>. \u201cCette vague<br \/>\n\u00e9motionnelle est compl\u00e8tement dingue. L\u00e0, on sait qu\u2019on peut vous<br \/>\nperdre aujourd\u2019hui. Vous avez perdu \u00e9norm\u00e9ment de secondes\u201d,<br \/>\na-t-il indiqu\u00e9.<\/p>\n<p class=\"p1\">Apr\u00e8s avoir rappel\u00e9 que Lisa avait encore toutes ses<br \/>\nchances, l\u2019animateur a \u00e9voqu\u00e9 <a href=\"https:\/\/www.telestar.fr\/actu_tv\/emilien-elimine-des-12-coups-de-midi-ces-questions-qui-ont-cause-sa-perte-ce-6-juillet-1730040\" target=\"_blank\" rel=\"noopener\"><br \/>\nl\u2019\u00e9limination d\u2019Emilien<\/a>. \u201cJe rappelle qu\u2019Emilien avait<br \/>\nperdu exactement comme vous. D\u2019un seul coup, les secondes se sont<br \/>\n\u00e9gren\u00e9es. Et malheureusement, il avait perdu alors qu\u2019il avait<br \/>\nbeaucoup de r\u00e9ponses\u201d, a-t-il expliqu\u00e9. Finalement, tout s\u2019est<br \/>\nbien termin\u00e9 pour Cyprien, qui a su se ressaisir. Le Ma\u00eetre de midi<br \/>\ns\u2019est <strong>impos\u00e9 face \u00e0 Lisa<\/strong>, a d\u00e9couvert trois cases<br \/>\nsur l\u2019\u00e9toile myst\u00e9rieuse et a vu sa cagnotte augmenter \u00e0<br \/>\n<strong>447\u00a0149 euros.<\/strong> De quoi lui permettre de<br \/>\ncontinuer l\u2019aventure.<\/p>\n","protected":false},"excerpt":{"rendered":"EN BREF Cyprien, 22 ans, Ma\u00eetre de midi depuis le 19 septembre, encha\u00eene les victoires dans Les 12&hellip;\n","protected":false},"author":2,"featured_media":617029,"comment_status":"","ping_status":"","sticky":false,"template":"","format":"standard","meta":{"footnotes":""},"categories":[1586],"tags":[11,548,1777,674,1779,1011,27,465,466,12,25,1778,364],"class_list":{"0":"post-617028","1":"post","2":"type-post","3":"status-publish","4":"format-standard","5":"has-post-thumbnail","7":"category-europe","8":"tag-actualites","9":"tag-article-simple","10":"tag-eu","11":"tag-europe","12":"tag-european-union","13":"tag-fr","14":"tag-france","15":"tag-jean-luc-reichmann","16":"tag-les-12-coups-de-midi","17":"tag-news","18":"tag-republique-francaise","19":"tag-ue","20":"tag-union-europeenne"},"share_on_mastodon":{"url":"https:\/\/pubeurope.com\/@fr\/115766593437530522","error":""},"_links":{"self":[{"href":"https:\/\/www.europesays.com\/fr\/wp-json\/wp\/v2\/posts\/617028","targetHints":{"allow":["GET"]}}],"collection":[{"href":"https:\/\/www.europesays.com\/fr\/wp-json\/wp\/v2\/posts"}],"about":[{"href":"https:\/\/www.europesays.com\/fr\/wp-json\/wp\/v2\/types\/post"}],"author":[{"embeddable":true,"href":"https:\/\/www.europesays.com\/fr\/wp-json\/wp\/v2\/users\/2"}],"replies":[{"embeddable":true,"href":"https:\/\/www.europesays.com\/fr\/wp-json\/wp\/v2\/comments?post=617028"}],"version-history":[{"count":0,"href":"https:\/\/www.europesays.com\/fr\/wp-json\/wp\/v2\/posts\/617028\/revisions"}],"wp:featuredmedia":[{"embeddable":true,"href":"https:\/\/www.europesays.com\/fr\/wp-json\/wp\/v2\/media\/617029"}],"wp:attachment":[{"href":"https:\/\/www.europesays.com\/fr\/wp-json\/wp\/v2\/media?parent=617028"}],"wp:term":[{"taxonomy":"category","embeddable":true,"href":"https:\/\/www.europesays.com\/fr\/wp-json\/wp\/v2\/categories?post=617028"},{"taxonomy":"post_tag","embeddable":true,"href":"https:\/\/www.europesays.com\/fr\/wp-json\/wp\/v2\/tags?post=617028"}],"curies":[{"name":"wp","href":"https:\/\/api.w.org\/{rel}","templated":true}]}}