{"id":617038,"date":"2025-12-23T02:52:19","date_gmt":"2025-12-23T02:52:19","guid":{"rendered":"https:\/\/www.europesays.com\/fr\/617038\/"},"modified":"2025-12-23T02:52:19","modified_gmt":"2025-12-23T02:52:19","slug":"atp-benoit-maylin-sur-la-fin-de-la-collaboration-entre-alcaraz-et-ferrero-je-suis-sous-le-choc-ou-juan-carlos-ne-se-sentait-plus-ecoute-ou-il-a-un-probleme-dordre-prive","status":"publish","type":"post","link":"https:\/\/www.europesays.com\/fr\/617038\/","title":{"rendered":"ATP > Beno\u00eet Maylin sur la fin de la collaboration entre Alcaraz et Ferrero : \u00ab\u00a0Je suis sous le choc. Ou Juan Carlos ne se sentait plus \u00e9cout\u00e9, ou il a un probl\u00e8me d&rsquo;ordre priv\u00e9\u00a0\u00bb"},"content":{"rendered":"<p>L\u2019annonce de la fin de la colla\u00adbo\u00adra\u00adtion entre Carlos Alcaraz et Juan Carlos Ferrero a surpris tous les obser\u00adva\u00adteurs, et notam\u00adment le jour\u00adna\u00adliste Beno\u00eet Maylin, qui a tent\u00e9 de trouver une explication.\u00a0<\/p>\n<blockquote class=\"twitter-tweet\">\n<p lang=\"fr\" dir=\"ltr\">\u2639\ufe0f Confirmation de Ferrero sur Instagram.<\/p>\n<p>Mais nomdi\u00addiou, qu\u2019est-ce qu\u2019il s\u2019est pass\u00e9 ?!<br \/>Alcaraz a ru\u00e9 dans les bran\u00adcards.<br \/>Ou Ferrero ne se sentait plus \u00e9cout\u00e9.<br \/>Ou Ferrero a un probl\u00e8me d\u2019ordre priv\u00e9.<\/p>\n<p>Je suis sous le\u00a0choc.<\/p>\n<p>\u2014 Benoit Maylin (@BenoitMaylin) <a href=\"https:\/\/twitter.com\/BenoitMaylin\/status\/2001266452108829103?ref_src=twsrc%5Etfw\" data-wpel-link=\"external\" target=\"_blank\" rel=\"nofollow external noopener\">December 17,\u00a02025<\/a><\/p><\/blockquote>\n<p><strong>\u00ab\u202f\u00c7a semble telle\u00adment incroyable. Pourquoi\u202f? Comment\u202f? Est\u2010ce vrai\u202f? Qu\u2019est-ce qu\u2019il s\u2019est pass\u00e9\u202f? Alcaraz a ru\u00e9 dans les bran\u00adcards. Ou Ferrero ne se sentait plus \u00e9cout\u00e9. Ou Ferrero a un probl\u00e8me d\u2019ordre priv\u00e9. Je suis sous le choc\u202f\u00bb<\/strong>, s\u2019est inter\u00adrog\u00e9 l\u2019\u00e9ditorialiste.\u00a0<\/p>\n<p class=\"post-published-date\" style=\"color: silver; font-size: 75%; text-align: left;\">Publi\u00e9 le mercredi 17 d\u00e9cembre 2025 \u00e0 15:33<\/p>\n<p>  <script async src=\"https:\/\/platform.twitter.com\/widgets.js\" charset=\"utf-8\"><\/script><\/p>\n","protected":false},"excerpt":{"rendered":"L\u2019annonce de la fin de la colla\u00adbo\u00adra\u00adtion entre Carlos Alcaraz et Juan Carlos Ferrero a surpris tous les&hellip;\n","protected":false},"author":2,"featured_media":617039,"comment_status":"","ping_status":"","sticky":false,"template":"","format":"standard","meta":{"footnotes":""},"categories":[1415],"tags":[1744,7275,1011,27,60,1467],"class_list":{"0":"post-617038","1":"post","2":"type-post","3":"status-publish","4":"format-standard","5":"has-post-thumbnail","7":"category-tennis","8":"tag-alcaraz","9":"tag-ferrero","10":"tag-fr","11":"tag-france","12":"tag-sports","13":"tag-tennis"},"share_on_mastodon":{"url":"https:\/\/pubeurope.com\/@fr\/115766620533793090","error":""},"_links":{"self":[{"href":"https:\/\/www.europesays.com\/fr\/wp-json\/wp\/v2\/posts\/617038","targetHints":{"allow":["GET"]}}],"collection":[{"href":"https:\/\/www.europesays.com\/fr\/wp-json\/wp\/v2\/posts"}],"about":[{"href":"https:\/\/www.europesays.com\/fr\/wp-json\/wp\/v2\/types\/post"}],"author":[{"embeddable":true,"href":"https:\/\/www.europesays.com\/fr\/wp-json\/wp\/v2\/users\/2"}],"replies":[{"embeddable":true,"href":"https:\/\/www.europesays.com\/fr\/wp-json\/wp\/v2\/comments?post=617038"}],"version-history":[{"count":0,"href":"https:\/\/www.europesays.com\/fr\/wp-json\/wp\/v2\/posts\/617038\/revisions"}],"wp:featuredmedia":[{"embeddable":true,"href":"https:\/\/www.europesays.com\/fr\/wp-json\/wp\/v2\/media\/617039"}],"wp:attachment":[{"href":"https:\/\/www.europesays.com\/fr\/wp-json\/wp\/v2\/media?parent=617038"}],"wp:term":[{"taxonomy":"category","embeddable":true,"href":"https:\/\/www.europesays.com\/fr\/wp-json\/wp\/v2\/categories?post=617038"},{"taxonomy":"post_tag","embeddable":true,"href":"https:\/\/www.europesays.com\/fr\/wp-json\/wp\/v2\/tags?post=617038"}],"curies":[{"name":"wp","href":"https:\/\/api.w.org\/{rel}","templated":true}]}}