{"id":617042,"date":"2025-12-23T02:57:11","date_gmt":"2025-12-23T02:57:11","guid":{"rendered":"https:\/\/www.europesays.com\/fr\/617042\/"},"modified":"2025-12-23T02:57:11","modified_gmt":"2025-12-23T02:57:11","slug":"transfert-a-50me-le-psg-plombe-par-un-club-de-ligue-1","status":"publish","type":"post","link":"https:\/\/www.europesays.com\/fr\/617042\/","title":{"rendered":"Transfert \u00e0 50M\u20ac : Le PSG plomb\u00e9 par un club de Ligue 1 ?"},"content":{"rendered":"<p class=\"heading\">Tr\u00e8s performant avec le LOSC, Ayyoub Bouaddi a attir\u00e9 l\u2019attention de nombreux clubs, dont le PSG. Le club de la capitale tenterait de faire venir l\u2019\u00e9t\u00e9 prochain le milieu de terrain, mais Chelsea pourrait tout faire \u00e9chouer. En effet, les Blues seraient pr\u00eats \u00e0 offrir 50M\u20ac \u00e0 Lille cet hiver, puis \u00e0 pr\u00eater le joueur de 18 ans \u00e0 son club fr\u00e8re, Strasbourg. <\/p>\n<p>Ces derni\u00e8res ann\u00e9es, certains des meilleurs talents de<strong> Ligue 1<\/strong> ont atterri au <a href=\"https:\/\/le10sport.com\/football\/ligue1\/psg\/psg-dembele-le-coup-de-maitre-de-luis-enrique-769238\" target=\"_blank\" rel=\"noopener\">PSG<\/a>. Le club de la capitale a d\u00e9cid\u00e9 de changer sa strat\u00e9gie et il mise maintenant sur les jeunes \u00e0 fort potentiel et plus les stars internationales. On a par exemple vu derni\u00e8rement <strong>D\u00e9sir\u00e9 Dou\u00e9<\/strong> poser ses valises \u00e0 <strong>Paris<\/strong>, mais \u00e9galement <strong>Bradley Barcola <\/strong>ou plus r\u00e9cemment <strong>Lucas Chevalier<\/strong>. <\/p>\n<p>                                            Bouaddi au PSG l\u2019\u00e9t\u00e9 prochain ? <\/p>\n<p>Alors que le mercato estival n\u2019ouvrira ses portes que dans plusieurs mois, le <strong>PSG<\/strong> a d\u00e9j\u00e0 trouv\u00e9 le prochain diamant de sa collection. En effet, selon les informations de TEAMTALK, le club de la capitale aurait des vues sur <strong>Ayyoub Bouaddi<\/strong>, qui serait vu comme le joueur parfait pour renforcer le milieu de terrain parisien. Toutefois cela ne sera pas \u00e9vident pour le champion de <strong>France<\/strong> de faire venir le Lillois de 18 ans, car plusieurs formations veulent l\u2019attirer. <\/p>\n<p>                                            Chelsea a un plan pour Bouaddi <\/p>\n<p>En plus du <strong>PSG<\/strong>, de nombreuses \u00e9quipes de <strong>Premier League<\/strong> s\u2019int\u00e9ressent \u00e0 <strong>Ayyoub Bouaddi<\/strong>. Toujours selon TEAMTALK, <strong>Chelsea<\/strong> aurait m\u00eame un plan pr\u00e9cis pour le faire venir. Les Blues seraient pr\u00eats \u00e0 proposer 50M\u20ac au <strong>LOSC<\/strong> d\u00e8s cet hiver et l\u2019id\u00e9e serait par la suite de le pr\u00eater \u00e0 <strong>Strasbourg<\/strong> pour qu\u2019il continue sa progression. Une strat\u00e9gie audacieuse, mais pour cela il faudra que <strong>Lille<\/strong> accepte de se s\u00e9parer de son crack en cours de saison. Affaire \u00e0 suivre\u2026<\/p>\n","protected":false},"excerpt":{"rendered":"Tr\u00e8s performant avec le LOSC, Ayyoub Bouaddi a attir\u00e9 l\u2019attention de nombreux clubs, dont le PSG. Le club&hellip;\n","protected":false},"author":2,"featured_media":617043,"comment_status":"","ping_status":"","sticky":false,"template":"","format":"standard","meta":{"footnotes":""},"categories":[1410],"tags":[63,1011,27,60],"class_list":{"0":"post-617042","1":"post","2":"type-post","3":"status-publish","4":"format-standard","5":"has-post-thumbnail","7":"category-football","8":"tag-football","9":"tag-fr","10":"tag-france","11":"tag-sports"},"share_on_mastodon":{"url":"https:\/\/pubeurope.com\/@fr\/115766640240003091","error":""},"_links":{"self":[{"href":"https:\/\/www.europesays.com\/fr\/wp-json\/wp\/v2\/posts\/617042","targetHints":{"allow":["GET"]}}],"collection":[{"href":"https:\/\/www.europesays.com\/fr\/wp-json\/wp\/v2\/posts"}],"about":[{"href":"https:\/\/www.europesays.com\/fr\/wp-json\/wp\/v2\/types\/post"}],"author":[{"embeddable":true,"href":"https:\/\/www.europesays.com\/fr\/wp-json\/wp\/v2\/users\/2"}],"replies":[{"embeddable":true,"href":"https:\/\/www.europesays.com\/fr\/wp-json\/wp\/v2\/comments?post=617042"}],"version-history":[{"count":0,"href":"https:\/\/www.europesays.com\/fr\/wp-json\/wp\/v2\/posts\/617042\/revisions"}],"wp:featuredmedia":[{"embeddable":true,"href":"https:\/\/www.europesays.com\/fr\/wp-json\/wp\/v2\/media\/617043"}],"wp:attachment":[{"href":"https:\/\/www.europesays.com\/fr\/wp-json\/wp\/v2\/media?parent=617042"}],"wp:term":[{"taxonomy":"category","embeddable":true,"href":"https:\/\/www.europesays.com\/fr\/wp-json\/wp\/v2\/categories?post=617042"},{"taxonomy":"post_tag","embeddable":true,"href":"https:\/\/www.europesays.com\/fr\/wp-json\/wp\/v2\/tags?post=617042"}],"curies":[{"name":"wp","href":"https:\/\/api.w.org\/{rel}","templated":true}]}}