{"id":617045,"date":"2025-12-23T02:59:17","date_gmt":"2025-12-23T02:59:17","guid":{"rendered":"https:\/\/www.europesays.com\/fr\/617045\/"},"modified":"2025-12-23T02:59:17","modified_gmt":"2025-12-23T02:59:17","slug":"la-passion-de-richard-linares-invitee-aux-halles-en-fete-jusquau-31-decembre","status":"publish","type":"post","link":"https:\/\/www.europesays.com\/fr\/617045\/","title":{"rendered":"La passion de Richard Linares invit\u00e9e aux Halles en f\u00eate jusqu&rsquo;au 31 d\u00e9cembre"},"content":{"rendered":"<p>\n                                                                L&rsquo;artiste Richard Linares anime les Halles de Narbonne jusqu&rsquo;au 31 d\u00e9cembre. Ses \u0153uvres, inspir\u00e9es par ce qui l&rsquo;entoure captivent les visiteurs. Un hommage vibrant \u00e0 la cr\u00e9ativit\u00e9 et \u00e0 la tradition locale.\n                            <\/p>\n<p>Richard\u00a0Linares est un h\u00f4te permanent\u00a0des Halles qui invitent \u00e0 la f\u00eate tous les Narbonnais et d\u2019autres\u00a0depuis le 19 et jusqu\u2019au 31\u00a0d\u00e9cembre.<\/p>\n<p class=\"std-elt__inline\">\n        <strong>\u00c0 lire aussi :<\/strong><br \/>\n        <a href=\"https:\/\/www.lindependant.fr\/2025\/12\/13\/jeux-degustations-et-musique-la-magie-de-noel-sempare-des-halles-de-narbonne-13106866.php\" target=\"_blank\" rel=\"noopener\">Jeux, d\u00e9gustations et musique, la magie de No\u00ebl s\u2019empare des Halles de Narbonne\u00a0!<\/a>\n    <\/p>\n<p>Au centre du march\u00e9, il pr\u00e9sente \u00e0 chaque fois \u00ab\u00a0une peinture sur toile rattach\u00e9e \u00e0 l\u2019esprit du sujet du jour, la facture des musiciens\u00a0\u00bb.\u00a0Ce dimanche 21\u00a0d\u00e9cembre, les cordes c\u00e9venoles inspirent ses tubes d\u2019acrylique. Le peintre est plus proche\u00a0des harmoniques dissonantes. En fin de matin\u00e9e, il flotte m\u00eame pr\u00e8s des Jardins de Loulou comme un parfum de bal digne des Chroniques de Bridgerton<\/p>\n<p>Jusqu\u2019\u00e0 pr\u00e9sent, c\u2019est le c\u00f4t\u00e9 commer\u00e7ant des Halles qui transpiraient dans les toiles de Richard\u00a0Linares. Une fa\u00e7on d\u2019exprimer cette passion \u00ab\u00a0qui m\u2019anime depuis toujours. Elle a \u00e9volu\u00e9 au fil des expositions, \u00e0 des participations \u00e0 des concours d\u2019affiche ou des Peintres dans la rue\u00a0\u00bb. Il remporte des prix, est class\u00e9 une dizaine de fois laur\u00e9at. Pas de quoi bouder les exhibitions dans la rue et appr\u00e9cier toujours de profiter d\u2019une ambiance ou d\u2019un paysage \u00e0 croquer.<\/p>\n<p>        <img decoding=\"async\" class=\"std-img__img responsive-img\" src=\"https:\/\/www.europesays.com\/fr\/wp-content\/uploads\/2025\/12\/1766458757_941_image.jpg\" alt=\"&quot;Je suis inspir\u00e9 par les techniques des\u00a0artistes qui viennent surtout du classique.&quot;\"\/><\/p>\n<p>                \u00ab\u00a0Je suis inspir\u00e9 par les techniques des\u00a0artistes qui viennent surtout du classique.\u00a0\u00bb<br \/>\n                                    L&rsquo;Ind\u00e9pendant &#8211; C. C.<\/p>\n<p>\u00c0 56 ans, ce Narbonnais pure souche d\u00e9finit son travail comme \u00ab\u00a0port\u00e9 par la repr\u00e9sentativit\u00e9\u00a0\u00bb. \u00ab\u00a0Je suis inspir\u00e9 par les techniques des\u00a0artistes qui viennent surtout du classique\u00a0\u00bb, dit-il. On trouve aussi dans le geste de Richard\u00a0Linares un c\u00f4t\u00e9 fantasque qu\u2019il revendique avec plaisir. \u00ab\u00a0Peindre une for\u00eat f\u00e9erique me pla\u00eet beaucoup, par exemple. Le c\u00f4t\u00e9 fantastique, un peu bande dessin\u00e9e, ses personnages plein de vigueur aussi.\u00a0\u00bb<\/p>\n<p>S\u2019il ne s\u2019astreint pas \u00e0 l\u2019acrylique, le r\u00e9sultat n\u2019est jamais sombre. L\u2019\u00e9clat est important dans la texture. L\u2019artiste peint aussi sur commande, plut\u00f4t \u00e0 domicile. Encore boulevers\u00e9 par la perte de sa maman, Richard\u00a0Linares ne peut s\u2019emp\u00eacher de mettre en avant l\u2019appartement qu\u2019elle occupait\u00a0: \u00ab\u00a0Je lui ai fait une chambre inspir\u00e9e d\u2019un jardin en treillis tr\u00e8s po\u00e9tique. Ma tante, je lui ai fait un th\u00e8me plus princesse, tr\u00e8s conte de f\u00e9es.\u00a0\u00bb\u00a0Toujours avec cette d\u00e9licatesse qui d\u00e9finit Michel Linares.<\/p>\n<p>Jusqu\u2019\u00e0 la fin du mois de d\u00e9cembre (sauf le lundi), il est possible d\u2019appr\u00e9cier le travail de l\u2019artiste dans les Halles.<\/p>\n","protected":false},"excerpt":{"rendered":"L&rsquo;artiste Richard Linares anime les Halles de Narbonne jusqu&rsquo;au 31 d\u00e9cembre. Ses \u0153uvres, inspir\u00e9es par ce qui l&rsquo;entoure&hellip;\n","protected":false},"author":2,"featured_media":617046,"comment_status":"","ping_status":"","sticky":false,"template":"","format":"standard","meta":{"footnotes":""},"categories":[1358],"tags":[1348,1384,1385,4086,872,1386,58,59,1011,27,69124,35514,69711],"class_list":{"0":"post-617045","1":"post","2":"type-post","3":"status-publish","4":"format-standard","5":"has-post-thumbnail","7":"category-arts-et-design","8":"tag-arts","9":"tag-arts-and-design","10":"tag-arts-et-design","11":"tag-aude","12":"tag-culture-et-loisirs","13":"tag-design","14":"tag-divertissement","15":"tag-entertainment","16":"tag-fr","17":"tag-france","18":"tag-fu00eates-et-festivals","19":"tag-narbonne","20":"tag-nou00ebl-et-nouvel-an"},"share_on_mastodon":{"url":"https:\/\/pubeurope.com\/@fr\/115766649036938185","error":""},"_links":{"self":[{"href":"https:\/\/www.europesays.com\/fr\/wp-json\/wp\/v2\/posts\/617045","targetHints":{"allow":["GET"]}}],"collection":[{"href":"https:\/\/www.europesays.com\/fr\/wp-json\/wp\/v2\/posts"}],"about":[{"href":"https:\/\/www.europesays.com\/fr\/wp-json\/wp\/v2\/types\/post"}],"author":[{"embeddable":true,"href":"https:\/\/www.europesays.com\/fr\/wp-json\/wp\/v2\/users\/2"}],"replies":[{"embeddable":true,"href":"https:\/\/www.europesays.com\/fr\/wp-json\/wp\/v2\/comments?post=617045"}],"version-history":[{"count":0,"href":"https:\/\/www.europesays.com\/fr\/wp-json\/wp\/v2\/posts\/617045\/revisions"}],"wp:featuredmedia":[{"embeddable":true,"href":"https:\/\/www.europesays.com\/fr\/wp-json\/wp\/v2\/media\/617046"}],"wp:attachment":[{"href":"https:\/\/www.europesays.com\/fr\/wp-json\/wp\/v2\/media?parent=617045"}],"wp:term":[{"taxonomy":"category","embeddable":true,"href":"https:\/\/www.europesays.com\/fr\/wp-json\/wp\/v2\/categories?post=617045"},{"taxonomy":"post_tag","embeddable":true,"href":"https:\/\/www.europesays.com\/fr\/wp-json\/wp\/v2\/tags?post=617045"}],"curies":[{"name":"wp","href":"https:\/\/api.w.org\/{rel}","templated":true}]}}