{"id":617047,"date":"2025-12-23T03:01:18","date_gmt":"2025-12-23T03:01:18","guid":{"rendered":"https:\/\/www.europesays.com\/fr\/617047\/"},"modified":"2025-12-23T03:01:18","modified_gmt":"2025-12-23T03:01:18","slug":"lactrice-anny-duperey-reagit-a-son-eviction-de-danse-avec-les-stars","status":"publish","type":"post","link":"https:\/\/www.europesays.com\/fr\/617047\/","title":{"rendered":"l&rsquo;actrice Anny Duperey r\u00e9agit \u00e0 son \u00e9viction de \u00ab\u00a0Danse avec les stars\u00a0\u00bb"},"content":{"rendered":"<p class=\"article-p mdl\">Une \u00e9viction \u00e0 la derni\u00e8re minute.\u00a0<a class=\"link\" href=\"https:\/\/www.rtl.fr\/actu\/debats-societe\/apres-ses-propos-polemiques-anny-duperey-n-est-plus-marraine-de-sos-village-d-enfants-7900354442\" title=\"Apr\u00e8s ses propos pol\u00e9miques, Anny Duperey n&#039;est plus marraine de SOS Village d&#039;Enfants\" target=\"_blank\" rel=\"noopener\">Anny Duperey<\/a>, actrice de 78 ans, confie avoir \u00e9t\u00e9 \u00e9cart\u00e9 du casting de la saison 15 de\u00a0Danse avec les stars, alors qu&rsquo;elle avait \u00e9t\u00e9 approch\u00e9e d\u00e8s le mois de septembre dernier. \u00ab\u00a0Je suis pressentie depuis d\u00e9but septembre.\u00a0TF1 m&rsquo;a contact\u00e9e et m&rsquo;a demand\u00e9 si \u00e7a me plairait\u00a0? Comme j&rsquo;ai aussi \u00e9t\u00e9 danseuse, que je continue \u00e0 m&rsquo;entra\u00eener, j&rsquo;ai dit pourquoi pas\u00a0! Et on avait un contrat moral\u00a0\u00bb, confie-t-elle aupr\u00e8s d&rsquo;ICI.<\/p>\n<p class=\"article-p mdl\">L&rsquo;actrice qui assure s&rsquo;\u00eatre pr\u00e9par\u00e9e pendant quatre mois, d\u00e9nonce \u00ab\u00a0un jeunisme ambiant\u00a0\u00bb. \u00ab\u00a0Quelqu&rsquo;un dans les sph\u00e8res dirigeantes, je suppose, a soudainement vu ma date de naissance et a d\u00e9cr\u00e9t\u00e9 que non\u00a0: trop \u00e2g\u00e9e\u00a0\u00bb, assure-t-elle.\u00a0<\/p>\n<p>            Feu vert m\u00e9dical et test avec un danseur\u00a0<\/p>\n<p class=\"article-p mdl\">\n<p>Les choses \u00e9taient pourtant bien engag\u00e9es entre l&rsquo;actrice et la production, selon son t\u00e9moignage. Elle assure m\u00eame avoir r\u00e9p\u00e9t\u00e9 avec un danseur attitr\u00e9, pass\u00e9 le test d&rsquo;effort et re\u00e7u le feu vert m\u00e9dical n\u00e9cessaire pour concourir. La septuag\u00e9naire \u00e0 l&rsquo;affiche de la pi\u00e8ce\u00a0Le Duplex\u00a0regrette cette \u00e9viction et raconte avoir r\u00e9serv\u00e9 ses prochains mois aux r\u00e9p\u00e9titions de l&rsquo;\u00e9mission qui commencent d\u00e8s janvier prochain.\u00a0<\/p>\n<p class=\"article-p mdl\">Le\u00a0<a class=\"link\" href=\"https:\/\/www.rtl.fr\/culture\/medias-people\/danse-avec-les-stars-laure-manaudou-ian-ziering-juju-fitcats-qui-sont-les-candidats-de-l-edition-2026-7900580700\" title=\"&quot;Danse avec les stars&quot; 2026 : Laure Manaudou, Ian Ziering, Juju Fitcats... : qui sont les candidats de la saison 15 ?\" target=\"_blank\" rel=\"noopener\">casting de l&rsquo;\u00e9mission<\/a>\u00a0est au complet, il compte 11 candidats, dont l&rsquo;ancienne nageuse Laure Manaudou, l&rsquo;animateur St\u00e9phane Bern et l&rsquo;ancienne miss France Ang\u00e9lique Angarni-Filopon.<\/p>\n<p>\u00a0<\/p>\n<p>    La r\u00e9daction vous recommande<\/p>\n<p class=\"s-newsletter__title\">\n                L\u2019actualit\u00e9 par la r\u00e9daction de RTL dans votre bo\u00eete mail.\n            <\/p>\n<p class=\"s-newsletter__subtitle\">\n                Gr\u00e2ce \u00e0 votre compte RTL abonnez-vous \u00e0 la newsletter RTL info pour suivre toute l&rsquo;actualit\u00e9 au quotidien\n            <\/p>\n<p>\n                                    Lire la suite\n                                <\/p>\n","protected":false},"excerpt":{"rendered":"Une \u00e9viction \u00e0 la derni\u00e8re minute.\u00a0Anny Duperey, actrice de 78 ans, confie avoir \u00e9t\u00e9 \u00e9cart\u00e9 du casting de&hellip;\n","protected":false},"author":2,"featured_media":617048,"comment_status":"","ping_status":"","sticky":false,"template":"","format":"standard","meta":{"footnotes":""},"categories":[1356],"tags":[4952,194,58,59,107,1011,27,252,199,1364],"class_list":{"0":"post-617047","1":"post","2":"type-post","3":"status-publish","4":"format-standard","5":"has-post-thumbnail","7":"category-television","8":"tag-anny-duperey","9":"tag-danse-avec-les-stars","10":"tag-divertissement","11":"tag-entertainment","12":"tag-fil-info","13":"tag-fr","14":"tag-france","15":"tag-television","16":"tag-tf1","17":"tag-tv"},"share_on_mastodon":{"url":"https:\/\/pubeurope.com\/@fr\/115766656124626106","error":""},"_links":{"self":[{"href":"https:\/\/www.europesays.com\/fr\/wp-json\/wp\/v2\/posts\/617047","targetHints":{"allow":["GET"]}}],"collection":[{"href":"https:\/\/www.europesays.com\/fr\/wp-json\/wp\/v2\/posts"}],"about":[{"href":"https:\/\/www.europesays.com\/fr\/wp-json\/wp\/v2\/types\/post"}],"author":[{"embeddable":true,"href":"https:\/\/www.europesays.com\/fr\/wp-json\/wp\/v2\/users\/2"}],"replies":[{"embeddable":true,"href":"https:\/\/www.europesays.com\/fr\/wp-json\/wp\/v2\/comments?post=617047"}],"version-history":[{"count":0,"href":"https:\/\/www.europesays.com\/fr\/wp-json\/wp\/v2\/posts\/617047\/revisions"}],"wp:featuredmedia":[{"embeddable":true,"href":"https:\/\/www.europesays.com\/fr\/wp-json\/wp\/v2\/media\/617048"}],"wp:attachment":[{"href":"https:\/\/www.europesays.com\/fr\/wp-json\/wp\/v2\/media?parent=617047"}],"wp:term":[{"taxonomy":"category","embeddable":true,"href":"https:\/\/www.europesays.com\/fr\/wp-json\/wp\/v2\/categories?post=617047"},{"taxonomy":"post_tag","embeddable":true,"href":"https:\/\/www.europesays.com\/fr\/wp-json\/wp\/v2\/tags?post=617047"}],"curies":[{"name":"wp","href":"https:\/\/api.w.org\/{rel}","templated":true}]}}