{"id":617053,"date":"2025-12-23T03:04:17","date_gmt":"2025-12-23T03:04:17","guid":{"rendered":"https:\/\/www.europesays.com\/fr\/617053\/"},"modified":"2025-12-23T03:04:17","modified_gmt":"2025-12-23T03:04:17","slug":"les-paillettes-en-cosmetiques-sont-beaucoup-plus-toxiques-que-vous-ne-le-pensez","status":"publish","type":"post","link":"https:\/\/www.europesays.com\/fr\/617053\/","title":{"rendered":"Les paillettes en cosm\u00e9tiques sont beaucoup plus toxiques que vous ne le pensez"},"content":{"rendered":"<p>\u200b\u00c0 l\u2019approche des f\u00eates, les cosm\u00e9tiques iridescents et autres sprays paillet\u00e9s envahissent les rayons beaut\u00e9. Oui, les paillettes c\u2019est joli, on ne vous dira pas le contraire. Sauf que l\u2019association Avicenn (association de veille et d\u2019information civique sur les enjeux des nanosciences et des nanotechnologies) vient de passer au crible dix r\u00e9f\u00e9rences bien connues du march\u00e9, et que le r\u00e9sultat n\u2019est pas brillant. Nocib\u00e9, Sephora, Aroma-Zone ou Ren\u00e9 Furterer\u2026 <strong>tous les produits test\u00e9s contiennent des nanoparticules<\/strong> de dioxyde de titane (TiO\u2082), en quantit\u00e9s \u00e9lev\u00e9es et tailles ultrafines (25-50 nm). Cette substance, pris\u00e9e pour son effet perle nacr\u00e9 pr\u00e9sent dans le mica, se d\u00e9tache en nanoparticules libres lors de l\u2019application, et pr\u00e9sentent des risques graves pour les poumons.<\/p>\n<p> Des particules pourtant interdites en Europe <\/p>\n<p>Ces particules microscopiques p\u00e9n\u00e8trent les barri\u00e8res pulmonaires, atteignant les alv\u00e9oles et provoquant des inflammations chroniques. Non enrob\u00e9es, elles g\u00e9n\u00e8rent des radicaux libres, potentiellement g\u00e9notoxiques, capables d\u2019endommager durablement l\u2019ADN et augmentant les risques de cancer, selon des \u00e9tudes cit\u00e9es par l\u2019association.<strong> Le minist\u00e8re de la Sant\u00e9 a saisi l\u2019Anses pour demander une expertise urgente<\/strong>, alors que l\u2019affaire fait parler d\u2019elle jusqu\u2019\u00e0 Bruxelles.<\/p>\n<p>Il faut dire que l\u2019Europe n\u2019est pas tendre avec le TiO\u2082 nano. Depuis 2020, son usage est limit\u00e9 aux cr\u00e8mes solaires anti-UV, obligatoirement enrob\u00e9 et non pulv\u00e9risable. Le vieux continent interdit explicitement les formes inhalables ou non prot\u00e9g\u00e9es dans tout autre cosm\u00e9tique. On retrouve pourtant la substance dans plusieurs produits paillet\u00e9s vendus par Nocib\u00e9 et Sephora, particuli\u00e8rement populaires en p\u00e9riode de f\u00eate. Les pigments sont alors d\u00e9crit comme des composites mica-TiO\u2082, sans mention de leur taille nano.<\/p>\n<p> Des paillettes dans nos vies, et dans nos poumons <\/p>\n<p>Au-del\u00e0 de leur impact environnemental (les paillettes en cosm\u00e9tiques sont g\u00e9n\u00e9ralement fabriqu\u00e9es \u00e0 base de microplastiques tr\u00e8s polluants), ce type de cosm\u00e9tique repr\u00e9sente un risque sanitaire bien r\u00e9el. Les cosm\u00e9tiques iridescents sont, pour la plupart, bourr\u00e9s de mica et de dioxyde de titane, appr\u00e9ci\u00e9s pour leur capacit\u00e9 \u00e0 r\u00e9fl\u00e9chir la lumi\u00e8re. Face \u00e0 ce cocktail explosif, il vaut mieux renoncer \u00e0 mettre des paillettes dans votre vie\u2026 ou<strong> opter pour des marques plus responsables<\/strong>, \u00e0 la composition transparente (certaines alternatives fran\u00e7aises brillent tout autant que les vraies, et \u00e9viteront de polluer la nature et vos poumons). Les pigments min\u00e9raux micronis\u00e9s (sup\u00e9rieurs \u00e0 100 nm), les oxydes ferreux ou les silicates naturels reproduisent l\u2019effet iris\u00e9 recherch\u00e9, sans nanoparticules.<\/p>\n<p>En attendant que l\u2019UE ne se d\u00e9cide vraiment \u00e0 l\u00e9gif\u00e9rer \u2013 et \u00e0 sanctionner \u2013 l\u2019enqu\u00eate d\u2019Avicenn vient mettre en lumi\u00e8re <a href=\"https:\/\/www.presse-citron.net\/pollution-pfas-bilan-7-communes-france-oeufs-fruits-legumes-contamines\/\" target=\"_blank\" rel=\"noopener\">les dangers bien r\u00e9els des cosm\u00e9tiques \u00e0 paillettes<\/a>. Le glow c\u2019est bien, mais s\u2019il pouvait \u00e9viter d\u2019\u00eatre livr\u00e9 avec des risques de cancer, c\u2019est mieux.<\/p>\n<blockquote style=\"border:1px solid #971048;border-radius:8px;\">\n<p class=\"text-base text-neutral-700 dark:text-neutral-300\" style=\"color:grey;\">\ud83d\udfe3 Pour ne manquer aucune news sur le Journal du Geek, <a href=\"https:\/\/profile.google.com\/cp\/CgwvZy8xejJ2N182c2MaHmh0dHBzOi8vd3d3LmpvdXJuYWxkdWdlZWsuY29tLw==?pf=6\" target=\"_blank\" rel=\"noopener\">suivez-nous sur Google<\/a> et sur notre canal <a href=\"https:\/\/whatsapp.com\/channel\/0029VaClM5y4tRry12tb7D2h\" target=\"_blank\" rel=\"noopener\">WhatsApp<\/a>. Et si vous nous adorez, on a <a href=\"https:\/\/www.journaldugeek.com\/newsletter\/\" target=\"_blank\" rel=\"noopener\">une newsletter tous les matins<\/a>.<\/p>\n<\/blockquote>\n","protected":false},"excerpt":{"rendered":"\u200b\u00c0 l\u2019approche des f\u00eates, les cosm\u00e9tiques iridescents et autres sprays paillet\u00e9s envahissent les rayons beaut\u00e9. Oui, les paillettes&hellip;\n","protected":false},"author":2,"featured_media":617054,"comment_status":"","ping_status":"","sticky":false,"template":"","format":"standard","meta":{"footnotes":""},"categories":[10],"tags":[1011,27,72,15830,71],"class_list":{"0":"post-617053","1":"post","2":"type-post","3":"status-publish","4":"format-standard","5":"has-post-thumbnail","7":"category-sante","8":"tag-fr","9":"tag-france","10":"tag-health","11":"tag-noel","12":"tag-sante"},"share_on_mastodon":{"url":"https:\/\/pubeurope.com\/@fr\/115766667716341435","error":""},"_links":{"self":[{"href":"https:\/\/www.europesays.com\/fr\/wp-json\/wp\/v2\/posts\/617053","targetHints":{"allow":["GET"]}}],"collection":[{"href":"https:\/\/www.europesays.com\/fr\/wp-json\/wp\/v2\/posts"}],"about":[{"href":"https:\/\/www.europesays.com\/fr\/wp-json\/wp\/v2\/types\/post"}],"author":[{"embeddable":true,"href":"https:\/\/www.europesays.com\/fr\/wp-json\/wp\/v2\/users\/2"}],"replies":[{"embeddable":true,"href":"https:\/\/www.europesays.com\/fr\/wp-json\/wp\/v2\/comments?post=617053"}],"version-history":[{"count":0,"href":"https:\/\/www.europesays.com\/fr\/wp-json\/wp\/v2\/posts\/617053\/revisions"}],"wp:featuredmedia":[{"embeddable":true,"href":"https:\/\/www.europesays.com\/fr\/wp-json\/wp\/v2\/media\/617054"}],"wp:attachment":[{"href":"https:\/\/www.europesays.com\/fr\/wp-json\/wp\/v2\/media?parent=617053"}],"wp:term":[{"taxonomy":"category","embeddable":true,"href":"https:\/\/www.europesays.com\/fr\/wp-json\/wp\/v2\/categories?post=617053"},{"taxonomy":"post_tag","embeddable":true,"href":"https:\/\/www.europesays.com\/fr\/wp-json\/wp\/v2\/tags?post=617053"}],"curies":[{"name":"wp","href":"https:\/\/api.w.org\/{rel}","templated":true}]}}