{"id":617056,"date":"2025-12-23T03:06:13","date_gmt":"2025-12-23T03:06:13","guid":{"rendered":"https:\/\/www.europesays.com\/fr\/617056\/"},"modified":"2025-12-23T03:06:13","modified_gmt":"2025-12-23T03:06:13","slug":"star-academy-cetait-long-les-douces-confidences-de-jeanne-sur-ses-retrouvailles-avec-leo","status":"publish","type":"post","link":"https:\/\/www.europesays.com\/fr\/617056\/","title":{"rendered":"Star Academy : \u00ab\u00a0C\u2019\u00e9tait long\u00a0\u00bb, les douces confidences de Jeanne sur ses retrouvailles avec L\u00e9o"},"content":{"rendered":"<p data-start=\"278\" data-end=\"499\">Samedi 20 d\u00e9cembre, <a href=\"https:\/\/www.closermag.fr\/tv_tele_realite\/star-academy-2025-a-peine-eliminee-jeanne-apprend-une-bonne-nouvelle-dans-les-bras-de-leo-3608372\" target=\"_blank\" rel=\"noopener\"><br \/>\nJeanne a quitt\u00e9 l\u2019aventure Star Academy<\/a> apr\u00e8s neuf<br \/>\nsemaines pass\u00e9es au ch\u00e2teau. Une sortie attendue mais pas anodine,<br \/>\ntant la jeune artiste a marqu\u00e9 cette saison par sa sensibilit\u00e9 et<br \/>\nson authenticit\u00e9.<\/p>\n<p data-start=\"501\" data-end=\"740\">Dans une interview accord\u00e9e \u00e0<br \/>\n<a href=\"https:\/\/www.telestar.fr\/tele_realite\/exclu-jeanne-eliminee-de-star-academy-je-ne-vais-pas-mexcuser-davoir-montre-mes-emotions-1749231\" target=\"_blank\" rel=\"noopener\"><br \/>\nT\u00e9l\u00e9 Star<\/a>, elle revient sur <strong>son \u00e9limination<br \/>\nface \u00e0 Sarah<\/strong>, sur les montagnes russes \u00e9motionnelles<br \/>\nv\u00e9cues pendant l\u2019\u00e9mission et sur ce lien tr\u00e8s fort qui l\u2019unit \u00e0<br \/>\nL\u00e9o, l\u2019un des candidats les plus proches d\u2019elle.<\/p>\n<p>\u00ab\u00a0Je savais que c\u2019\u00e9tait moi\u00a0\u00bb :<br \/>\nJeanne lucide sur son d\u00e9part du ch\u00e2teau<\/p>\n<p data-start=\"798\" data-end=\"1140\">Interrog\u00e9e sur son \u00e9limination,<br \/>\nJeanne ne se cache pas. Elle l\u2019avait anticip\u00e9e. \u00ab\u00a0Oui, je m\u2019y attendais. Quand j&rsquo;ai vu que<br \/>\nj\u2019\u00e9tais face \u00e0 Sarah, je savais que c&rsquo;\u00e9tait moi. D\u2019ailleurs,<br \/>\n<strong>je n\u2019aurais pas compris si elle \u00e9tait sortie et pas<br \/>\nmoi<\/strong>.\u00a0\u00bb Elle tient d\u2019ailleurs \u00e0 saluer le parcours de<br \/>\nsa camarade, soulignant son travail et sa r\u00e9gularit\u00e9. Si son d\u00e9part<br \/>\na sembl\u00e9 plus apais\u00e9 que celui de L\u00e9o, elle reconna\u00eet la diff\u00e9rence<br \/>\nde contexte. \u00ab\u00a0La semaine<br \/>\nderni\u00e8re, <a href=\"https:\/\/www.closermag.fr\/tv_tele_realite\/star-academy-2025-lincroyable-et-impressionnante-crise-de-larmes-de-jeanne-apres-le-depart-de-leo-3604556\" target=\"_blank\" rel=\"noopener\"><br \/>\nle d\u00e9part de L\u00e9o m\u2019a vraiment choqu\u00e9e<\/a> parce que je n\u2019avais<br \/>\njamais imagin\u00e9 faire la tourn\u00e9e sans lui.\u00a0\u00bb Elle explique<br \/>\ns\u2019\u00eatre pr\u00e9par\u00e9e mentalement \u00e0 partir, apr\u00e8s plusieurs semaines en<br \/>\ndanger, ce qui a rendu cette \u00e9limination plus logique \u00e0 ses<br \/>\nyeux.<\/p>\n<p data-start=\"1510\" data-end=\"1794\">La fatigue et le stress<br \/>\naccumul\u00e9s ont aussi jou\u00e9 un r\u00f4le. <strong>\u00ab\u00a0Ces derni\u00e8res semaines, j\u2019ai ressenti<br \/>\nl\u2019accumulation de la fatigue et du stress. J\u2019ai aussi \u00e9t\u00e9 pas mal<br \/>\nmalade.\u00a0\u00bb<\/strong> Une baisse d\u2019\u00e9nergie qui s\u2019est ressentie sur<br \/>\nsc\u00e8ne, dans une comp\u00e9tition o\u00f9 tout le monde progresse tr\u00e8s<br \/>\nvite.<\/p>\n<p>Avec<br \/>\nL\u00e9o, \u00ab\u00a0on n\u2019a \u00e9t\u00e9 s\u00e9par\u00e9s qu\u2019une semaine mais&#8230;\u00a0\u00bb<\/p>\n<p data-start=\"1851\" data-end=\"2157\">Tr\u00e8s \u00e9motive durant<br \/>\nl\u2019aventure, Jeanne assume pleinement cette facette d\u2019elle-m\u00eame.<br \/>\n\u00ab\u00a0Pendant les primes, j\u2019ai<br \/>\ntellement pleur\u00e9 ! Je me suis affich\u00e9e.\u00a0\u00bb Elle refuse pourtant<br \/>\nde s&rsquo;excuser d\u2019avoir montr\u00e9 ses \u00e9motions, et rappelle que<br \/>\n<strong>le contexte de la Star Academy amplifie<br \/>\ntout,<\/strong> surtout quand on est sensible. Un seul regret<br \/>\naujourd\u2019hui. \u00ab\u00a0Je pense que je<br \/>\nregrette d\u2019avoir \u00e9t\u00e9 trop dure avec moi-m\u00eame.\u00a0\u00bb Mais elle<br \/>\npr\u00e9f\u00e8re retenir le positif et la sinc\u00e9rit\u00e9 avec laquelle elle a<br \/>\nv\u00e9cu cette exp\u00e9rience.<\/p>\n<p data-start=\"2351\" data-end=\"2664\">Quant \u00e0 <a href=\"https:\/\/www.closermag.fr\/tv_tele_realite\/star-academy-des-que-je-la-regarde-leo-fait-des-confidences-intimes-sur-sa-relation-avec-jeanne-3604928\" target=\"_blank\" rel=\"noopener\"><br \/>\nses retrouvailles avec L\u00e9o<\/a>, elles ont \u00e9t\u00e9 charg\u00e9es d\u2019\u00e9motion.<br \/>\n<strong>\u00ab\u00a0Les retrouvailles se<br \/>\nsont tr\u00e8s bien pass\u00e9es. Je suis tr\u00e8s contente de le retrouver ! On<br \/>\nn\u2019a \u00e9t\u00e9 s\u00e9par\u00e9s qu\u2019une semaine, mais c\u2019\u00e9tait long.\u00a0\u00bb<\/strong><br \/>\nM\u00eame si la tourn\u00e9e se fera en grande partie sans lui, elle reste<br \/>\nsereine et confiante pour la suite. C\u00f4t\u00e9 musique, Jeanne ne compte<br \/>\npas s\u2019arr\u00eater l\u00e0. Son single Respire fort continue de rencontrer le succ\u00e8s et elle<br \/>\nsouhaite profiter de la tourn\u00e9e pour pr\u00e9parer l\u2019avenir.<br \/>\n\u00ab\u00a0Je vais continuer \u00e0 \u00e9crire<br \/>\ndes chansons.\u00a0\u00bb Et un r\u00eave reste bien pr\u00e9sent. \u00ab\u00a0Avec L\u00e9o, on a \u00e9crit une chanson ensemble<br \/>\net j\u2019aimerais beaucoup que l\u2019on ait l\u2019occasion de la sortir.\u00a0\u00bb<br \/>\nUne promesse qui donne envie de suivre la suite de son<br \/>\nparcours.<\/p>\n","protected":false},"excerpt":{"rendered":"Samedi 20 d\u00e9cembre, Jeanne a quitt\u00e9 l\u2019aventure Star Academy apr\u00e8s neuf semaines pass\u00e9es au ch\u00e2teau. Une sortie attendue&hellip;\n","protected":false},"author":2,"featured_media":617057,"comment_status":"","ping_status":"","sticky":false,"template":"","format":"standard","meta":{"footnotes":""},"categories":[8],"tags":[21303,58,59,1011,27,70426,5095,199,65861],"class_list":{"0":"post-617056","1":"post","2":"type-post","3":"status-publish","4":"format-standard","5":"has-post-thumbnail","7":"category-divertissement","8":"tag-buzz_nonli","9":"tag-divertissement","10":"tag-entertainment","11":"tag-fr","12":"tag-france","13":"tag-marfeel_news","14":"tag-star-academy","15":"tag-tf1","16":"tag-trend"},"share_on_mastodon":{"url":"https:\/\/pubeurope.com\/@fr\/115766675666372847","error":""},"_links":{"self":[{"href":"https:\/\/www.europesays.com\/fr\/wp-json\/wp\/v2\/posts\/617056","targetHints":{"allow":["GET"]}}],"collection":[{"href":"https:\/\/www.europesays.com\/fr\/wp-json\/wp\/v2\/posts"}],"about":[{"href":"https:\/\/www.europesays.com\/fr\/wp-json\/wp\/v2\/types\/post"}],"author":[{"embeddable":true,"href":"https:\/\/www.europesays.com\/fr\/wp-json\/wp\/v2\/users\/2"}],"replies":[{"embeddable":true,"href":"https:\/\/www.europesays.com\/fr\/wp-json\/wp\/v2\/comments?post=617056"}],"version-history":[{"count":0,"href":"https:\/\/www.europesays.com\/fr\/wp-json\/wp\/v2\/posts\/617056\/revisions"}],"wp:featuredmedia":[{"embeddable":true,"href":"https:\/\/www.europesays.com\/fr\/wp-json\/wp\/v2\/media\/617057"}],"wp:attachment":[{"href":"https:\/\/www.europesays.com\/fr\/wp-json\/wp\/v2\/media?parent=617056"}],"wp:term":[{"taxonomy":"category","embeddable":true,"href":"https:\/\/www.europesays.com\/fr\/wp-json\/wp\/v2\/categories?post=617056"},{"taxonomy":"post_tag","embeddable":true,"href":"https:\/\/www.europesays.com\/fr\/wp-json\/wp\/v2\/tags?post=617056"}],"curies":[{"name":"wp","href":"https:\/\/api.w.org\/{rel}","templated":true}]}}