{"id":617064,"date":"2025-12-23T03:10:16","date_gmt":"2025-12-23T03:10:16","guid":{"rendered":"https:\/\/www.europesays.com\/fr\/617064\/"},"modified":"2025-12-23T03:10:16","modified_gmt":"2025-12-23T03:10:16","slug":"agde-menacee-rues-inondees-les-images-des-crues-exceptionnelles-dans-lherault","status":"publish","type":"post","link":"https:\/\/www.europesays.com\/fr\/617064\/","title":{"rendered":"Agde menac\u00e9e, rues inond\u00e9es\u2026 Les images des crues exceptionnelles dans l\u2019H\u00e9rault"},"content":{"rendered":"<p>        <img decoding=\"async\" loading=\"lazy\" src=\"https:\/\/www.europesays.com\/fr\/wp-content\/uploads\/2025\/12\/581d775_upload-1-vtlnztskgzon-afp-20251222-88uw6g3-v5-highres-topshotfranceweatherflood.jpg\"  width=\"728\" height=\"409\" alt=\"Une photo prise le 22\u00a0d\u00e9cembre 2025\u00a0montre les rues inond\u00e9es de Montpellier, apr\u00e8s que la rivi\u00e8re Lez a d\u00e9bord\u00e9 \u00e0 cause de fortes pluies. \"\/>  <\/p>\n<p>SYLVAIN THOMAS \/ AFP<\/p>\n<p>Une photo prise le 22\u00a0d\u00e9cembre 2025\u00a0montre les rues inond\u00e9es de Montpellier, apr\u00e8s que la rivi\u00e8re Lez a d\u00e9bord\u00e9 \u00e0 cause de fortes pluies. <\/p>\n<p class=\"asset asset-text\">Le fleuve est sorti de son lit avec fracas. L\u2019H\u00e9rault a \u00e9t\u00e9 plac\u00e9 ce lundi 22\u00a0d\u00e9cembre <a href=\"https:\/\/www.huffingtonpost.fr\/france\/article\/l-herault-place-en-vigilance-rouge-avec-les-risques-de-crues_258507.html\" target=\"_blank\" rel=\"noopener\">en vigilance rouge par M\u00e9t\u00e9o-France<\/a> pour des<a href=\"https:\/\/www.huffingtonpost.fr\/faits-divers\/article\/dans-la-drome-les-corps-des-deux-personnes-portees-disparues-ont-ete-retrouves_256638.html\" target=\"_blank\" rel=\"noopener\"> crues <\/a>exceptionnelles avec des cumuls importants de pluies qui font d\u00e9border les cours d\u2019eau du d\u00e9partement et menacent la ville c\u00f4ti\u00e8re d\u2019Agde. Une telle crue n\u2019avait jamais \u00e9t\u00e9 atteinte depuis novembre 1994, selon les pr\u00e9visionnistes.<\/p>\n<p class=\"asset asset-text\">\u00c0 Agde, le pic de la crue a \u00e9t\u00e9 atteint vers 20\u00a0h. Le niveau de l\u2019H\u00e9rault atteignait d\u00e9j\u00e0 les quais \u00e0 19\u00a0h, noyant en partie les promenades longeant le fleuve de part et d\u2019autre du pont menant au c\u0153ur historique de la ville. Le niveau du fleuve pourrait atteindre \u00e0 Agde un seuil haut \u00e0 3,40\u00a0m voire 3,60\u00a0m en hypoth\u00e8se haute, soit 1\u00a0725 habitants inond\u00e9s potentiels, avait pr\u00e9venu dans l\u2019apr\u00e8s-midi la pr\u00e9fecture.<\/p>\n<p class=\"asset asset-text\">Si des rues proches du pont \u00e9taient ferm\u00e9es par des barri\u00e8res sur lesquelles \u00e9taient plac\u00e9s des panneaux \u00ab\u00a0route inond\u00e9e\u00a0\u00bb, le pont lui-m\u00eame restait ouvert \u00e0 la circulation, quelques m\u00e8tres s\u00e9parant encore le bas de son tablier des eaux tumultueuses qui passaient dessous.<\/p>\n<p>    Inondations dans le centre-ville de Montpellier    <\/p>\n<p class=\"asset asset-text\">Dans l\u2019H\u00e9rault, depuis le d\u00e9but de journ\u00e9e, M\u00e9t\u00e9o-France a observ\u00e9 des cumuls de l\u2019ordre de 70 \u00e0 100 mm sur l\u2019est du d\u00e9partement avec localement 90 \u00e0 120 mm sur le secteur de Montpellier, d\u2019apr\u00e8s son dernier bulletin m\u00e9t\u00e9o de 22\u00a0h.<\/p>\n<p class=\"asset asset-text\">La pr\u00e9f\u00e8te de l\u2019H\u00e9rault, Chantal Mauchet, a indiqu\u00e9 sur BFMTV que \u00ab\u00a027\u00a0communes \u00e9taient en vigilance\u00a0\u00bb. Elle a \u00e9galement annonc\u00e9 avoir envoy\u00e9 un message  par FR-Alert \u00e0 1\u00a0600\u00a0habitants du secteur entre P\u00e9zenas et Agde pour \u00ab\u00a0leur demander de ne pas se d\u00e9placer, de rester en s\u00e9curit\u00e9.\u00a0\u00bb<\/p>\n<p> La lecture de ce contenu est susceptible d\u2019entra\u00eener un d\u00e9p\u00f4t de cookies de la part de l\u2019op\u00e9rateur tiers qui l\u2019h\u00e9berge. Compte-tenu des choix que vous avez exprim\u00e9s en mati\u00e8re de d\u00e9p\u00f4t de cookies, nous avons bloqu\u00e9 l\u2019affichage de ce contenu. Si vous souhaitez y acc\u00e9der, vous devez accepter la cat\u00e9gorie de cookies \u201cContenus tiers\u201d en cliquant sur le bouton ci-dessous. <\/p>\n<p> Lire la Vid\u00e9o            <\/p>\n<p class=\"asset asset-text\">Des images a\u00e9riennes de Bessan partag\u00e9es par la mairie montrent l\u2019ampleur de la crue de l\u2019H\u00e9rault, <strong>comme vous pouvez le voir ci-dessous.<\/strong><\/p>\n<p> La lecture de ce contenu est susceptible d\u2019entra\u00eener un d\u00e9p\u00f4t de cookies de la part de l\u2019op\u00e9rateur tiers qui l\u2019h\u00e9berge. Compte-tenu des choix que vous avez exprim\u00e9s en mati\u00e8re de d\u00e9p\u00f4t de cookies, nous avons bloqu\u00e9 l\u2019affichage de ce contenu. Si vous souhaitez y acc\u00e9der, vous devez accepter la cat\u00e9gorie de cookies \u201cContenus tiers\u201d en cliquant sur le bouton ci-dessous. <\/p>\n<p> Lire la Vid\u00e9o           <\/p>\n<p> La lecture de ce contenu est susceptible d\u2019entra\u00eener un d\u00e9p\u00f4t de cookies de la part de l\u2019op\u00e9rateur tiers qui l\u2019h\u00e9berge. Compte-tenu des choix que vous avez exprim\u00e9s en mati\u00e8re de d\u00e9p\u00f4t de cookies, nous avons bloqu\u00e9 l\u2019affichage de ce contenu. Si vous souhaitez y acc\u00e9der, vous devez accepter la cat\u00e9gorie de cookies \u201cContenus tiers\u201d en cliquant sur le bouton ci-dessous. <\/p>\n<p> Lire la Vid\u00e9o        <\/p>\n<p class=\"asset asset-text\">Dans le centre-ville de Montpellier, des photos et vid\u00e9os montrent des rues inond\u00e9es. Plusieurs routes ont \u00e9t\u00e9 coup\u00e9es, le long du Lez ou au pied de l\u2019H\u00f4tel de R\u00e9gion. Parcs et jardins publics, cimeti\u00e8res, le zoo et le march\u00e9 de No\u00ebl sont ferm\u00e9s.<\/p>\n<p> La lecture de ce contenu est susceptible d\u2019entra\u00eener un d\u00e9p\u00f4t de cookies de la part de l\u2019op\u00e9rateur tiers qui l\u2019h\u00e9berge. Compte-tenu des choix que vous avez exprim\u00e9s en mati\u00e8re de d\u00e9p\u00f4t de cookies, nous avons bloqu\u00e9 l\u2019affichage de ce contenu. Si vous souhaitez y acc\u00e9der, vous devez accepter la cat\u00e9gorie de cookies \u201cContenus tiers\u201d en cliquant sur le bouton ci-dessous. <\/p>\n<p> Lire la Vid\u00e9o               <\/p>\n<p> La lecture de ce contenu est susceptible d\u2019entra\u00eener un d\u00e9p\u00f4t de cookies de la part de l\u2019op\u00e9rateur tiers qui l\u2019h\u00e9berge. Compte-tenu des choix que vous avez exprim\u00e9s en mati\u00e8re de d\u00e9p\u00f4t de cookies, nous avons bloqu\u00e9 l\u2019affichage de ce contenu. Si vous souhaitez y acc\u00e9der, vous devez accepter la cat\u00e9gorie de cookies \u201cContenus tiers\u201d en cliquant sur le bouton ci-dessous. <\/p>\n<p> Lire la Vid\u00e9o        <\/p>\n<p class=\"asset asset-text\">\u00c0 Castelnau-de-Guers, des routes sont aussi coup\u00e9es et des voitures ont \u00e9t\u00e9 submerg\u00e9es. \u00c0 Laroque, entre Montpellier et Ganges, les eaux d\u00e9bordantes de l\u2019H\u00e9rault ont aussi bloqu\u00e9 la circulation, rapporte <a href=\"https:\/\/www.midilibre.fr\/2025\/12\/22\/circulations-perturbees-crues-importantes-alerte-rouge-un-lundi-sous-des-pluies-intenses-dans-la-region-13126280.php\" target=\"_blank\" rel=\"noopener\" title=\"Nouvelle fen\u00eatre\">Midi Libre.<\/a><\/p>\n<p> La lecture de ce contenu est susceptible d\u2019entra\u00eener un d\u00e9p\u00f4t de cookies de la part de l\u2019op\u00e9rateur tiers qui l\u2019h\u00e9berge. Compte-tenu des choix que vous avez exprim\u00e9s en mati\u00e8re de d\u00e9p\u00f4t de cookies, nous avons bloqu\u00e9 l\u2019affichage de ce contenu. Si vous souhaitez y acc\u00e9der, vous devez accepter la cat\u00e9gorie de cookies \u201cContenus tiers\u201d en cliquant sur le bouton ci-dessous. <\/p>\n<p> Lire la Vid\u00e9o        <\/p>\n<p class=\"asset asset-text\">Les pluies vont se poursuivre dans la soir\u00e9e et nuit avec des intensit\u00e9s parfois mod\u00e9r\u00e9es \u00e0 fortes sur le sud-est du d\u00e9partement, soit notamment la r\u00e9gion d\u2019Agde. Elles viennent s\u2019ajouter \u00e0 celles des jours pr\u00e9c\u00e9dents, sur des sols d\u00e9j\u00e0 satur\u00e9s.<\/p>\n<p class=\"asset asset-text\">L\u2019\u00e9pisode n\u2019a pour le moment pas fait de d\u00e9g\u00e2ts majeurs. Les sapeurs-pompiers de l\u2019H\u00e9rault ont re\u00e7u 1\u00a0082 appels, 61 op\u00e9rations ont \u00e9t\u00e9 effectu\u00e9es, dont 36 sauvetages et mises en s\u00e9curit\u00e9.<\/p>\n<p class=\"asset asset-text\">Le bilan provisoire fait \u00e9tat de 80 personnes mises en s\u00e9curit\u00e9 \u00e0 la mairie de Palavas-les-Flots et de 40 personnes dans un gymnase de Montpellier. Pr\u00e8s de 1\u00a0000 foyers sont priv\u00e9s \u00e9lectricit\u00e9 dont 520 \u00e0 Montpellier, selon Enedis qui a mobilis\u00e9 une quarantaine de techniciens.<\/p>\n","protected":false},"excerpt":{"rendered":"SYLVAIN THOMAS \/ AFP Une photo prise le 22\u00a0d\u00e9cembre 2025\u00a0montre les rues inond\u00e9es de Montpellier, apr\u00e8s que la&hellip;\n","protected":false},"author":2,"featured_media":617065,"comment_status":"","ping_status":"","sticky":false,"template":"","format":"standard","meta":{"footnotes":""},"categories":[4],"tags":[11,1011,27,7089,2487,2357,12,25,35567],"class_list":{"0":"post-617064","1":"post","2":"type-post","3":"status-publish","4":"format-standard","5":"has-post-thumbnail","7":"category-france","8":"tag-actualites","9":"tag-fr","10":"tag-france","11":"tag-herault","12":"tag-meteo","13":"tag-meteo-france","14":"tag-news","15":"tag-republique-francaise","16":"tag-vigilance-rouge"},"share_on_mastodon":{"url":"https:\/\/pubeurope.com\/@fr\/115766692142519667","error":""},"_links":{"self":[{"href":"https:\/\/www.europesays.com\/fr\/wp-json\/wp\/v2\/posts\/617064","targetHints":{"allow":["GET"]}}],"collection":[{"href":"https:\/\/www.europesays.com\/fr\/wp-json\/wp\/v2\/posts"}],"about":[{"href":"https:\/\/www.europesays.com\/fr\/wp-json\/wp\/v2\/types\/post"}],"author":[{"embeddable":true,"href":"https:\/\/www.europesays.com\/fr\/wp-json\/wp\/v2\/users\/2"}],"replies":[{"embeddable":true,"href":"https:\/\/www.europesays.com\/fr\/wp-json\/wp\/v2\/comments?post=617064"}],"version-history":[{"count":0,"href":"https:\/\/www.europesays.com\/fr\/wp-json\/wp\/v2\/posts\/617064\/revisions"}],"wp:featuredmedia":[{"embeddable":true,"href":"https:\/\/www.europesays.com\/fr\/wp-json\/wp\/v2\/media\/617065"}],"wp:attachment":[{"href":"https:\/\/www.europesays.com\/fr\/wp-json\/wp\/v2\/media?parent=617064"}],"wp:term":[{"taxonomy":"category","embeddable":true,"href":"https:\/\/www.europesays.com\/fr\/wp-json\/wp\/v2\/categories?post=617064"},{"taxonomy":"post_tag","embeddable":true,"href":"https:\/\/www.europesays.com\/fr\/wp-json\/wp\/v2\/tags?post=617064"}],"curies":[{"name":"wp","href":"https:\/\/api.w.org\/{rel}","templated":true}]}}