{"id":617076,"date":"2025-12-23T03:21:19","date_gmt":"2025-12-23T03:21:19","guid":{"rendered":"https:\/\/www.europesays.com\/fr\/617076\/"},"modified":"2025-12-23T03:21:19","modified_gmt":"2025-12-23T03:21:19","slug":"circulations-perturbees-crues-importantes-alerte-rouge-un-lundi-sous-des-pluies-intenses-dans-la-region","status":"publish","type":"post","link":"https:\/\/www.europesays.com\/fr\/617076\/","title":{"rendered":"Circulations perturb\u00e9es, crues importantes, alerte rouge\u2026 Un lundi sous des pluies intenses dans la r\u00e9gion"},"content":{"rendered":"<p>\n                                                                Dans la prolongation du week-end pluvieux, le d\u00e9but de la semaine est marqu\u00e9 par une intense activit\u00e9 orageuse avec beaucoup d\u2019eau un peu partout.\n                            <\/p>\n<p>M\u00e9t\u00e9o France l\u2019avait annonc\u00e9, il fallait s\u2019attendre \u00e0 encore beaucoup d\u2019eau ce lundi, avec des cumuls qui atteignent localement 180\u00a0mm. Cela a \u00e9t\u00e9 le cas, avec notamment une alerte rouge pour crues pour le d\u00e9partement de l\u2019H\u00e9rault et de fortes neiges en Aveyron. Le point de la journ\u00e9e.<\/p>\n<p>Alerte rouge dans l\u2019H\u00e9rault<\/p>\n<p><a href=\"https:\/\/www.midilibre.fr\/2025\/12\/22\/pluie-et-inondations-en-occitanie-un-episode-cevenol-de-quatre-ou-cinq-jours-qui-nest-pas-habituel-dans-la-duree-13125478.php\" target=\"_blank\" rel=\"noopener\">M\u00e9t\u00e9o France a plac\u00e9, en milieu d\u2019apr\u00e8s-midi, le d\u00e9partement de l\u2019H\u00e9rault<\/a> en vigilance rouge pour les crues. Il le restera encore pour la journ\u00e9e de mardi. Plusieurs autres d\u00e9partements ont \u00e9t\u00e9 plac\u00e9s en vigilance orange lundi et mardi pour neige et verglas, parmi lesquels la Loz\u00e8re, l\u2019Aveyron et le Tarn. Lundi, la neige commen\u00e7ait d\u2019ailleurs de toucher l\u2019arri\u00e8re-pays biterrois, du c\u00f4t\u00e9 de La Salvetat-sur-Agout.<\/p>\n<p>Lundi soir, la pr\u00e9fecture de l\u2019H\u00e9rault pr\u00e9cise qu\u2019un millier de foyers \u00e9taient priv\u00e9s d\u2019\u00e9lectricit\u00e9 dans le d\u00e9partement, que 80 personnes \u00e0 Palavas-les-Flots et 40 \u00e0 Montpellier avaient \u00e9t\u00e9 \u00ab\u00a0mises en s\u00e9curit\u00e9\u00a0\u00bb. Le m\u00eame communiqu\u00e9 annonce\u00a0\u00e9galement que les services de l\u2019\u00c9tat avaient plac\u00e9 le bassin aval de l\u2019H\u00e9rault en vigilance rouge crues suite \u00e0 des pluies intenses.<\/p>\n<p><a href=\"https:\/\/www.midilibre.fr\/2025\/12\/22\/le-departement-de-lherault-passe-en-alerte-rouge-liste-des-routes-coupees-ce-lundi-camping-evacue-personnes-privees-electricite-le-point-13126026.php\" target=\"_blank\" rel=\"noopener\">Plusieurs cours d\u2019eau ont d\u00e9bord\u00e9 du fait des fortes pluies. \u00c0 Laroque, entre Montpellier et Ganges<\/a>, l\u2019H\u00e9rault est sorti de son lit bloquant la circulation. \u00c0 Saint-Jean-de-Bruel, la Dourbie\u00a0est brutalement sortie de son calme habituel apr\u00e8s plusieurs jours de pluies c\u00e9venoles exceptionnelles. Gonfl\u00e9e par des pr\u00e9cipitations intenses sur les hauteurs du massif du Lingas et du Mont-Aigoual, la rivi\u00e8re s\u2019est transform\u00e9e en torrent, atteignant des niveaux rappelant la crue historique de 2003.<\/p>\n<p>M\u00eame situation au Vigan, dans le nord-ouest du Gard, o\u00f9 le niveau\u00a0de\u00a0la rivi\u00e8re l\u2019Arre est mont\u00e9 de 4 m\u00e8tres, sans faire heureusement de d\u00e9g\u00e2ts. \u00c0 Quissac, toujours dans le Gard, le Vidourle est lui aussi sorti\u00a0de son lit, faisant craindre aux habitants des risques d\u2019inondations. Sur le littoral, l\u2019entr\u00e9e nord de Palavas a \u00e9t\u00e9 totalement coup\u00e9e, le quartier des Cabanes de l\u2019Arnel \u00e9tant\u00a0en partie inond\u00e9.<\/p>\n<p>L\u2019h\u00e9licopt\u00e8re des Sapeurs Pompiers frapp\u00e9 par la foudre<\/p>\n<p><a href=\"https:\/\/www.midilibre.fr\/2025\/12\/22\/video-on-a-autre-chose-a-faire-alors-que-la-route-etait-barree-dans-lherault-un-homme-a-ete-helitreuille-depuis-son-camion-transportant-du-gaz-13125737.php\" target=\"_blank\" rel=\"noopener\">Un h\u00e9licopt\u00e8re de la S\u00e9curit\u00e9 civile, un Dragon 34, a \u00e9t\u00e9\u00a0frapp\u00e9 par la foudre<\/a>, alors qu\u2019il intervenait\u00a0pour secourir un chauffeur engag\u00e9 sur une route immerg\u00e9e et pourtant barr\u00e9e, entre Saint-Thib\u00e9ry et Florensac, dans l\u2019H\u00e9rault. Il a \u00e9t\u00e9\u00a0contraint de se poser en urgence \u00e0 M\u00e8ze, en bord d\u2019\u00e9tang de Thau. L\u2019incident l\u2019a oblig\u00e9 \u00e0 interrompre sa mission. Les secours ont finalement \u00e9t\u00e9 assur\u00e9s par un h\u00e9licopt\u00e8re de la Gendarmerie nationale, d\u00e9p\u00each\u00e9 sur place.<\/p>\n<p>D\u2019innombrables routes coup\u00e9es<\/p>\n<p>La pluie a, sans surprise, engendr\u00e9 la coupure d\u2019un certain nombre d\u2019axes routiers \u00e0 la circulation. Ainsi, au nord-ouest de Montpellier, la route de Cournonterral, en direction de Montbazin a \u00e9t\u00e9\u00a0ferm\u00e9e en raison des inondations. \u00c0 Montpellier, plusieurs quartiers ont vu certaines routes coup\u00e9es, comme le long du Lez, l\u2019avenue du Pir\u00e9e, au pied de l\u2019H\u00f4tel de R\u00e9gion.\u00a0Le plan communal de sauvegarde (PCS) a par ailleurs \u00e9t\u00e9 mis en place sur les communes de Paulhan et B\u00e9larga. La circulation a \u00e9t\u00e9 coup\u00e9e entre Paulhan et Campagnan, de part et d\u2019autre du pont sur l\u2019H\u00e9rault s\u00e9parant les deux localit\u00e9s. Depuis dimanche soir, la route menant \u00e0 Saint-Guilhem-le-D\u00e9sert, dans l\u2019arri\u00e8re-pays montpelli\u00e9rain a d\u00fb \u00eatre ferm\u00e9e, le fleuve H\u00e9rault ayant inond\u00e9 la chauss\u00e9e en aval.<\/p>\n<p>L\u2019H\u00e9rault est \u00e9galement \u00e0 l\u2019origine de la fermeture de plusieurs axes de circulation du c\u00f4t\u00e9 de P\u00e9zenas. Dans le Gard, 27 ponts submersibles ont \u00e9galement \u00e9t\u00e9 ferm\u00e9s \u00e0 la circulation, selon le Conseil d\u00e9partemental du Gard. M\u00eame constat en Loz\u00e8re o\u00f9 la circulation est perturb\u00e9e et des routes partiellement submerg\u00e9es, auxquelles il faut ajouter des obstacles sur la chauss\u00e9e du fait de glissements de terrains.<\/p>\n<p>L\u2019eau impropre \u00e0 la consommation \u00e0 Pu\u00e9chabon<\/p>\n<p>Les fortes pluies ont perturb\u00e9 la ressource en eau dans la commune de Pu\u00e9chabon, au\u00a0nord-ouest de Montpellier, dans le c\u0153ur d\u2019H\u00e9rault. \u00ab\u00a0La forte turbidit\u00e9 (min\u00e9raux en suspension) rend l\u2019eau impropre \u00e0 la consommation\u00a0\u00bb, selon\u00a0la mairie.\u00a0Des distributions de bouteilles d\u2019eau ont \u00e9t\u00e9 organis\u00e9es par le service des eaux de la vall\u00e9e de l\u2019H\u00e9rault.<\/p>\n<p>De nombreux garages inond\u00e9s<\/p>\n<p>Les habitants de la r\u00e9gion ont d\u00e9couvert que nombre de leurs garages avaient \u00e9t\u00e9 inond\u00e9s par le volume de pluie tomb\u00e9. Notamment \u00e0 Montpellier. \u00ab\u00a0Manque de pot, la pompe est tomb\u00e9e en panne, ce qui a fait monter le niveau de l\u2019eau dans le garage\u00a0\u00bb, commente un Montpelli\u00e9rain du quartier de Port-Marianne, qui a d\u00fb mettre sa voiture \u00ab\u00a0dans un autre parking \u00e0 proximit\u00e9, payant lui\u00a0\u00bb. Des inondations de parkings ont \u00e9galement \u00e9t\u00e9 observ\u00e9es dans un autre quartier de\u00a0Montpellier, \u00e0 Celleneuve.<\/p>\n<p>\u00c0 Canet, petite commune h\u00e9raultaise, Christian Chauvin, 76 ans, a d\u00e9couvert les d\u00e9g\u00e2ts lundi matin au r\u00e9veil\u00a0: son appartement et son garage du rez-de-chauss\u00e9e ont \u00e9t\u00e9 enti\u00e8rement inond\u00e9s par la mont\u00e9e des eaux de l\u2019H\u00e9rault. Sa maison est situ\u00e9e en premi\u00e8re ligne. \u00ab\u00a0Tout est perdu, meubles et \u00e9lectrom\u00e9nagers\u00a0\u00bb, se d\u00e9sole-t-il.<\/p>\n","protected":false},"excerpt":{"rendered":"Dans la prolongation du week-end pluvieux, le d\u00e9but de la semaine est marqu\u00e9 par une intense activit\u00e9 orageuse&hellip;\n","protected":false},"author":2,"featured_media":617077,"comment_status":"","ping_status":"","sticky":false,"template":"","format":"standard","meta":{"footnotes":""},"categories":[9599],"tags":[1111,11,1777,674,1011,27,7089,2208,15882,12,2680,25],"class_list":{"0":"post-617076","1":"post","2":"type-post","3":"status-publish","4":"format-standard","5":"has-post-thumbnail","7":"category-montpellier","8":"tag-actu","9":"tag-actualites","10":"tag-eu","11":"tag-europe","12":"tag-fr","13":"tag-france","14":"tag-herault","15":"tag-montpellier","16":"tag-mu00e9tu00e9o","17":"tag-news","18":"tag-occitanie","19":"tag-republique-francaise"},"share_on_mastodon":{"url":"https:\/\/pubeurope.com\/@fr\/115766734537491082","error":""},"_links":{"self":[{"href":"https:\/\/www.europesays.com\/fr\/wp-json\/wp\/v2\/posts\/617076","targetHints":{"allow":["GET"]}}],"collection":[{"href":"https:\/\/www.europesays.com\/fr\/wp-json\/wp\/v2\/posts"}],"about":[{"href":"https:\/\/www.europesays.com\/fr\/wp-json\/wp\/v2\/types\/post"}],"author":[{"embeddable":true,"href":"https:\/\/www.europesays.com\/fr\/wp-json\/wp\/v2\/users\/2"}],"replies":[{"embeddable":true,"href":"https:\/\/www.europesays.com\/fr\/wp-json\/wp\/v2\/comments?post=617076"}],"version-history":[{"count":0,"href":"https:\/\/www.europesays.com\/fr\/wp-json\/wp\/v2\/posts\/617076\/revisions"}],"wp:featuredmedia":[{"embeddable":true,"href":"https:\/\/www.europesays.com\/fr\/wp-json\/wp\/v2\/media\/617077"}],"wp:attachment":[{"href":"https:\/\/www.europesays.com\/fr\/wp-json\/wp\/v2\/media?parent=617076"}],"wp:term":[{"taxonomy":"category","embeddable":true,"href":"https:\/\/www.europesays.com\/fr\/wp-json\/wp\/v2\/categories?post=617076"},{"taxonomy":"post_tag","embeddable":true,"href":"https:\/\/www.europesays.com\/fr\/wp-json\/wp\/v2\/tags?post=617076"}],"curies":[{"name":"wp","href":"https:\/\/api.w.org\/{rel}","templated":true}]}}