{"id":617078,"date":"2025-12-23T03:23:24","date_gmt":"2025-12-23T03:23:24","guid":{"rendered":"https:\/\/www.europesays.com\/fr\/617078\/"},"modified":"2025-12-23T03:23:24","modified_gmt":"2025-12-23T03:23:24","slug":"comment-les-enqueteurs-ont-fait-tomber-ce-baron-de-la-drogue","status":"publish","type":"post","link":"https:\/\/www.europesays.com\/fr\/617078\/","title":{"rendered":"comment les enqu\u00eateurs ont fait tomber ce baron de la drogue"},"content":{"rendered":"<p class=\"article__intro\">Cet automne, les services de la JIRS (juridiction interr\u00e9gionale sp\u00e9cialis\u00e9e) de Lille, experts en mati\u00e8re de criminalit\u00e9 organis\u00e9e, ont permis la mise en examen d&rsquo;un ressortissant marocain, selon un communiqu\u00e9 publi\u00e9 ce lundi 22 d\u00e9cembre. L&rsquo;individu \u00e9tait \u00e0 la t\u00eate d&rsquo;un r\u00e9seau de narcotrafic rouennais. R\u00e9cit d&rsquo;une enqu\u00eate internationale, qui aura dur\u00e9 plus de trois ans. <\/p>\n<p>\n      L\u2019actu des r\u00e9gions\n    <\/p>\n<p>\n      Chaque jour, un tour d\u2019horizon des principales infos de toutes les r\u00e9gions.\n    <\/p>\n<p>    France T\u00e9l\u00e9visions utilise votre adresse e-mail afin de vous envoyer la newsletter \u00ab\u00a0L\u2019actu des r\u00e9gions\u00a0\u00bb. Vous pouvez vous d\u00e9sinscrire \u00e0 tout moment via le lien en bas de cette newsletter. <a target=\"_blank\" href=\"https:\/\/www.francetelevisions.fr\/groupe\/confidentialite\/politique-de-confidentialite\/politique-de-confidentialite-de-france-televisions-6503\" rel=\"noopener\">Notre politique de confidentialit\u00e9<\/a><\/p>\n<p>Tout commence en mars 2022 par une banale enqu\u00eate pr\u00e9liminaire ouverte par la police judiciaire de Rouen, pour des faits d&rsquo;importation et de revente de cannabis et de coca\u00efne.<\/p>\n<p>\u00c0 ce moment-l\u00e0, les enqu\u00eateurs n&rsquo;ont pas encore conscience de l&rsquo;ampleur du trafic qu&rsquo;ils viennent de mettre, en partie, au jour.<\/p>\n<p>Un magistrat instructeur rouennais se saisit de l&rsquo;affaire mais tr\u00e8s vite, voyant la dimension internationale de ce r\u00e9seau de drogues, il choisit de transf\u00e9rer le dossier \u00e0 la JIRS de Lille, plus comp\u00e9tente en mati\u00e8re de criminalit\u00e9 organis\u00e9e.<\/p>\n<p>Fin 2022, selon un communiqu\u00e9 publi\u00e9 ce lundi 22 d\u00e9cembre par le procureur de Lille, les premiers \u00e9l\u00e9ments de l&rsquo;instruction permettent \u00ab\u00a0d&rsquo;identifier un r\u00e9seau de narcotrafiquants rouennais, s&rsquo;appuyant notamment sur les informations et services de dockers du Havre, et de Moulineaux (commune proche de Rouen)\u00a0\u00bb.<\/p>\n<p>R\u00e9sultat : au cours de l&rsquo;ann\u00e9e 2023, les enqu\u00eateurs parviennent \u00e0 r\u00e9aliser plusieurs saisies : en tout, plus d&rsquo;1,5\u00a0tonne de coca\u00efne, retrouv\u00e9e dans des conteneurs \u00e0 leur arriv\u00e9e au Havre, ou bien largu\u00e9e en mer par ballots selon la technique du \u00ab\u00a0drop-off\u00a0\u00bb.<\/p>\n<p>Des coups de filet durant lesquels les services de police r\u00e9alisent plusieurs interpellations. \u00c0 l&rsquo;issue des gardes \u00e0 vue, neuf personnes sont mises en examen. Et notamment trois dockers du Havre, plac\u00e9s sous contr\u00f4le judiciaire, \u00ab\u00a0avec interdiction d&rsquo;exercer la profession de docker\u00a0\u00bb, pr\u00e9cise le procureur de Lille.<\/p>\n<p>Gr\u00e2ce \u00e0 ces auditions, les enqu\u00eateurs de la JIRS de Lille sont parvenus \u00e0 remonter toute la fili\u00e8re, et identifier la potentielle t\u00eate pensante de ce gigantesque r\u00e9seau normand. Cet individu \u00e9tait ainsi localis\u00e9 \u00e0 Casablanca, au Maroc, en 2024.<\/p>\n<blockquote class=\"ftvi_content_quote\">\n<p class=\"ftvi_citation_quote\">Il \u00e9tait suspect\u00e9 d&rsquo;avoir organis\u00e9 toutes les importations, par route ou par mer, notamment de la r\u00e9sine de cannabis et de l&rsquo;herbe de cannabis depuis le Maroc, et de la coca\u00efne depuis la Colombie et vers les ports du Havre, de Moulineaux et de Dunkerque. <\/p>\n<p>Procureur de la R\u00e9publique de Lille<\/p><\/blockquote>\n<p>Un baron de la drogue qui semblait aussi avoir des liens avec le narcotrafic marseillais. Selon les enqu\u00eateurs, le r\u00e9seau dirig\u00e9 par ce ressortissant marocain serait estim\u00e9 \u00e0 plusieurs millions d&rsquo;euros. <\/p>\n<p>Interpell\u00e9 en f\u00e9vrier 2025 \u00e0 Casablanca, au Maroc, il a \u00e9t\u00e9 remis aux autorit\u00e9s fran\u00e7aises le 23\u00a0septembre dernier, et mis en examen le lendemain.<\/p>\n<p>Les chefs d&rsquo;inculpation sont nombreux au vu de l&rsquo;envergure internationale ce ca\u00efd de la drogue : <br \/>&#8211; Direction de groupement ayant pour objet une activit\u00e9 illicite li\u00e9e aux stup\u00e9fiants<br \/>&#8211; Importation de stup\u00e9fiants en bande organis\u00e9e<br \/>&#8211; Association de malfaiteurs<br \/>&#8211; Blanchiment aggrav\u00e9<br \/>&#8211; Corruption (notamment de dockers) <\/p>\n<p>\u00c0 ce jour, le r\u00e9seau a donc \u00e9t\u00e9 en grande partie d\u00e9mantel\u00e9, mais l&rsquo;instruction est toujours en cours. C&rsquo;est notamment pour cette raison que le nom du chef de ce narcotrafic n&rsquo;est pour l&rsquo;heure pas communiqu\u00e9. <\/p>\n<p>L&rsquo;enqu\u00eate de la JIRS de Lille continue donc son cours afin d&rsquo;identifier et neutraliser le reste de la hi\u00e9rarchie \u00e0 la t\u00eate de ce r\u00e9seau. Pour l&rsquo;heure, aucune date de proc\u00e8s n&rsquo;a donc \u00e9t\u00e9 donn\u00e9e.<\/p>\n<p>Mais si une telle audience devait un jour avoir lieu, elle pourrait permettre \u00e0 la Justice de mettre au jour les agissements de toute une fili\u00e8re normande de trafiquants de drogue, en pr\u00e9sence de relais locaux, mais aussi, et c&rsquo;est assez rare pour \u00eatre soulign\u00e9, de \u00ab\u00a0gros bonnets\u00a0\u00bb. <\/p>\n<p>Ces donneurs d&rsquo;ordre souvent exil\u00e9s \u00e0 l&rsquo;\u00e9tranger et donc difficiles \u00e0 atteindre. Comme ce fut le cas pour \u00ab\u00a0Bibi\u00a0\u00bb, Abdelkadder Bouguettaia, ca\u00efd havrais longtemps exil\u00e9 \u00e0 Duba\u00ef et jug\u00e9 \u00e0 Lille en ce mois de d\u00e9cembre 2025.<\/p>\n<p>Dans ces affaires internationales, le d\u00e9mant\u00e8lement complet d&rsquo;un r\u00e9seau ne peut d&rsquo;ailleurs se faire que gr\u00e2ce \u00e0 une coop\u00e9ration renforc\u00e9e entre services de police de diff\u00e9rentes nationalit\u00e9s. <\/p>\n<p>Dans le cas de ce r\u00e9seau rouennais, <a href=\"https:\/\/www.europol.europa.eu\/\" target=\"_blank\" rel=\"noopener noreferrer nofollow\" data-tooltip-url=\"https:\/\/www.europol.europa.eu\/\">EUROPOL <\/a>a ainsi permis de mettre en relation les services fran\u00e7ais, allemands et espagnols, tout en participant activement aux investigations en identifiant des narcotrafiquants via la messagerie criminelle \u00ab\u00a0<a href=\"https:\/\/www.franceinfo.fr\/replay-magazine\/france-2\/envoye-special\/video-quand-la-police-infiltre-sky-ecc-la-messagerie-cryptee-preferee-du-grand-banditisme-dans-envoye-special-plongee-dans-les-secrets-du-crime-organise_6503483.html\" target=\"_blank\" rel=\"noopener noreferrer nofollow\" data-tooltip-url=\"https:\/\/www.franceinfo.fr\/replay-magazine\/france-2\/envoye-special\/video-quand-la-police-infiltre-sky-ecc-la-messagerie-cryptee-preferee-du-grand-banditisme-dans-envoye-special-plongee-dans-les-secrets-du-crime-organise_6503483.html\">SKY ECC<\/a>\u00ab\u00a0.<\/p>\n","protected":false},"excerpt":{"rendered":"Cet automne, les services de la JIRS (juridiction interr\u00e9gionale sp\u00e9cialis\u00e9e) de Lille, experts en mati\u00e8re de criminalit\u00e9 organis\u00e9e,&hellip;\n","protected":false},"author":2,"featured_media":617079,"comment_status":"","ping_status":"","sticky":false,"template":"","format":"standard","meta":{"footnotes":""},"categories":[9587],"tags":[1111,11,1777,674,1011,27,12,5161,25,9590],"class_list":{"0":"post-617078","1":"post","2":"type-post","3":"status-publish","4":"format-standard","5":"has-post-thumbnail","7":"category-rouen","8":"tag-actu","9":"tag-actualites","10":"tag-eu","11":"tag-europe","12":"tag-fr","13":"tag-france","14":"tag-news","15":"tag-normandie","16":"tag-republique-francaise","17":"tag-rouen"},"share_on_mastodon":{"url":"https:\/\/pubeurope.com\/@fr\/115766742409921638","error":""},"_links":{"self":[{"href":"https:\/\/www.europesays.com\/fr\/wp-json\/wp\/v2\/posts\/617078","targetHints":{"allow":["GET"]}}],"collection":[{"href":"https:\/\/www.europesays.com\/fr\/wp-json\/wp\/v2\/posts"}],"about":[{"href":"https:\/\/www.europesays.com\/fr\/wp-json\/wp\/v2\/types\/post"}],"author":[{"embeddable":true,"href":"https:\/\/www.europesays.com\/fr\/wp-json\/wp\/v2\/users\/2"}],"replies":[{"embeddable":true,"href":"https:\/\/www.europesays.com\/fr\/wp-json\/wp\/v2\/comments?post=617078"}],"version-history":[{"count":0,"href":"https:\/\/www.europesays.com\/fr\/wp-json\/wp\/v2\/posts\/617078\/revisions"}],"wp:featuredmedia":[{"embeddable":true,"href":"https:\/\/www.europesays.com\/fr\/wp-json\/wp\/v2\/media\/617079"}],"wp:attachment":[{"href":"https:\/\/www.europesays.com\/fr\/wp-json\/wp\/v2\/media?parent=617078"}],"wp:term":[{"taxonomy":"category","embeddable":true,"href":"https:\/\/www.europesays.com\/fr\/wp-json\/wp\/v2\/categories?post=617078"},{"taxonomy":"post_tag","embeddable":true,"href":"https:\/\/www.europesays.com\/fr\/wp-json\/wp\/v2\/tags?post=617078"}],"curies":[{"name":"wp","href":"https:\/\/api.w.org\/{rel}","templated":true}]}}