{"id":61708,"date":"2025-04-29T11:52:09","date_gmt":"2025-04-29T11:52:09","guid":{"rendered":"https:\/\/www.europesays.com\/fr\/61708\/"},"modified":"2025-04-29T11:52:09","modified_gmt":"2025-04-29T11:52:09","slug":"alain-fabien-delon-annonce-la-naissance-de-sa-fille-son-prenom-inattendu-laisse-tout-le-monde-sans-voix","status":"publish","type":"post","link":"https:\/\/www.europesays.com\/fr\/61708\/","title":{"rendered":"Alain Fabien Delon annonce la naissance de sa fille : son pr\u00e9nom inattendu laisse tout le monde sans voix"},"content":{"rendered":"<p>      R\u00e9sum\u00e9<\/p>\n<p>Alain Fabien Delon c\u00e9l\u00e8bre la naissance de sa fille Romy, pr\u00e9nom choisi en hommage \u00e0 Romy Schneider, une actrice \u00e9troitement li\u00e9e \u00e0 l&rsquo;histoire familiale.<\/p>\n<p>        Sommaire<\/p>\n<p>Ce 29 avril 2025, <strong>Alain Fabien Delon vient d&rsquo;annoncer qu&rsquo;il \u00e9tait papa pour la premi\u00e8re fois<\/strong>. <a href=\"https:\/\/www.public.fr\/alain-fabien-delon-lex-de-capucine-anav-bientot-papa-pour-la-premiere-fois\" target=\"_blank\" rel=\"noopener\">Laura Bensadoun, sa compagne<\/a>, a donn\u00e9 naissance \u00e0 une petite fille. <\/p>\n<p>Et le pr\u00e9nom que le couple a choisi va en faire sourire plus d&rsquo;un. Sur Instagram, ce mardi, le fier papa a annonc\u00e9 : \u00ab\u00a0<strong>Ce matin, \u00e0 8h25, Romy Delon est n\u00e9e, une petite fleure, Qui nous apportera que du bonheur\u00a0\u00bb.<\/strong><\/p>\n<p>Surnom de la com\u00e9dienne Romy Schneider, qui s&rsquo;appelait initialement Rosemarie Magdalena Albach, le pr\u00e9nom Romy est tr\u00e8s populaire en France depuis que l&rsquo;actrice a partag\u00e9 l&rsquo;affiche de \u00ab\u00a0La Piscine\u00a0\u00bb avec Alain Delon. <\/p>\n<p>La fille d&rsquo;Alain Fabien est n\u00e9e !<\/p>\n<p>Le paternel d&rsquo;Alain Fabien a en effet eu une love story passionn\u00e9e avec l&rsquo;actrice allemande, entre 1958 et 1963. Il a ensuite fond\u00e9 une famille avec Nathalie Delon (entre 1964 et 1969). Sa partenaire dans le Samoura\u00ef lui avait donn\u00e9 un fils, Anthony. Par la suite, Alain Delon a \u00e9galement eu deux enfants avec Rosalie van Breemen (entre 1987 et 2001) : Anouchka et Alain Fabien. <\/p>\n<p>Le grand amour de sa vie reste toutefois Mireille Darc, qu&rsquo;il a aim\u00e9 entre 1968 et 1982. C&rsquo;est avec elle qu&rsquo;il avait achet\u00e9 son domaine de Douchy, dans le Loiret. Ce sont d&rsquo;ailleurs ses initiales qui ornaient encore les grilles de la propri\u00e9t\u00e9 <a href=\"https:\/\/vsd.fr\/66378-alain-delon-le-samourai-est-mort\/\" target=\"_blank\" rel=\"noopener\">\u00e0 sa mort, \u00e0 l&rsquo;\u00e9t\u00e9 2024.<\/a><\/p>\n<p>Une famille d\u00e9j\u00e0 bien remplie<\/p>\n<p>Et si Anthony Delon a expliqu\u00e9 comment il avait aim\u00e9 Mireille Darc comme une maman, de son c\u00f4t\u00e9, c&rsquo;est le pr\u00e9nom de Romy qu&rsquo;Alain Fabien a choisi pour sa fille. <strong>Du latin rosa, \u00ab\u00a0rose\u00a0\u00bb, et de l&rsquo;h\u00e9breu Marie, \u00ab\u00a0aim\u00e9e<\/strong>\u00ab\u00a0, Romy \u00e9tait un pr\u00e9nom tout trouv\u00e9 pour ce b\u00e9b\u00e9 qui rend d\u00e9j\u00e0 ses parents compl\u00e8tement fous d&rsquo;amour.<\/p>\n<p>La petite Romy, du c\u00f4t\u00e9 de son papa, a d\u00e9j\u00e0 trois cousines et un cousin. Anthony est en effet papa de trois filles &#8211; Alyson Le Borges, Lou Delon, Liv Delon. De son c\u00f4t\u00e9, Anouchka est maman d&rsquo;un petit Lino.<\/p>\n<p><img loading=\"lazy\" decoding=\"async\" width=\"574\" height=\"1024\" src=\"data:image\/svg+xml,%3Csvg%20xmlns=\" http:=\"\" alt=\"Alain Fabien Delon annonce la naissance de sa fille : son pr\u00e9nom inattendu laisse tout le monde sans voix\" data-lazy- data-lazy- data-lazy-src=\"https:\/\/www.europesays.com\/fr\/wp-content\/uploads\/2025\/04\/Capture-decran-2025-04-29-a-11.39.44-574x1024.png\"\/><\/p>\n<p>      Mentionn\u00e9s dans cet article<\/p>\n<p>\u00c0 lire aussi<\/p>\n","protected":false},"excerpt":{"rendered":"R\u00e9sum\u00e9 Alain Fabien Delon c\u00e9l\u00e8bre la naissance de sa fille Romy, pr\u00e9nom choisi en hommage \u00e0 Romy Schneider,&hellip;\n","protected":false},"author":2,"featured_media":61709,"comment_status":"","ping_status":"","sticky":false,"template":"","format":"standard","meta":{"footnotes":""},"categories":[8],"tags":[5960,15944,58,59,1011,27,15945],"class_list":{"0":"post-61708","1":"post","2":"type-post","3":"status-publish","4":"format-standard","5":"has-post-thumbnail","7":"category-divertissement","8":"tag-alain-delon","9":"tag-alain-fabien-delon","10":"tag-divertissement","11":"tag-entertainment","12":"tag-fr","13":"tag-france","14":"tag-romy-schneider"},"share_on_mastodon":{"url":"https:\/\/pubeurope.com\/@fr\/114421114114348267","error":""},"_links":{"self":[{"href":"https:\/\/www.europesays.com\/fr\/wp-json\/wp\/v2\/posts\/61708","targetHints":{"allow":["GET"]}}],"collection":[{"href":"https:\/\/www.europesays.com\/fr\/wp-json\/wp\/v2\/posts"}],"about":[{"href":"https:\/\/www.europesays.com\/fr\/wp-json\/wp\/v2\/types\/post"}],"author":[{"embeddable":true,"href":"https:\/\/www.europesays.com\/fr\/wp-json\/wp\/v2\/users\/2"}],"replies":[{"embeddable":true,"href":"https:\/\/www.europesays.com\/fr\/wp-json\/wp\/v2\/comments?post=61708"}],"version-history":[{"count":0,"href":"https:\/\/www.europesays.com\/fr\/wp-json\/wp\/v2\/posts\/61708\/revisions"}],"wp:featuredmedia":[{"embeddable":true,"href":"https:\/\/www.europesays.com\/fr\/wp-json\/wp\/v2\/media\/61709"}],"wp:attachment":[{"href":"https:\/\/www.europesays.com\/fr\/wp-json\/wp\/v2\/media?parent=61708"}],"wp:term":[{"taxonomy":"category","embeddable":true,"href":"https:\/\/www.europesays.com\/fr\/wp-json\/wp\/v2\/categories?post=61708"},{"taxonomy":"post_tag","embeddable":true,"href":"https:\/\/www.europesays.com\/fr\/wp-json\/wp\/v2\/tags?post=61708"}],"curies":[{"name":"wp","href":"https:\/\/api.w.org\/{rel}","templated":true}]}}