{"id":617086,"date":"2025-12-23T03:30:30","date_gmt":"2025-12-23T03:30:30","guid":{"rendered":"https:\/\/www.europesays.com\/fr\/617086\/"},"modified":"2025-12-23T03:30:30","modified_gmt":"2025-12-23T03:30:30","slug":"lus-avranches-recoit-strasbourg-le-10-janvier","status":"publish","type":"post","link":"https:\/\/www.europesays.com\/fr\/617086\/","title":{"rendered":"l\u2019US Avranches re\u00e7oit Strasbourg le 10 janvier\u00a0!"},"content":{"rendered":"<p>                    Par<br \/>\n        <strong><br \/>\n            <a href=\"https:\/\/actu.fr\/auteur\/pierrick-kerbaul\" title=\"Consulter tous les articles de Pierrick Kerbaul\" target=\"_blank\" rel=\"noopener\">Pierrick Kerbaul<\/a><br \/>\n                    <\/strong><\/p>\n<p>        Publi\u00e9 le<\/p>\n<p>            22 d\u00e9c. 2025 \u00e0 17h40        <\/p>\n<p>Ce n\u2019\u00e9tait pas un match attendu. L\u2019<a href=\"https:\/\/actu.fr\/tag\/us-avranches\" target=\"_blank\" rel=\"noopener\">US Avranches<\/a> va d\u00e9fier le <a href=\"https:\/\/actu.fr\/strasbourg\/sports\/football\" target=\"_blank\" rel=\"noopener\">RC Strasbourg Alsace<\/a> sur sa pelouse du Stade Ren\u00e9-Fenouill\u00e8re, \u00e0 l\u2019occasion des 16e de finales de <a href=\"https:\/\/actu.fr\/sports\/football\/coupe-de-france\" target=\"_blank\" rel=\"noopener\">Coupe de France<\/a>. Les Manchois re\u00e7oivent de nouveau un club de Ligue\u00a01 \u00e0 domicile, <a href=\"https:\/\/actu.fr\/normandie\/avranches_50025\/coupe-de-france-un-beau-cadeau-de-noel-savoure-cedric-hengbart-apres-lexploit-davranches-face-a-brest_63606905.html\" target=\"_blank\" rel=\"noopener\">apr\u00e8s leur victoire surprise contre Brest vendredi 19\u00a0d\u00e9cembre<\/a> (1-1, 5-4 tab). Un parcours r\u00eav\u00e9, qu\u2019Avranches esp\u00e8re pr\u00e9server le 10\u00a0janvier prochain, 18\u2009h, date de la rencontre.<\/p>\n<p class=\" wall-content\">Si la victoire contre Brest constitue un exploit, la marche alsacienne semble encore plus haute \u00e0 franchir. Club de la galaxie Chelsea, Strasbourg joue cette ann\u00e9e l\u2019Europa Conference League, coupe europ\u00e9enne fond\u00e9e en 2021 et regroupant 36 clubs du continent.<\/p>\n<p class=\" wall-content\">Dans cette comp\u00e9tition, certes moins relev\u00e9e que la Ligue des Champions ou l\u2019Europa League, Strasbourg cartonne et se classe 1er, en ayant notamment battu Crystal Palace, club anglais. De bon augure pour un long parcours dans la comp\u00e9tition.<\/p>\n<p class=\" wall-content\">En championnat, le Racing est 7e, \u00e0 la lutte pour les places europ\u00e9ennes la saison prochaine, avec plusieurs joueurs de classe internationale, jouant pour leur pays. Julio Enciso (Paraguay), Ben Chilwell (Angleterre), Kendry Paez (Equateur) ou Emanuel Emegha (Pays-Bas) sont de cette trempe.<\/p>\n<p>La cl\u00e9 des tirs au but<\/p>\n<p class=\" wall-content\">De son c\u00f4t\u00e9, Avranches est \u00e0 la peine en championnat mais cartonne en coupe de France. Les joueurs de C\u00e9dric Hengbart n\u2019ont plus gagn\u00e9 un match dans le temps r\u00e9glementaire depuis le 18\u00a0octobre et se classent 8e de National\u00a02, apr\u00e8s un d\u00e9but de saison canon.<\/p>\n<p>Vid\u00e9os : en ce moment sur Actu<\/p>\n<p class=\" wall-content\">Leur arme secr\u00e8te\u2009: les tirs au but, exercice dans lequel ils sont redoutables, notamment gr\u00e2ce \u00e0 leur exp\u00e9riment\u00e9 gardien Anthony Beuve. <a href=\"https:\/\/actu.fr\/normandie\/avranches_50025\/lus-avranches-se-qualifie-sur-le-fil-en-coupe-de-france-face-a-dives-cabourg_63354797.html\" target=\"_blank\" rel=\"noopener\">Dives-Cabourg<\/a>, <a href=\"https:\/\/actu.fr\/normandie\/avranches_50025\/coupe-de-france-lus-avranches-elimine-paris-13-atletico-et-se-qualifie-pour-le-8e-tour_63445826.html\" target=\"_blank\" rel=\"noopener\">Paris 13 Atletico<\/a>, <a href=\"https:\/\/actu.fr\/normandie\/avranches_50025\/football-coupe-de-france-avranches-qualifie-pour-les-32es-de-finale_63509605.html\" target=\"_blank\" rel=\"noopener\">Aubervilliers<\/a> et Brest en ont fait les frais lors des quatre derniers tours de Coupe de France. Si Avranches parvient \u00e0 emmener Strasbourg jusque-l\u00e0, les Alsaciens ont de quoi trembler. \u00c0 moins que Nassim Sabihi ne d\u00e9livre le stade d\u2019un nouveau bijou au fond des filets, comme il l\u2019a fait contre Brest.<\/p>\n<p>Votre r\u00e9gion, votre actu !<\/p>\n<p>Recevez chaque jour les infos qui comptent pour vous.<\/p>\n<p>\t<a href=\"https:\/\/actu.fr\/newsletter\" class=\"ac-btn ac-btn--corner ac-btn--medium ac-btn--blue800\" target=\"_blank\" rel=\"noopener\">S&rsquo;incrire<\/a><\/p>\n<p>    <a href=\"https:\/\/maps.google.com\/maps?q=48.68072630964987,-1.3592450110839915&amp;z=15&amp;output=embed\" title=\"Ouvrie le lien\" target=\"_blank\" rel=\"noopener\">Cliquez ici pour visualiser le contenu<\/a><\/p>\n<p>US Avranches \u2013 RC Strasbourg Alsace\u2009: samedi 10\u00a0janvier \u00e0 18\u2009h. Billetterie \u00e0 venir sur us-avranches.fr<\/p>\n<p class=\" wall-content\">Personnalisez votre actualit\u00e9 en ajoutant vos villes et m\u00e9dias en favori avec <a href=\"https:\/\/moncompte.actu.fr\" title=\"D\u00e9couvez Mon Actu\" rel=\"nofollow noopener\" data-trk=\"{&quot;cta&quot;:{&quot;action&quot;:&quot;https:\\\/\\\/moncompte.actu.fr&quot;,&quot;category&quot;:&quot;mon compte&quot;,&quot;from&quot;:&quot;article footer&quot;,&quot;name&quot;:&quot;Mon actu&quot;,&quot;type&quot;:&quot;cta&quot;}}\" target=\"_blank\">Mon Actu<\/a>.<\/p>\n","protected":false},"excerpt":{"rendered":"Par Pierrick Kerbaul Publi\u00e9 le 22 d\u00e9c. 2025 \u00e0 17h40 Ce n\u2019\u00e9tait pas un match attendu. L\u2019US Avranches&hellip;\n","protected":false},"author":2,"featured_media":617087,"comment_status":"","ping_status":"","sticky":false,"template":"","format":"standard","meta":{"footnotes":""},"categories":[2820],"tags":[1111,11,83,1777,674,63,1011,27,775,12,25,60,640,40775],"class_list":{"0":"post-617086","1":"post","2":"type-post","3":"status-publish","4":"format-standard","5":"has-post-thumbnail","7":"category-strasbourg","8":"tag-actu","9":"tag-actualites","10":"tag-coupe-de-france","11":"tag-eu","12":"tag-europe","13":"tag-football","14":"tag-fr","15":"tag-france","16":"tag-grand-est","17":"tag-news","18":"tag-republique-francaise","19":"tag-sports","20":"tag-strasbourg","21":"tag-us-avranches"},"share_on_mastodon":{"url":"https:\/\/pubeurope.com\/@fr\/115766769962029274","error":""},"_links":{"self":[{"href":"https:\/\/www.europesays.com\/fr\/wp-json\/wp\/v2\/posts\/617086","targetHints":{"allow":["GET"]}}],"collection":[{"href":"https:\/\/www.europesays.com\/fr\/wp-json\/wp\/v2\/posts"}],"about":[{"href":"https:\/\/www.europesays.com\/fr\/wp-json\/wp\/v2\/types\/post"}],"author":[{"embeddable":true,"href":"https:\/\/www.europesays.com\/fr\/wp-json\/wp\/v2\/users\/2"}],"replies":[{"embeddable":true,"href":"https:\/\/www.europesays.com\/fr\/wp-json\/wp\/v2\/comments?post=617086"}],"version-history":[{"count":0,"href":"https:\/\/www.europesays.com\/fr\/wp-json\/wp\/v2\/posts\/617086\/revisions"}],"wp:featuredmedia":[{"embeddable":true,"href":"https:\/\/www.europesays.com\/fr\/wp-json\/wp\/v2\/media\/617087"}],"wp:attachment":[{"href":"https:\/\/www.europesays.com\/fr\/wp-json\/wp\/v2\/media?parent=617086"}],"wp:term":[{"taxonomy":"category","embeddable":true,"href":"https:\/\/www.europesays.com\/fr\/wp-json\/wp\/v2\/categories?post=617086"},{"taxonomy":"post_tag","embeddable":true,"href":"https:\/\/www.europesays.com\/fr\/wp-json\/wp\/v2\/tags?post=617086"}],"curies":[{"name":"wp","href":"https:\/\/api.w.org\/{rel}","templated":true}]}}