{"id":617105,"date":"2025-12-23T03:45:26","date_gmt":"2025-12-23T03:45:26","guid":{"rendered":"https:\/\/www.europesays.com\/fr\/617105\/"},"modified":"2025-12-23T03:45:26","modified_gmt":"2025-12-23T03:45:26","slug":"recevoir-lolympique-de-marseille-cest-le-cadeau-dune-vie","status":"publish","type":"post","link":"https:\/\/www.europesays.com\/fr\/617105\/","title":{"rendered":"Recevoir l&rsquo;Olympique de Marseille, c&rsquo;est le cadeau d&rsquo;une vie"},"content":{"rendered":"<p>                    Par<br \/>\n        <strong><br \/>\n            <a href=\"https:\/\/actu.fr\/auteur\/frederic-bourgeois\" title=\"Consulter tous les articles de Fr\u00e9d\u00e9ric Bourgeois\" target=\"_blank\" rel=\"noopener\">Fr\u00e9d\u00e9ric Bourgeois<\/a><br \/>\n                    <\/strong><\/p>\n<p>        Publi\u00e9 le<\/p>\n<p>            22 d\u00e9c. 2025 \u00e0 17h16        <\/p>\n<p>Combien sont-ils, les footballeurs amateurs,<b> \u00e0 r\u00eaver d\u2019une telle chance au cours de leur carri\u00e8re ?<\/b> Quelques minutes avant le <a href=\"https:\/\/actu.fr\/normandie\/bayeux_14047\/coupe-de-france-de-football-bayeux-tire-le-gros-lot-et-va-affronter-lolympique-de-marseille-en-16e_63607990.html\" target=\"_blank\" rel=\"noopener\">tirage au sort des matches des 16e de finale de la Coupe de France<\/a>, <a href=\"https:\/\/actu.fr\/normandie\/bayeux_14047\/football-romain-guillotte-et-le-bayeux-fc-prets-a-en-decoudre-avec-le-sm-caen_63435927.html\" target=\"_blank\" rel=\"noopener\">Romain Guillotte<\/a>, attaquant du<b> Bayeux Football Club<\/b>, confiait \u00e0 La Renaissance le Bessin son <b>souhait le plus cher : <\/b>\u00ab\u00a0Tomber sur l\u2019OM\u00a0\u00bb.<\/p>\n<p>    <img   decoding=\"async\" loading=\"lazy\" class=\"size-large\" src=\"https:\/\/www.europesays.com\/fr\/wp-content\/uploads\/2025\/12\/1b769f6b694967f769f6b694963869v-960x640.jpg\" alt=\"Romain Guillotte, lors du 32e de finale disput\u00e9 face \u00e0 Blois samedi 20 d\u00e9cembre au stade Henry-Jeanne de Bayeux.\" width=\"960\" height=\"640\"\/><br \/>\n    Romain Guillotte, lors du 32e de finale disput\u00e9 face \u00e0 Blois samedi 20 d\u00e9cembre au stade Henry-Jeanne de Bayeux. \u00a9Fr\u00e9d\u00e9ric BOURGEOIS<\/p>\n<p class=\" wall-content\">Et que contenait la premi\u00e8re boule tir\u00e9e au sort, en direct sur beIN Sport\u00a0 ? Un nom mythique : <b>l\u2019Olympique de Marseille.<\/b> Dans la salle de La Com\u00e8te, ouverte pour l\u2019occasion, dimanche soir, 21 d\u00e9cembre 2025, tout le monde retient son souffle, avec, l\u2019espoir de tomber enfin sur un gros.\u00a0<\/p>\n<p>    <a href=\"https:\/\/www.facebook.com\/plugins\/post.php?href=https%3A%2F%2Fwww.facebook.com%2FOlympiqueMarseilleENG%2Fposts%2Fpfbid02TBhvj9fN9bSYLJoTNDaRHKrjYzu8ovDxxjnbgT6uguBk2UAUHGMG9KJ3oPD7ZdXTl&amp;show_text=true&amp;width=350\" title=\"Ouvrie le lien\" target=\"_blank\" rel=\"noopener\">Cliquez ici pour visualiser le contenu<\/a><\/p>\n<p class=\" wall-content\">La deuxi\u00e8me boule tir\u00e9e au sort et qui va d\u00e9signer l\u2019adversaire de ce cador de la Ligue 1 s\u2019ouvre enfin. <b>C\u2019est Bayeux<\/b>, dernier rescap\u00e9 des clubs de niveau r\u00e9gional avec Montreuil, lui aussi pensionnaire de R1 !<\/p>\n<p>    <img   decoding=\"async\" loading=\"lazy\" class=\"size-large\" src=\"https:\/\/www.europesays.com\/fr\/wp-content\/uploads\/2025\/12\/23d6ce6b694967117ce6b6949a617cv-960x640.jpg\" alt=\"Supporters de l'Olympique de Marseille, les attaquants du Bayeux FC Benjamin Renaux et Romain Guillotte ne le savent pas encore apr\u00e8s s'\u00eatre qualifi\u00e9s en 16e de finale de la Coupe de France, mais ils tomberont sur leurs idoles 24 h plus tard \u00e0 l'issue du tirage au sort !\" width=\"960\" height=\"640\"\/><br \/>\n    Supporters de l\u2019Olympique de Marseille, les attaquants du Bayeux FC Benjamin Renaux et Romain Guillotte ne le savent pas encore apr\u00e8s s\u2019\u00eatre qualifi\u00e9s en 16e de finale de la Coupe de France, mais ils tomberont sur leurs idoles 24 h plus tard \u00e0 l\u2019issue du tirage au sort ! \u00a9Fr\u00e9d\u00e9ric BOURGEOISVid\u00e9os : en ce moment sur Actu<\/p>\n<p class=\" wall-content\"><b>Romain Guillotte explose de joie<\/b>, \u00e0 l\u2019instar de ses partenaires et des<b> 500 personnes r\u00e9unies<\/b> pour vivre ce moment en direct et qui ont rapidement trouv\u00e9 le chemin de la buvette. Les joueurs, qui ont c\u00e9l\u00e9br\u00e9<a href=\"https:\/\/actu.fr\/normandie\/bayeux_14047\/coupe-de-france-de-football-les-joueurs-du-bayeux-fc-ont-fait-leur-arrivee-au-stade-henry-jeanne_63605383.html\" target=\"_blank\" rel=\"noopener\"> la qualification en 16e de finale<\/a> toute la nuit, n\u2019avaient pas sp\u00e9cialement soif. Mais le c\u0153ur y \u00e9tait !<\/p>\n<p>\u00ab\u00a0M\u00eame dans mes r\u00eaves je ne l\u2019avais pas imagin\u00e9\u00a0\u00bb<br \/>\n    <img   decoding=\"async\" loading=\"lazy\" class=\"size-large\" src=\"https:\/\/www.europesays.com\/fr\/wp-content\/uploads\/2025\/12\/9435de6b694962355de6b69498165dv-960x640.jpg\" alt=\"Les \u00e9motions dans les yeux de l'attaquand Romain Guillotte (Bayeux FC) apr\u00e8s la qualification en 16e de finale de la Coupe de France.\" width=\"960\" height=\"640\"\/><br \/>\n    Les \u00e9motions dans les yeux de l\u2019attaquand Romain Guillotte (Bayeux FC) apr\u00e8s la qualification en 16e de finale de la Coupe de France. \u00a9Fr\u00e9d\u00e9ric BOURGEOIS<\/p>\n<p>Votre r\u00e9gion, votre actu !<\/p>\n<p>Recevez chaque jour les infos qui comptent pour vous.<\/p>\n<p>\t<a href=\"https:\/\/actu.fr\/newsletter\" class=\"ac-btn ac-btn--corner ac-btn--medium ac-btn--blue800\" target=\"_blank\" rel=\"noopener\">S&rsquo;incrire<\/a><\/p>\n<p class=\" wall-content\">\u00ab\u00a0Pour moi, le premier supporter de Marseille, \u00e9quipe que je vais voir au V\u00e9lodrome, que je regarde \u00e0 la t\u00e9l\u00e9, recevoir l\u2019Olympique de Marseille, m\u00eame dans mes r\u00eaves je ne l\u2019avais pas imagin\u00e9. C\u2019est le cadeau d\u2019une vie\u00a0\u00bb, r\u00e9sume Romain Guillotte qui vit ce tirage de r\u00eave \u00ab\u00a0comme la r\u00e9compense de tout ce parcours qu\u2019on a r\u00e9alis\u00e9\u00a0\u00bb.\u00a0<\/p>\n<p class=\" wall-content\">Un parcours <b>qui illustre la force mentale du groupe<\/b> emmen\u00e9 par le coach <a href=\"https:\/\/actu.fr\/normandie\/bayeux_14047\/coupe-de-france-de-football-eric-fouda-bayeux-fc-ce-groupe-est-extraordinaire_63508771.html\" target=\"_blank\" rel=\"noopener\">Eric Fouda<\/a>. Avec une entr\u00e9e en lice au 3e tour de la comp\u00e9tition et une victoire 6 buts \u00e0 1 \u00e0 C\u00e9rences, locataire de D1. Puis des succ\u00e8s face \u00e0 Blainville (R2 ; 0-4), Val de Risle (R2 ; 0-3),\u00a0Le Havre Caucriauville Sportif (N3 ; 1-0), le SM Caen (N1 ; 3-2),\u00a0Yvetot AC (R1 ; 0-1) et le Blois Football 41 (N2 ; 2-1).<\/p>\n<blockquote class=\"ac-article-quote wall-content\">\n<p>On est 20 gars, et on a \u00e9t\u00e9 chercher une qualification en 16e de finale de la Coupe de France \u00e0 20 gars.<\/p>\n<p>Romain Guillotte, attaquant du Bayeux FC<\/p><\/blockquote>\n<p class=\" wall-content\">On imagine d\u00e8s lors<b> l\u2019impatience de l\u2019attaquant bayeusain<\/b> et de ses partenaires avant de rentrer <a href=\"https:\/\/actu.fr\/normandie\/bayeux_14047\/coupe-de-france-bayeux-olympique-de-marseille-tout-savoir-sur-le-choc-des-16e-de-finale_63610206.html\" target=\"_blank\" rel=\"noopener\">sur la pelouse du stade d\u2019Ornano le 13 janvier 2026 aux c\u00f4t\u00e9s des professionnels marseillais.<\/a> \u00ab\u00a0Pendant trois semaines, le temps va \u00eatre super long ! Pour ma part en tout cas, je ne vais faire que de penser \u00e0 \u00e7a, parce que j\u2019ai d\u00e9j\u00e0 h\u00e2te d\u2019y \u00eatre.\u00a0\u00bb\u00a0<\/p>\n<p>\u00ab\u00a0On a couru pour tout \u00e7a\u00a0\u00bb<br \/>\n    <img   decoding=\"async\" loading=\"lazy\" class=\"size-large\" src=\"https:\/\/www.europesays.com\/fr\/wp-content\/uploads\/2025\/12\/a5aa4e6b694960dba4e6b694902ca4v-960x640.jpg\" alt=\"Romain Guillotte, lors du 32e de finale disput\u00e9 face \u00e0 Blois samedi 20 d\u00e9cembre au stade Henry-Jeanne de Bayeux.\" width=\"960\" height=\"640\"\/><br \/>\n    Romain Guillotte, lors du 32e de finale disput\u00e9 face \u00e0 Blois samedi 20 d\u00e9cembre au stade Henry-Jeanne de Bayeux. \u00a9Fr\u00e9d\u00e9ric BOURGEOIS<\/p>\n<p class=\" wall-content\">Pour Romain Guillotte, qui se donnait encore un peu de temps sur les terrains malgr\u00e9 les p\u00e9pins physiques, <b>la d\u00e9cision est finalement prise.<\/b> Il raccrochera les crampons \u00e0 l\u2019issue de cette saison 2025-2026.<\/p>\n<p class=\" wall-content\">\u00ab\u00a0J\u2019ai le championnat (R1) \u00e0 finir apr\u00e8s la Coupe de France, mais oui, c\u2019est g\u00e9nial de pouvoir finir l\u00e0-dessus. Je n\u2019aurais rien \u00e0 regretter parce que je vais arr\u00eater avec cette \u00e9pop\u00e9e en Coupe de France, et parce que j\u2019aurais tout accompli pour mon club. C\u2019est une grande fiert\u00e9 d\u2019avoir pu aider le Bayeux FC \u00e0 se sortir d\u2019une impasse apr\u00e8s quelques moments de gal\u00e8re. Dans la vie d\u2019un club, il y a les r\u00e9sultats sportifs mais aussi tout un tas de choses qui entrent en jeu. Et nous, on a couru pour tout \u00e7a.\u00a0\u00bb<\/p>\n<p class=\" wall-content\">Personnalisez votre actualit\u00e9 en ajoutant vos villes et m\u00e9dias en favori avec <a href=\"https:\/\/moncompte.actu.fr\" title=\"D\u00e9couvez Mon Actu\" rel=\"nofollow noopener\" data-trk=\"{&quot;cta&quot;:{&quot;action&quot;:&quot;https:\\\/\\\/moncompte.actu.fr&quot;,&quot;category&quot;:&quot;mon compte&quot;,&quot;from&quot;:&quot;article footer&quot;,&quot;name&quot;:&quot;Mon actu&quot;,&quot;type&quot;:&quot;cta&quot;}}\" target=\"_blank\">Mon Actu<\/a>.<\/p>\n","protected":false},"excerpt":{"rendered":"Par Fr\u00e9d\u00e9ric Bourgeois Publi\u00e9 le 22 d\u00e9c. 2025 \u00e0 17h16 Combien sont-ils, les footballeurs amateurs, \u00e0 r\u00eaver d\u2019une&hellip;\n","protected":false},"author":2,"featured_media":617106,"comment_status":"","ping_status":"","sticky":false,"template":"","format":"standard","meta":{"footnotes":""},"categories":[2814],"tags":[1111,11,15922,1777,674,1011,27,884,12,2333,882,25,60],"class_list":{"0":"post-617105","1":"post","2":"type-post","3":"status-publish","4":"format-standard","5":"has-post-thumbnail","7":"category-marseille","8":"tag-actu","9":"tag-actualites","10":"tag-coupe-de-france-de-football","11":"tag-eu","12":"tag-europe","13":"tag-fr","14":"tag-france","15":"tag-marseille","16":"tag-news","17":"tag-olympique-de-marseille-om","18":"tag-provence-alpes-cote-dazur","19":"tag-republique-francaise","20":"tag-sports"},"share_on_mastodon":{"url":"https:\/\/pubeurope.com\/@fr\/115766831365266257","error":""},"_links":{"self":[{"href":"https:\/\/www.europesays.com\/fr\/wp-json\/wp\/v2\/posts\/617105","targetHints":{"allow":["GET"]}}],"collection":[{"href":"https:\/\/www.europesays.com\/fr\/wp-json\/wp\/v2\/posts"}],"about":[{"href":"https:\/\/www.europesays.com\/fr\/wp-json\/wp\/v2\/types\/post"}],"author":[{"embeddable":true,"href":"https:\/\/www.europesays.com\/fr\/wp-json\/wp\/v2\/users\/2"}],"replies":[{"embeddable":true,"href":"https:\/\/www.europesays.com\/fr\/wp-json\/wp\/v2\/comments?post=617105"}],"version-history":[{"count":0,"href":"https:\/\/www.europesays.com\/fr\/wp-json\/wp\/v2\/posts\/617105\/revisions"}],"wp:featuredmedia":[{"embeddable":true,"href":"https:\/\/www.europesays.com\/fr\/wp-json\/wp\/v2\/media\/617106"}],"wp:attachment":[{"href":"https:\/\/www.europesays.com\/fr\/wp-json\/wp\/v2\/media?parent=617105"}],"wp:term":[{"taxonomy":"category","embeddable":true,"href":"https:\/\/www.europesays.com\/fr\/wp-json\/wp\/v2\/categories?post=617105"},{"taxonomy":"post_tag","embeddable":true,"href":"https:\/\/www.europesays.com\/fr\/wp-json\/wp\/v2\/tags?post=617105"}],"curies":[{"name":"wp","href":"https:\/\/api.w.org\/{rel}","templated":true}]}}