{"id":617113,"date":"2025-12-23T03:53:14","date_gmt":"2025-12-23T03:53:14","guid":{"rendered":"https:\/\/www.europesays.com\/fr\/617113\/"},"modified":"2025-12-23T03:53:14","modified_gmt":"2025-12-23T03:53:14","slug":"a-alep-au-moins-trois-civils-tues-dans-de-nouveaux-affrontements-entre-le-gouvernement-et-les-forces-kurdes","status":"publish","type":"post","link":"https:\/\/www.europesays.com\/fr\/617113\/","title":{"rendered":"\u00e0 Alep, au moins trois civils tu\u00e9s dans de nouveaux affrontements entre le gouvernement et les forces kurdes"},"content":{"rendered":"<p>                      <img loading=\"lazy\" decoding=\"async\" src=\"https:\/\/www.europesays.com\/fr\/wp-content\/uploads\/2025\/12\/3cd827b_ftp-1-fhv4tnuoohuy-2025-12-22t203020z-795597778-rc2uliaxwpu5-rtrmadp-3-syria-security-aleppo.jpeg\" alt=\"Dans un h\u00f4pital d\u2019Alep (Syrie), apr\u00e8s des affrontements entre les forces gouvernementales et les Forces d\u00e9mocratiques syriennes dirig\u00e9es par les Kurdes, le 22\u00a0d\u00e9cembre\u00a02025. \"   width=\"664\" height=\"443\"\/>    Dans un h\u00f4pital d\u2019Alep (Syrie), apr\u00e8s des affrontements entre les forces gouvernementales et les Forces d\u00e9mocratiques syriennes dirig\u00e9es par les Kurdes, le 22\u00a0d\u00e9cembre\u00a02025.  KARAM ALMASRI\/REUTERS                          <\/p>\n<p class=\"article__paragraph  \">Des affrontements meurtriers entre forces kurdes et gouvernementales syriennes ont \u00e9clat\u00e9, lundi 22\u00a0d\u00e9cembre \u00e0 Alep, dans le nord de la Syrie, au moment o\u00f9 les deux parties sont cens\u00e9es mettre en \u0153uvre un accord sur l\u2019int\u00e9gration des institutions de cette importante minorit\u00e9 au sein du pouvoir central. Dans la soir\u00e9e, les bellig\u00e9rants ont appel\u00e9 \u00e0 cesser les hostilit\u00e9s, tout en se rejetant mutuellement la responsabilit\u00e9 des attaques.<\/p>\n<p class=\"article__paragraph  \">Selon l\u2019agence officielle SANA, \u00ab\u00a0deux civils ont \u00e9t\u00e9 tu\u00e9s et huit autres bless\u00e9s dans des tirs de mortiers et de roquettes\u00a0\u00bb des Forces d\u00e9mocratiques syriennes (FDS), \u00e0 majorit\u00e9 kurde, sur la deuxi\u00e8me ville syrienne. De leur c\u00f4t\u00e9, les puissantes FDS, bras arm\u00e9 de l\u2019administration kurde autonome dans la r\u00e9gion, ont affirm\u00e9 qu\u2019une femme de 57\u00a0ans avait \u00e9t\u00e9 tu\u00e9e et 17 civils bless\u00e9s dans une attaque men\u00e9e par \u00ab\u00a0des combattants de factions gouvernementales\u00a0\u00bb au moyen d\u2019armes lourdes.<\/p>\n<p class=\"article__paragraph  \">Les affrontements se sont d\u00e9roul\u00e9s dans les quartiers de Cheikh-Maqsoud et Achrafieh, tenus par des unit\u00e9s kurdes locales, o\u00f9 <a href=\"https:\/\/www.lemonde.fr\/international\/article\/2025\/10\/07\/a-alep-en-syrie-deux-morts-apres-des-attaques-attribuees-aux-forces-kurdes_6644876_3210.html?search-type=classic&amp;ise_click_rank=1\" target=\"_blank\" rel=\"noopener\">deux civils avaient d\u00e9j\u00e0 \u00e9t\u00e9 tu\u00e9s en octobre dans des combats<\/a> entre les deux forces combattantes, avant un cessez-le-feu.<\/p>\n<p>                                       Lire aussi |  Article r\u00e9serv\u00e9 \u00e0 nos abonn\u00e9s  <a href=\"https:\/\/www.lemonde.fr\/international\/article\/2025\/11\/04\/en-syrie-la-menace-d-une-guerre-ouverte-entre-damas-et-les-kurdes_6651911_3210.html\" class=\"js-article-read-also catcher--favoris__link\" data-premium=\"1\" id=\"article-title-3444457\" target=\"_blank\" rel=\"noopener\">En Syrie, la menace d\u2019une guerre ouverte entre Damas et les Kurdes<\/a>    <\/p>\n<p>   Lire plus tard  <\/p>\n<p class=\"article__paragraph  \">Depuis la chute en d\u00e9cembre\u00a02024 de l\u2019ex-pr\u00e9sident Bachar Al-Assad, renvers\u00e9 par l\u2019ancien djihadiste Ahmed Al-Charaa, devenu chef de l\u2019Etat int\u00e9rimaire, Alep est pass\u00e9 sous le contr\u00f4le des nouvelles autorit\u00e9s syriennes. Les quartiers de Cheikh-Maqsoud et Achrafieh sont rest\u00e9s sous le contr\u00f4le d\u2019unit\u00e9s kurdes li\u00e9es aux FDS et \u00e0 leurs forces de s\u00e9curit\u00e9, les Asayiches, malgr\u00e9 un accord de retrait conclu en avril.<\/p>\n<p>                    Un accord au point mort                    <\/p>\n<p class=\"article__paragraph  \">Ce regain de tension survient alors que les n\u00e9gociations patinent pour appliquer d\u2019ici au 31\u00a0d\u00e9cembre un accord d\u2019int\u00e9gration des forces kurdes civiles et militaires dans les institutions nationales. Ces affrontements ont \u00e9clat\u00e9 le jour de la visite en Syrie du chef de la diplomatie turc, Hakan Fidan, proche des nouvelles autorit\u00e9s syriennes, au cours de laquelle il a exhort\u00e9 les Kurdes \u00e0 ne pas faire \u00ab\u00a0obstacle \u00e0 la stabilit\u00e9 du pays\u00a0\u00bb.<\/p>\n<p class=\"article__paragraph  \">Il avait d\u00e9j\u00e0 mis en garde, la semaine derni\u00e8re, les FDS, estimant que les partenaires de l\u2019accord \u00ab\u00a0perdaient patience\u00a0\u00bb. \u00ab\u00a0Il est important que les FDS s\u2019int\u00e8grent dans l\u2019administration syrienne par le dialogue et la r\u00e9conciliation, de mani\u00e8re transparente, et qu\u2019elles n\u2019agissent plus comme un obstacle \u00e0 l\u2019int\u00e9grit\u00e9 territoriale syrienne et \u00e0 la stabilit\u00e9 \u00e0 long terme\u00a0\u00bb, a lanc\u00e9, lundi, M.\u00a0Fidan lors d\u2019une conf\u00e9rence de presse avec son homologue syrien, Assad Hassan Al-Chibani.<\/p>\n<p>                                       Lire aussi le reportage |  Article r\u00e9serv\u00e9 \u00e0 nos abonn\u00e9s  <a href=\"https:\/\/www.lemonde.fr\/international\/article\/2025\/04\/23\/a-alep-les-quartiers-d-achrafieh-et-de-cheikh-maqsoud-laboratoires-de-l-integration-des-kurdes-dans-l-etat-syrien_6599157_3210.html\" class=\"js-article-read-also catcher--favoris__link\" data-premium=\"1\" id=\"article-title-3419327\" target=\"_blank\" rel=\"noopener\">A Alep, deux quartiers laboratoires de l\u2019int\u00e9gration des Kurdes dans l\u2019Etat syrien<\/a>    <\/p>\n<p>   Lire plus tard  <\/p>\n<p class=\"article__paragraph  \">Ce dernier a annonc\u00e9, de son c\u00f4t\u00e9, que ses services avaient re\u00e7u une r\u00e9ponse des FDS sur une proposition d\u2019int\u00e9gration dans l\u2019arm\u00e9e syrienne. \u00ab\u00a0Nous \u00e9tudions cette r\u00e9ponse et la fa\u00e7on dont elle va dans le sens de l\u2019int\u00e9r\u00eat national et d\u2019un territoire syrien unifi\u00e9\u00a0\u00bb, a-t-il dit.<\/p>\n<p>                    Menace pour Ankara                    <\/p>\n<p class=\"article__paragraph  \">La Turquie partage 900\u00a0km de fronti\u00e8re avec la Syrie et a lanc\u00e9, entre 2016 et 2019, trois offensives dans le nord du pays contre les combattants kurdes syriens et le groupe djihadiste Etat islamique (EI).<\/p>\n<p> Le Monde M\u00e9morable  <\/p>\n<p> <a href=\"https:\/\/www.lemonde.fr\/memorable\/?rfextension=inread\" class=\"inread__link js-services-inread-link\" target=\"_blank\" rel=\"noopener\">  <\/p>\n<p>Testez votre culture g\u00e9n\u00e9rale avec la r\u00e9daction du \u00ab Monde \u00bb<\/p>\n<p>Testez votre culture g\u00e9n\u00e9rale avec la r\u00e9daction du \u00ab Monde \u00bb<\/p>\n<p>D\u00e9couvrir<\/p>\n<p> <\/a>      <\/p>\n<p> Newsletter  <\/p>\n<p> <a href=\"https:\/\/www.lemonde.fr\/newsletters\/a-la-une\/\" class=\"inread__link js-services-inread-link\" target=\"_blank\" rel=\"noopener\">  <\/p>\n<p>\u00ab A la une \u00bb<\/p>\n<p>Chaque matin, parcourez l&rsquo;essentiel de l&rsquo;actualit\u00e9 du jour avec les derniers titres du \u00ab Monde \u00bb<\/p>\n<p>S&rsquo;inscrire<\/p>\n<p> <\/a>          <\/p>\n<p> Le Monde Application  <\/p>\n<p> <a href=\"https:\/\/lamatinale.onelink.me\/gKMy\/ahw2ubr3\" class=\"inread__link js-services-inread-link\" target=\"_blank\" rel=\"noopener\">  <\/p>\n<p>La Matinale du Monde<\/p>\n<p>Chaque matin, retrouvez notre s\u00e9lection de 20 articles \u00e0 ne pas manquer <\/p>\n<p>T\u00e9l\u00e9charger l&rsquo;application<\/p>\n<p> <\/a>      <\/p>\n<p> Newsletter abonn\u00e9s  <\/p>\n<p> <a href=\"https:\/\/www.lemonde.fr\/newsletters\/international\/\" class=\"inread__link js-services-inread-link\" target=\"_blank\" rel=\"noopener\">  <\/p>\n<p>\u00ab International \u00bb<\/p>\n<p>L\u2019essentiel de l\u2019actualit\u00e9 internationale de la semaine<\/p>\n<p>S&rsquo;inscrire<\/p>\n<p> <\/a>             <\/p>\n<p class=\"article__paragraph  \">La permanence des combattants kurdes des FDS \u00e0 sa fronti\u00e8re est consid\u00e9r\u00e9e comme une menace par Ankara. Les Kurdes, importante minorit\u00e9 ethnique, contr\u00f4lent de vastes \u00e9tendues du nord-est de la Syrie riches en p\u00e9trole et en bl\u00e9. Soutenues par les Etats-Unis, les FDS ont \u00e9t\u00e9 le fer de lance de la lutte contre l\u2019EI, d\u00e9fait en Syrie en\u00a02019.<\/p>\n<p class=\"article__paragraph  \">\u00ab\u00a0La stabilit\u00e9 en Syrie est importante pour celle de la Turquie\u00a0\u00bb, a insist\u00e9 M. Fidan, accompagn\u00e9 du ministre de la d\u00e9fense turc, Yasar G\u00fcler. Les deux dirigeants turcs ont rencontr\u00e9 le pr\u00e9sident Al-Charaa, avec qui ils ont \u00e9voqu\u00e9 des questions r\u00e9gionales et la lutte contre le terrorisme et la r\u00e9surgence du groupe Etat islamique en Syrie.<\/p>\n<p>                                       Lire aussi :  Article r\u00e9serv\u00e9 \u00e0 nos abonn\u00e9s  <a href=\"https:\/\/www.lemonde.fr\/international\/article\/2023\/07\/03\/en-turquie-hakan-fidan-le-nouveau-chef-de-la-diplomatie-prince-des-tenebres-de-la-politique_6180288_3210.html\" class=\"js-article-read-also catcher--favoris__link\" data-premium=\"1\" id=\"article-title-3329891\" target=\"_blank\" rel=\"noopener\">En Turquie, Hakan Fidan, le nouveau chef de la diplomatie, prince des t\u00e9n\u00e8bres de la politique<\/a>    <\/p>\n<p>   Lire plus tard  <\/p>\n<p class=\"author__detail\">  Le Monde avec AFP  <\/p>\n<p>                <a href=\"https:\/\/www.lemonde.fr\/syndication\/\" class=\"reuse__content\" title=\"R\u00e9utiliser ce contenu\" target=\"_blank\" rel=\"noopener\">R\u00e9utiliser ce contenu<\/a>      <\/p>\n","protected":false},"excerpt":{"rendered":"Dans un h\u00f4pital d\u2019Alep (Syrie), apr\u00e8s des affrontements entre les forces gouvernementales et les Forces d\u00e9mocratiques syriennes dirig\u00e9es&hellip;\n","protected":false},"author":2,"featured_media":617114,"comment_status":"","ping_status":"","sticky":false,"template":"","format":"standard","meta":{"footnotes":""},"categories":[1888],"tags":[1111,1928,11,1927,1777,674,1011,27,12,1926,626,1925,25],"class_list":{"0":"post-617113","1":"post","2":"type-post","3":"status-publish","4":"format-standard","5":"has-post-thumbnail","7":"category-paris","8":"tag-actu","9":"tag-actu-paris","10":"tag-actualites","11":"tag-actualites-paris","12":"tag-eu","13":"tag-europe","14":"tag-fr","15":"tag-france","16":"tag-news","17":"tag-news-paris","18":"tag-paris","19":"tag-paris-news","20":"tag-republique-francaise"},"share_on_mastodon":{"url":"https:\/\/pubeurope.com\/@fr\/115766861273062695","error":""},"_links":{"self":[{"href":"https:\/\/www.europesays.com\/fr\/wp-json\/wp\/v2\/posts\/617113","targetHints":{"allow":["GET"]}}],"collection":[{"href":"https:\/\/www.europesays.com\/fr\/wp-json\/wp\/v2\/posts"}],"about":[{"href":"https:\/\/www.europesays.com\/fr\/wp-json\/wp\/v2\/types\/post"}],"author":[{"embeddable":true,"href":"https:\/\/www.europesays.com\/fr\/wp-json\/wp\/v2\/users\/2"}],"replies":[{"embeddable":true,"href":"https:\/\/www.europesays.com\/fr\/wp-json\/wp\/v2\/comments?post=617113"}],"version-history":[{"count":0,"href":"https:\/\/www.europesays.com\/fr\/wp-json\/wp\/v2\/posts\/617113\/revisions"}],"wp:featuredmedia":[{"embeddable":true,"href":"https:\/\/www.europesays.com\/fr\/wp-json\/wp\/v2\/media\/617114"}],"wp:attachment":[{"href":"https:\/\/www.europesays.com\/fr\/wp-json\/wp\/v2\/media?parent=617113"}],"wp:term":[{"taxonomy":"category","embeddable":true,"href":"https:\/\/www.europesays.com\/fr\/wp-json\/wp\/v2\/categories?post=617113"},{"taxonomy":"post_tag","embeddable":true,"href":"https:\/\/www.europesays.com\/fr\/wp-json\/wp\/v2\/tags?post=617113"}],"curies":[{"name":"wp","href":"https:\/\/api.w.org\/{rel}","templated":true}]}}