{"id":617121,"date":"2025-12-23T03:58:21","date_gmt":"2025-12-23T03:58:21","guid":{"rendered":"https:\/\/www.europesays.com\/fr\/617121\/"},"modified":"2025-12-23T03:58:21","modified_gmt":"2025-12-23T03:58:21","slug":"russie-la-mission-de-compassion-des-soeurs-vincentiennes-pour-les-enfants","status":"publish","type":"post","link":"https:\/\/www.europesays.com\/fr\/617121\/","title":{"rendered":"Russie: la mission de compassion des s\u0153urs vincentiennes pour les enfants"},"content":{"rendered":"<p>En collaboration avec la fondation Hilton, Vatican News publie une s\u00e9rie d&rsquo;articles sur l&rsquo;action des religieuses, des contributions offertes par des s\u0153urs pr\u00e9sentes dans le monde entier. Dans cet \u00e9pisode, focus sur la mission des Vincentiennes qui offre un t\u00e9moignage silencieux, partageant une petite graine d\u2019esp\u00e9rance et un lieu o\u00f9 les gens peuvent trouver refuge. Tels sont les fruits de la Congr\u00e9gation des Missions et des Filles de la charit\u00e9 de saint Vincent de Paul.<\/p>\n<p><b>S\u0153ur Christine Masivo, CPS et s\u0153ur Jana-Pavla Hal\u010dinov\u00e1, DC<\/b><\/p>\n<p>Les p\u00e8res Vincentiens sont arriv\u00e9s en Russie \u00e0 Nijni Taguil en 1997, pour servir l\u00e0 o\u00f9 une minorit\u00e9 de la population \u00e9tait chr\u00e9tienne. Ce qui a commenc\u00e9 comme une r\u00e9ponse aux enfants souffrant de la faim est devenu un minist\u00e8re de compassion durable.\u00a0S\u0153ur Antonia Lednicka, une Fille de la charit\u00e9 de saint Vincent de Paul (DC) originaire de Slovaquie, est religieuse depuis 30 ans et sert en Russie depuis 23 ans.<\/p>\n<p>\u00abLe p\u00e8re Toma\u017e Mavri\u010d, CM, l\u2019un des pionniers, \u00e9mu par le sort des enfants errant dans les rues, affam\u00e9s, transis de froid et oubli\u00e9s, \u00e9tait pr\u00e9occup\u00e9 et a discut\u00e9 du probl\u00e8me avec les paroissiens, puis avec la directrice Natalia Petrovna de l\u2019\u00e9cole n. 41, et a \u00e9tabli une coop\u00e9ration entre la paroisse catholique et les institutions publiques\u00bb, raconte-t-elle.\u00a0Les Vincentiens ont commenc\u00e9 \u00e0 offrir des repas chauds aux enfants qui n\u2019avaient pas les moyens de se payer le d\u00e9jeuner, ce qui a men\u00e9 \u00e0 un programme d\u2019amour et de foi en action. Les paroissiens et les pr\u00eatres ont commenc\u00e9 simplement en payant les repas scolaires de 50 \u00e0 80 enfants qui ne pouvaient pas de se les permettre.<\/p>\n<p><b>Les Filles de la charit\u00e9 en Russie<\/b> <\/p>\n<p>\u00abLe p\u00e8re Toma\u017e a demand\u00e9 aux s\u0153urs de venir servir\u00bb, raconte s\u0153ur Antonia. \u00abElles sont arriv\u00e9es en 2000 de Slovaquie et ont lanc\u00e9 le Children\u2019s Club Care, qui est devenu un refuge, une salle de classe et un deuxi\u00e8me foyer pour des centaines d\u2019enfants de la r\u00e9gion. Au d\u00e9part, elles organisaient des r\u00e9unions hebdomadaires, elles servent d\u00e9sormais cinq jours par semaine.\u00bb\u00a0\u00abPlus de 1.500 enfants ont b\u00e9n\u00e9fici\u00e9 de ce club\u00bb, souligne s\u0153ur Antonia. \u00abPour certains, c\u2019est une ann\u00e9e, pour d\u2019autres, c\u2019est toute leur scolarit\u00e9\u00bb.<\/p>\n<p>La mission du club \u00e9tait d\u2019apporter de l\u2019amour, de la stabilit\u00e9 et des conseils aux enfants qui n\u2019en avaient pas. \u00abBeaucoup d\u2019enfants n\u2019\u00e9taient pas croyants. Peu \u00e0 peu, nous avons aid\u00e9 aussi bien des orthodoxes que des musulmans, mais cela n\u2019avait pas d\u2019importance; nous devions leur montrer que quelqu\u2019un les aimait\u00bb, ajoute s\u0153ur Antonia.<\/p>\n<p>    <img decoding=\"async\" src=\"data:image\/gif;base64,R0lGODlhAQABAIAAAAAAAP\/\/\/yH5BAEAAAAALAAAAAABAAEAAAIBRAA7\" data-original=\"https:\/\/www.vaticannews.va\/content\/dam\/vaticannews\/multimedia\/2025\/dicembre\/18\/PS-159-FOTO1.png\/_jcr_content\/renditions\/cq5dam.thumbnail.cropped.750.422.png\" alt=\"  S\u0153ur Elisabeth \u00e0 l\u2019h\u00f4pital, fournissant des m\u00e9dicaments \u00e0 des patients atteints de tuberculose\" title=\"  S\u0153ur Elisabeth \u00e0 l\u2019h\u00f4pital, fournissant des m\u00e9dicaments \u00e0 des patients atteints de tuberculose\"\/><\/p>\n<p>\n    S\u0153ur Elisabeth \u00e0 l\u2019h\u00f4pital, fournissant des m\u00e9dicaments \u00e0 des patients atteints de tuberculose\n  <\/p>\n<p><b>Le t\u00e9moignage d\u2019Ulyana<\/b> <\/p>\n<p>Ulyana, une b\u00e9n\u00e9ficiaire \u00e2g\u00e9e de 34 ans, t\u00e9moigne du soin des Vincentiennes. \u00abJe garde de bons souvenirs de mon enfance\u00bb, dit-elle en souriant. \u00abNous allions tous ensemble faire de la luge sur la colline en hiver ou faire des randonn\u00e9es. C\u2019\u00e9tait amusant, chaleureux et familial; j\u2019\u00e9tais plus heureuse que jamais\u00bb. \u00abJe viens d\u2019une famille dysfonctionnelle\u00bb, dit-elle. \u00abOn ne m\u2019a pas appris la gentillesse et l\u2019amour, mais le club m\u2019a aid\u00e9e \u00e0 m\u2019\u00e9panouir en tant que personne. Il a fa\u00e7onn\u00e9 ma cr\u00e9ativit\u00e9 et mon talent, si bien qu\u2019aujourd\u2019hui je suis designer, et je suis reconnaissante envers le club pour enfants\u00bb.<\/p>\n<p><b>Une mission plus large<\/b> <\/p>\n<p>Les Filles de la charit\u00e9 viennent \u00e9galement en aide aux sans-abris de Nijni Taguil, visitent quotidiennement les refuges locaux et apportent leur aide pour l\u2019hygi\u00e8ne et la reconstruction des b\u00e2timents o\u00f9 vivent les sans-abris.\u00a0Elles servent \u00e9galement dans un h\u00f4pital public sp\u00e9cialis\u00e9 dans le traitement de la tuberculose. \u00abDe nombreux patients atteints de tuberculose sont sans-abris et n\u2019ont pas de papiers\u00bb, explique s\u0153ur Antonia. \u00abNous les aidons \u00e0 obtenir des documents officiels afin qu\u2019ils puissent b\u00e9n\u00e9ficier d\u2019aides sociales ou \u00eatre transf\u00e9r\u00e9s vers d\u2019autres \u00e9tablissements apr\u00e8s leur sortie de l\u2019h\u00f4pital\u00bb. Les s\u0153urs utilisent leur voiture pour transporter les patients aux bureaux et couvrent toutes les d\u00e9penses.<\/p>\n<p>Une fois par mois, elles livrent de la nourriture \u00e0 l\u2019h\u00f4pital pour les patients atteints de tuberculose, afin de les inciter \u00e0 venir passer un examen m\u00e9dical r\u00e9gulier.\u00a0Elles offrent un service pastoral aux paroissiens, conduisent des cat\u00e9ch\u00e8ses et organisent plusieurs fois par an des r\u00e9unions pour les paroissiens \u00e0 diverses occasions et pendant les f\u00eates.<\/p>\n<p><b>Un soutien dans les moments difficiles<\/b> <\/p>\n<p>Leurs programmes caritatifs requi\u00e8rent des fonds, qu\u2019elles obtiennent gr\u00e2ce \u00e0 des subventions de la province slovaque des Vincentiens, ainsi qu\u2019\u00e0 des dons de la population locale lors de la collecte alimentaire annuelle St Vincent\u2019s Bag.\u00a0\u00abLes gens sont tr\u00e8s g\u00e9n\u00e9reux, car ils savent que la nourriture sera utilis\u00e9e pour les pauvres\u00bb, explique s\u0153ur Antonia avec un sourire reconnaissant.\u00a0Ils organisent des spectacles pour diverses occasions telles que No\u00ebl, P\u00e2ques et la Journ\u00e9e du respect pour les personnes \u00e2g\u00e9es.<\/p>\n<p>    <img decoding=\"async\" src=\"data:image\/gif;base64,R0lGODlhAQABAIAAAAAAAP\/\/\/yH5BAEAAAAALAAAAAABAAEAAAIBRAA7\" data-original=\"https:\/\/www.vaticannews.va\/content\/dam\/vaticannews\/multimedia\/2025\/dicembre\/18\/PS-159-FOTO2.png\/_jcr_content\/renditions\/cq5dam.thumbnail.cropped.750.422.png\" alt=\"S\u0153ur Vojtecha et s\u0153ur Michaela avec des sans-abris\" title=\"S\u0153ur Vojtecha et s\u0153ur Michaela avec des sans-abris\"\/><\/p>\n<p>\n   S\u0153ur Vojtecha et s\u0153ur Michaela avec des sans-abris\n  <\/p>\n<p><b>\u00c0 Omsk<\/b> <\/p>\n<p>Mgr Joseph Werth, SJ, \u00e9v\u00eaque du dioc\u00e8se de Novossibirsk, a invit\u00e9 les s\u0153urs dans la ville d\u2019Omsk en 2010.\u00a0Dans cette ville sib\u00e9rienne, les s\u0153urs vincentiennes \u0153uvrent dans deux paroisses, o\u00f9 elles enseignent le cat\u00e9chisme aux enfants et aux adultes. Elles servent \u00e9galement les sans-abris et les patients atteints de tuberculose \u00e0 l\u2019association caritative catholique d\u2019Omsk, tout en offrant un soutien spirituel aux travailleurs sociaux, aux familles et aux enfants.\u00a0\u00abAvec le pr\u00eatre, nous nous rendons parfois dans des paroisses situ\u00e9es \u00e0 plus de 100 kilom\u00e8tres les unes des autres\u00bb, explique s\u0153ur Antonia.<\/p>\n<p>    <img decoding=\"async\" src=\"data:image\/gif;base64,R0lGODlhAQABAIAAAAAAAP\/\/\/yH5BAEAAAAALAAAAAABAAEAAAIBRAA7\" data-original=\"https:\/\/www.vaticannews.va\/content\/dam\/vaticannews\/multimedia\/2025\/dicembre\/18\/PS-159-FOTO3.png\/_jcr_content\/renditions\/cq5dam.thumbnail.cropped.750.422.png\" alt=\"S\u0153ur Vojtecha distribuant le d\u00e9jeuner aux sans-abris\" title=\"S\u0153ur Vojtecha distribuant le d\u00e9jeuner aux sans-abris\"\/><\/p>\n<p>\n   S\u0153ur Vojtecha distribuant le d\u00e9jeuner aux sans-abris\n  <\/p>\n<p><b>Joies et difficult\u00e9s<\/b> <\/p>\n<p>S\u0153ur Antonia r\u00e9fl\u00e9chit sur les profondes difficult\u00e9s et l\u2019espoir silencieux au sein de sa communaut\u00e9, o\u00f9 la peur, la pauvret\u00e9 et les difficult\u00e9s familiales restent des d\u00e9fis constants. Malgr\u00e9 le petit nombre de catholiques, les s\u0153urs connaissent tout le monde personnellement et \u00e9prouvent une grande joie \u00e0 voir la g\u00e9n\u00e9ration grandir, ainsi que les enfants de ceux qu\u2019elle a autrefois servis.\u00a0Depuis plus de vingt ans, la mission des s\u0153urs vincentiennes en Russie est enracin\u00e9e dans de petits actes d\u2019amour et de pr\u00e9sence pour une mission inspir\u00e9e par l\u2019amour de Dieu.<\/p>\n<p>    <img decoding=\"async\" src=\"data:image\/gif;base64,R0lGODlhAQABAIAAAAAAAP\/\/\/yH5BAEAAAAALAAAAAABAAEAAAIBRAA7\" data-original=\"https:\/\/www.vaticannews.va\/content\/dam\/vaticannews\/multimedia\/2025\/dicembre\/18\/PS-159-FOTO4AEM.jpg\/_jcr_content\/renditions\/cq5dam.thumbnail.cropped.750.422.jpeg\" alt=\"S\u0153ur Kaja lors d\u2019une r\u00e9union de formation pour les collaborateurs d\u2019une association caritative locale\" title=\"S\u0153ur Kaja lors d\u2019une r\u00e9union de formation pour les collaborateurs d\u2019une association caritative locale\"\/><\/p>\n<p>\n   S\u0153ur Kaja lors d\u2019une r\u00e9union de formation pour les collaborateurs d\u2019une association caritative locale\n  <\/p>\n<p>\u00a0<\/p>\n","protected":false},"excerpt":{"rendered":"En collaboration avec la fondation Hilton, Vatican News publie une s\u00e9rie d&rsquo;articles sur l&rsquo;action des religieuses, des contributions&hellip;\n","protected":false},"author":2,"featured_media":617122,"comment_status":"","ping_status":"","sticky":false,"template":"","format":"standard","meta":{"footnotes":""},"categories":[1591],"tags":[11,1719,1887,68706,64048,12,72761,1885,1886,132,3400,18491],"class_list":{"0":"post-617121","1":"post","2":"type-post","3":"status-publish","4":"format-standard","5":"has-post-thumbnail","7":"category-russie","8":"tag-actualites","9":"tag-enfants","10":"tag-federation-de-russie","11":"tag-foi","12":"tag-missionnaires","13":"tag-news","14":"tag-ordres-religieux","15":"tag-russia","16":"tag-russian-federation","17":"tag-russie","18":"tag-solidarite","19":"tag-vocations"},"share_on_mastodon":{"url":"https:\/\/pubeurope.com\/@fr\/115766880248802769","error":""},"_links":{"self":[{"href":"https:\/\/www.europesays.com\/fr\/wp-json\/wp\/v2\/posts\/617121","targetHints":{"allow":["GET"]}}],"collection":[{"href":"https:\/\/www.europesays.com\/fr\/wp-json\/wp\/v2\/posts"}],"about":[{"href":"https:\/\/www.europesays.com\/fr\/wp-json\/wp\/v2\/types\/post"}],"author":[{"embeddable":true,"href":"https:\/\/www.europesays.com\/fr\/wp-json\/wp\/v2\/users\/2"}],"replies":[{"embeddable":true,"href":"https:\/\/www.europesays.com\/fr\/wp-json\/wp\/v2\/comments?post=617121"}],"version-history":[{"count":0,"href":"https:\/\/www.europesays.com\/fr\/wp-json\/wp\/v2\/posts\/617121\/revisions"}],"wp:featuredmedia":[{"embeddable":true,"href":"https:\/\/www.europesays.com\/fr\/wp-json\/wp\/v2\/media\/617122"}],"wp:attachment":[{"href":"https:\/\/www.europesays.com\/fr\/wp-json\/wp\/v2\/media?parent=617121"}],"wp:term":[{"taxonomy":"category","embeddable":true,"href":"https:\/\/www.europesays.com\/fr\/wp-json\/wp\/v2\/categories?post=617121"},{"taxonomy":"post_tag","embeddable":true,"href":"https:\/\/www.europesays.com\/fr\/wp-json\/wp\/v2\/tags?post=617121"}],"curies":[{"name":"wp","href":"https:\/\/api.w.org\/{rel}","templated":true}]}}