{"id":617123,"date":"2025-12-23T03:59:23","date_gmt":"2025-12-23T03:59:23","guid":{"rendered":"https:\/\/www.europesays.com\/fr\/617123\/"},"modified":"2025-12-23T03:59:23","modified_gmt":"2025-12-23T03:59:23","slug":"un-general-russe-tue-a-moscou-et-la-ville-dodessa-sous-les-bombes","status":"publish","type":"post","link":"https:\/\/www.europesays.com\/fr\/617123\/","title":{"rendered":"Un g\u00e9n\u00e9ral russe tu\u00e9 \u00e0 Moscou et la ville d\u2019Odessa sous les bombes"},"content":{"rendered":"<p>Vous avez rat\u00e9 les derniers \u00e9v\u00e9nements sur la <a href=\"https:\/\/www.20minutes.fr\/monde\/ukraine\/\" class=\"c-link c-link--is-underlined\" target=\"_blank\" rel=\"noopener\">guerre en Ukraine<\/a>\u00a0? 20 Minutes fait le point pour vous tous les soirs. Voici l\u2019essentiel de ce lundi 22\u00a0d\u00e9cembre, au 1.398e jour du conflit.<\/p>\n<p>Le fait du jour<\/p>\n<p>Un g\u00e9n\u00e9ral de l\u2019\u00e9tat-major russe a \u00e9t\u00e9 <a href=\"https:\/\/www.20minutes.fr\/monde\/ukraine\/4192830-20251222-guerre-ukraine-syrie-tchetchenie-fanil-sarvarov-general-russe-tue-explosion-voiture\" target=\"_blank\" class=\"c-link c-link--is-underlined\" rel=\"noopener\">tu\u00e9 lundi matin dans l\u2019explosion d\u2019une voiture<\/a> dans le sud de <a href=\"https:\/\/www.20minutes.fr\/monde\/moscou\/\" class=\"c-link c-link--is-underlined\" target=\"_blank\" rel=\"noopener\">Moscou<\/a>. Une enqu\u00eate pour \u00ab\u00a0meurtre\u00a0\u00bb du g\u00e9n\u00e9ral-lieutenant Fanil Sarvarov, chef du d\u00e9partement de la formation op\u00e9rationnelle au sein de l\u2019\u00e9tat-major, a \u00e9t\u00e9 ouverte, a pr\u00e9cis\u00e9 le Comit\u00e9 d\u2019enqu\u00eate russe dans un communiqu\u00e9. L\u2019une des pistes \u00e9tudi\u00e9es est celle \u00ab\u00a0li\u00e9e\u00a0\u00bb aux \u00ab\u00a0services sp\u00e9ciaux ukrainiens\u00a0\u00bb, selon la m\u00eame source.<\/p>\n<p>Depuis le d\u00e9but la guerre, Kiev a \u00e9t\u00e9 accus\u00e9 \u00e0 plusieurs reprises d\u2019avoir men\u00e9 des <a href=\"https:\/\/www.20minutes.fr\/monde\/ukraine\/4192798-20251222-guerre-ukraine-attentat-voiture-piegee-contre-general-russie-sous-pression-plein-moscou\" target=\"_blank\" class=\"c-link c-link--is-underlined\" rel=\"noopener\">attaques cibl\u00e9es contre des personnalit\u00e9s<\/a> et responsables militaires russes en <a href=\"https:\/\/www.20minutes.fr\/monde\/russie\/\" class=\"c-link c-link--is-underlined\" target=\"_blank\" rel=\"noopener\">Russie<\/a> et dans les zones occup\u00e9es par Moscou en Ukraine.<\/p>\n<\/p>\n<p>La d\u00e9claration du jour<\/p>\n<blockquote class=\"mx-m@xs mx-xxl@md color-ultramarine c-citation\">\n<p class=\"font-weight-regular@xs text-italic font-source-serif-pro text-l@xs c-citation__content\">\u00ab\u00a0On observe des progr\u00e8s lents. Ils s\u2019accompagnent de tentatives extr\u00eamement n\u00e9fastes et malveillantes d\u2019un groupe influent d\u2019\u00c9tats visant \u00e0 torpiller ces efforts et \u00e0 faire d\u00e9railler le processus diplomatique.\u00a0\u00bb<\/p>\n<\/blockquote>\n<p>Le vice-ministre russe des Affaires \u00e9trang\u00e8res, Sergue\u00ef Riabkov estime que les discussions avec les Etats-Unis pour mettre fin \u00e0 la guerre en Ukraine sont court-circuit\u00e9es par d\u2019autres pays. Il fait tr\u00e8s certainement r\u00e9f\u00e9rence aux Europ\u00e9ens, m\u00eame s\u2019il ne les cite pas.<\/p>\n<p>La tendance<\/p>\n<p>La r\u00e9gion portuaire d\u2019Odessa, dans le sud de l\u2019Ukraine, a de nouveau \u00e9t\u00e9 vis\u00e9e ce lundi par des frappes russes. Elles ont vis\u00e9 des \u00ab\u00a0infrastructures \u00e9nerg\u00e9tiques et industrielles\u00a0\u00bb ainsi qu\u2019un \u00ab\u00a0entrep\u00f4t contenant des engrais et du mat\u00e9riel agricole\u00a0\u00bb. Elles ont fait un bless\u00e9, selon le gouverneur de la r\u00e9gion d\u2019Odessa. Elles ont aussi priv\u00e9 d\u2019\u00e9lectricit\u00e9 plus de 120.000 foyers, selon les autorit\u00e9s.<\/p>\n<p><a href=\"https:\/\/www.20minutes.fr\/monde\/ukraine\/\" class=\"c-link c-btn c-btn--primary\" target=\"_blank\" rel=\"noopener\">Notre dossier sur la guerre en Ukraine<\/a><\/p>\n<p>\u00ab\u00a0L\u2019ennemi ne cesse de frapper la r\u00e9gion d\u2019Odessa. La Russie tente de d\u00e9truire la logistique maritime en lan\u00e7ant des attaques syst\u00e9matiques contre les infrastructures portuaires et \u00e9nerg\u00e9tiques\u00a0\u00bb, affirme le ministre de la Reconstruction, Oleksi\u00ef Kouleba.<\/p>\n","protected":false},"excerpt":{"rendered":"Vous avez rat\u00e9 les derniers \u00e9v\u00e9nements sur la guerre en Ukraine\u00a0? 20 Minutes fait le point pour vous&hellip;\n","protected":false},"author":2,"featured_media":617124,"comment_status":"","ping_status":"","sticky":false,"template":"","format":"standard","meta":{"footnotes":""},"categories":[1590],"tags":[47,11,5581,73,1777,674,131,74,1916,12,23851,132,220],"class_list":{"0":"post-617123","1":"post","2":"type-post","3":"status-publish","4":"format-standard","5":"has-post-thumbnail","7":"category-ukraine","8":"tag-actualite","9":"tag-actualites","10":"tag-attentat","11":"tag-etats-unis","12":"tag-eu","13":"tag-europe","14":"tag-guerre-en-ukraine","15":"tag-monde","16":"tag-moscou","17":"tag-news","18":"tag-odessa","19":"tag-russie","20":"tag-ukraine"},"share_on_mastodon":{"url":"https:\/\/pubeurope.com\/@fr\/115766884110006014","error":""},"_links":{"self":[{"href":"https:\/\/www.europesays.com\/fr\/wp-json\/wp\/v2\/posts\/617123","targetHints":{"allow":["GET"]}}],"collection":[{"href":"https:\/\/www.europesays.com\/fr\/wp-json\/wp\/v2\/posts"}],"about":[{"href":"https:\/\/www.europesays.com\/fr\/wp-json\/wp\/v2\/types\/post"}],"author":[{"embeddable":true,"href":"https:\/\/www.europesays.com\/fr\/wp-json\/wp\/v2\/users\/2"}],"replies":[{"embeddable":true,"href":"https:\/\/www.europesays.com\/fr\/wp-json\/wp\/v2\/comments?post=617123"}],"version-history":[{"count":0,"href":"https:\/\/www.europesays.com\/fr\/wp-json\/wp\/v2\/posts\/617123\/revisions"}],"wp:featuredmedia":[{"embeddable":true,"href":"https:\/\/www.europesays.com\/fr\/wp-json\/wp\/v2\/media\/617124"}],"wp:attachment":[{"href":"https:\/\/www.europesays.com\/fr\/wp-json\/wp\/v2\/media?parent=617123"}],"wp:term":[{"taxonomy":"category","embeddable":true,"href":"https:\/\/www.europesays.com\/fr\/wp-json\/wp\/v2\/categories?post=617123"},{"taxonomy":"post_tag","embeddable":true,"href":"https:\/\/www.europesays.com\/fr\/wp-json\/wp\/v2\/tags?post=617123"}],"curies":[{"name":"wp","href":"https:\/\/api.w.org\/{rel}","templated":true}]}}