{"id":617128,"date":"2025-12-23T04:02:12","date_gmt":"2025-12-23T04:02:12","guid":{"rendered":"https:\/\/www.europesays.com\/fr\/617128\/"},"modified":"2025-12-23T04:02:12","modified_gmt":"2025-12-23T04:02:12","slug":"6-euros-pour-une-saucisse-grillee-le-prix-a-payer-pour-un-noel-reussi-en-allemagne","status":"publish","type":"post","link":"https:\/\/www.europesays.com\/fr\/617128\/","title":{"rendered":"\u201c6 euros pour une saucisse grill\u00e9e\u201d, le prix \u00e0 payer pour un No\u00ebl r\u00e9ussi en Allemagne"},"content":{"rendered":"\n<p>\u201cFaut voir les prix\u00a0!\u201d s\u2019exclame un internaute sur le r\u00e9seau social Bluesky, \u00e0 propos d\u2019un march\u00e9 de No\u00ebl. \u201cPas loin de 20\u00a0euros pour des r\u00f6stis pour trois personnes. Pour quelques patates r\u00e2p\u00e9es cuites dans de l\u2019huile bas de gamme\u201d, rench\u00e9rit un autre m\u00e9content. \u201cC\u2019est juste pas possible\u00a0!\u201d Mais les march\u00e9s de No\u00ebl sont-ils vraiment de plus en plus chers\u00a0?<\/p>\n<p>D\u2019apr\u00e8s un sondage non repr\u00e9sentatif men\u00e9 au sein de la r\u00e9daction du Spiegel, le constat est mitig\u00e9. Charlotte L\u00fcder, journaliste, raconte ainsi avoir poireaut\u00e9 vingt minutes devant un stand de pommes de terre sur un march\u00e9 de Calw (dans le Bade-Wurtemberg), pour finalement s\u2019entendre dire qu\u2019il ne restait plus que des chips. \u201cComme j\u2019\u00e9tais affam\u00e9e, \u00e0 force d\u2019attendre, j\u2019en ai quand m\u00eame achet\u00e9. Un petit bol pour 6\u00a0euros. C\u2019\u00e9taient les chips les plus ch\u00e8res et les plus navrantes que j\u2019aie jamais mang\u00e9es.\u201d<\/p>\n<p>Janko Tietz, directeur de l\u2019information, explique quant \u00e0 lui avoir d\u00e9bours\u00e9 5\u00a0euros sur un march\u00e9 pr\u00e8s de Hambourg pour une saucisse grill\u00e9e \u2013\u00a0sans accompagnement. Mais ce n\u2019est pas aussi cher partout\u00a0: Julia Koch, de la rubrique Sciences, se souvient de saucisses \u00e0 3,50\u00a0euros \u00e0 Korbach, dans le nord de la Hesse.<\/p>\n<p> Des tarifs vari\u00e9s <\/p>\n<p>Le cours du vin chaud semble tout aussi volatil. Sur les r\u00e9seaux sociaux, certains \u00e9voquent de<\/p>\n","protected":false},"excerpt":{"rendered":"\u201cFaut voir les prix\u00a0!\u201d s\u2019exclame un internaute sur le r\u00e9seau social Bluesky, \u00e0 propos d\u2019un march\u00e9 de No\u00ebl.&hellip;\n","protected":false},"author":2,"featured_media":617129,"comment_status":"","ping_status":"","sticky":false,"template":"","format":"standard","meta":{"footnotes":""},"categories":[1587],"tags":[11,672,1804,1805,1803,1777,674,1801,12,64981,1802,1857,2542],"class_list":{"0":"post-617128","1":"post","2":"type-post","3":"status-publish","4":"format-standard","5":"has-post-thumbnail","7":"category-allemagne","8":"tag-actualites","9":"tag-allemagne","10":"tag-bundesrepublik-deutschland","11":"tag-de","12":"tag-deutschland","13":"tag-eu","14":"tag-europe","15":"tag-germany","16":"tag-news","17":"tag-nou00ebl","18":"tag-republique-federale-dallemagne","19":"tag-sociu00e9tu00e9","20":"tag-u00e9conomie"},"share_on_mastodon":{"url":"https:\/\/pubeurope.com\/@fr\/115766896095203709","error":""},"_links":{"self":[{"href":"https:\/\/www.europesays.com\/fr\/wp-json\/wp\/v2\/posts\/617128","targetHints":{"allow":["GET"]}}],"collection":[{"href":"https:\/\/www.europesays.com\/fr\/wp-json\/wp\/v2\/posts"}],"about":[{"href":"https:\/\/www.europesays.com\/fr\/wp-json\/wp\/v2\/types\/post"}],"author":[{"embeddable":true,"href":"https:\/\/www.europesays.com\/fr\/wp-json\/wp\/v2\/users\/2"}],"replies":[{"embeddable":true,"href":"https:\/\/www.europesays.com\/fr\/wp-json\/wp\/v2\/comments?post=617128"}],"version-history":[{"count":0,"href":"https:\/\/www.europesays.com\/fr\/wp-json\/wp\/v2\/posts\/617128\/revisions"}],"wp:featuredmedia":[{"embeddable":true,"href":"https:\/\/www.europesays.com\/fr\/wp-json\/wp\/v2\/media\/617129"}],"wp:attachment":[{"href":"https:\/\/www.europesays.com\/fr\/wp-json\/wp\/v2\/media?parent=617128"}],"wp:term":[{"taxonomy":"category","embeddable":true,"href":"https:\/\/www.europesays.com\/fr\/wp-json\/wp\/v2\/categories?post=617128"},{"taxonomy":"post_tag","embeddable":true,"href":"https:\/\/www.europesays.com\/fr\/wp-json\/wp\/v2\/tags?post=617128"}],"curies":[{"name":"wp","href":"https:\/\/api.w.org\/{rel}","templated":true}]}}