{"id":617132,"date":"2025-12-23T04:04:14","date_gmt":"2025-12-23T04:04:14","guid":{"rendered":"https:\/\/www.europesays.com\/fr\/617132\/"},"modified":"2025-12-23T04:04:14","modified_gmt":"2025-12-23T04:04:14","slug":"financements-europeens-feu-vert-pour-la-participation-du-canada-au-nouvel-instrument-de-defense-safe","status":"publish","type":"post","link":"https:\/\/www.europesays.com\/fr\/617132\/","title":{"rendered":"Financements europ\u00e9ens : Feu vert pour la participation du Canada au nouvel instrument de d\u00e9fense \u00ab SAFE \u00bb\u00a0"},"content":{"rendered":"<p>Les \u00c9tats membres de l\u2019UE ont valid\u00e9 l\u2019entr\u00e9e du Canada dans le programme SAFE, le nouvel instrument europ\u00e9en d\u00e9di\u00e9 aux financement des investissements industriels de d\u00e9fense. Il s&rsquo;agit de la premi\u00e8re ouverture du dispositif \u00e0 un partenaire non europ\u00e9en. Le 19 d\u00e9cembre, les \u00c9tats membres de l\u2019Union europ\u00e9enne (UE) ont valid\u00e9 l\u2019accord bilat\u00e9ral autorisant la [\u2026]<\/p>\n","protected":false},"excerpt":{"rendered":"Les \u00c9tats membres de l\u2019UE ont valid\u00e9 l\u2019entr\u00e9e du Canada dans le programme SAFE, le nouvel instrument europ\u00e9en&hellip;\n","protected":false},"author":2,"featured_media":617133,"comment_status":"","ping_status":"","sticky":false,"template":"","format":"standard","meta":{"footnotes":""},"categories":[1586],"tags":[11,574,554,1777,674,1779,3531,1011,27,12,25,48209,1778,364],"class_list":{"0":"post-617132","1":"post","2":"type-post","3":"status-publish","4":"format-standard","5":"has-post-thumbnail","7":"category-europe","8":"tag-actualites","9":"tag-canada","10":"tag-defense","11":"tag-eu","12":"tag-europe","13":"tag-european-union","14":"tag-financement","15":"tag-fr","16":"tag-france","17":"tag-news","18":"tag-republique-francaise","19":"tag-safe","20":"tag-ue","21":"tag-union-europeenne"},"share_on_mastodon":{"url":"https:\/\/pubeurope.com\/@fr\/115766903791878245","error":""},"_links":{"self":[{"href":"https:\/\/www.europesays.com\/fr\/wp-json\/wp\/v2\/posts\/617132","targetHints":{"allow":["GET"]}}],"collection":[{"href":"https:\/\/www.europesays.com\/fr\/wp-json\/wp\/v2\/posts"}],"about":[{"href":"https:\/\/www.europesays.com\/fr\/wp-json\/wp\/v2\/types\/post"}],"author":[{"embeddable":true,"href":"https:\/\/www.europesays.com\/fr\/wp-json\/wp\/v2\/users\/2"}],"replies":[{"embeddable":true,"href":"https:\/\/www.europesays.com\/fr\/wp-json\/wp\/v2\/comments?post=617132"}],"version-history":[{"count":0,"href":"https:\/\/www.europesays.com\/fr\/wp-json\/wp\/v2\/posts\/617132\/revisions"}],"wp:featuredmedia":[{"embeddable":true,"href":"https:\/\/www.europesays.com\/fr\/wp-json\/wp\/v2\/media\/617133"}],"wp:attachment":[{"href":"https:\/\/www.europesays.com\/fr\/wp-json\/wp\/v2\/media?parent=617132"}],"wp:term":[{"taxonomy":"category","embeddable":true,"href":"https:\/\/www.europesays.com\/fr\/wp-json\/wp\/v2\/categories?post=617132"},{"taxonomy":"post_tag","embeddable":true,"href":"https:\/\/www.europesays.com\/fr\/wp-json\/wp\/v2\/tags?post=617132"}],"curies":[{"name":"wp","href":"https:\/\/api.w.org\/{rel}","templated":true}]}}