{"id":617163,"date":"2025-12-23T04:26:11","date_gmt":"2025-12-23T04:26:11","guid":{"rendered":"https:\/\/www.europesays.com\/fr\/617163\/"},"modified":"2025-12-23T04:26:11","modified_gmt":"2025-12-23T04:26:11","slug":"co-createur-du-jeu-video-call-of-duty-vince-zampella-est-mort-dans-un-accident-de-voiture","status":"publish","type":"post","link":"https:\/\/www.europesays.com\/fr\/617163\/","title":{"rendered":"Co-cr\u00e9ateur du jeu vid\u00e9o Call of Duty, Vince Zampella est mort dans un accident de voiture"},"content":{"rendered":"<p>                    Par<br \/>\n        <strong><br \/>\n            <a href=\"https:\/\/actu.fr\/auteur\/maxime-tsjoen\" title=\"Consulter tous les articles de Maxime T&#039;sjoen\" target=\"_blank\" rel=\"noopener\">Maxime T&rsquo;sjoen<\/a><br \/>\n                    <\/strong><\/p>\n<p>        Publi\u00e9 le<\/p>\n<p>            22 d\u00e9c. 2025 \u00e0 21h52<br \/>\n        ; mis \u00e0 jour le 22 d\u00e9c. 2025 \u00e0 22h15    <\/p>\n<p>Vince Zampella, co-cr\u00e9ateur de <strong>la c\u00e9l\u00e8bre s\u00e9rie de <a href=\"https:\/\/actu.fr\/tag\/jeux-video\" target=\"_blank\" rel=\"noopener\">jeux vid\u00e9o<\/a> \u00ab\u2009Call of Duty\u2009\u00bb est mort \u00e0 l\u2019\u00e2ge de 55\u00a0ans<\/strong>, annoncent plusieurs m\u00e9dias am\u00e9ricains ce lundi 22\u00a0d\u00e9cembre 2025.<\/p>\n<p class=\" wall-content\">L\u2019accident se serait d\u00e9roul\u00e9 ce dimanche apr\u00e8s-midi.<\/p>\n<p class=\" wall-content\">Il \u00e9tait directeur de Respawn Entertainment \u00e0 qui l\u2019on doit notamment le dernier Battlefield 6. C\u2019\u00e9tait lui qui avait fond\u00e9 Respawn Entertainment, un studio rachet\u00e9 par le g\u00e9ant du jeu vid\u00e9o EA en 2017. Ce studio a par ailleurs cr\u00e9\u00e9 les jeux \u00ab\u2009Titanfall\u2009\u00bb, \u00ab\u2009Titanfall 2\u2009\u00bb, \u00ab\u2009Apex Legends\u2009\u00bb et \u00ab\u2009STAR WARS Jedi\u2009: Fallen Order\u2009\u00bb.<\/p>\n<p class=\" wall-content\">Auparavant, il avait occup\u00e9 les fonctions de\u00a0PDG du studio de d\u00e9veloppement de jeux vid\u00e9o Infinity Ward, \u00e0 l\u2019origine de la franchise \u00ab\u2009Call of Duty\u2009\u00bb.<\/p>\n<p>Ce que l\u2019on sait des circonstances de l\u2019accident<\/p>\n<p class=\" wall-content\">Selon <a href=\"https:\/\/www.nbclosangeles.com\/news\/local\/video-game-developer-vince-zampella-crash-call-of-duty\/3819576\/?utm_medium=share&amp;_branch_referrer=H4sIAAAAAAAAA8soKSkottLXz0tKzskvTsxLT81JLdZLLCjQy8nMy9avTMq39M32KsuKSrKvK0pNSy0qysxLj08qyi8vTi2ydcsEiuVXAADMQ28FRQAAAA%3D%3D&amp;_branch_match_id=1531733479725395701#\" target=\"_blank\" rel=\"noopener\">NBC<\/a>, l\u2019accident<strong> n\u2019aurait impliqu\u00e9 qu\u2019un seul v\u00e9hicul<\/strong>e en tout d\u00e9but d\u2019apr\u00e8s-midi, ce dimanche au nord de Los Angeles. La voiture, une Ferrari, <strong>aurait quitt\u00e9 la route et percut\u00e9 une barri\u00e8re en b\u00e9ton<\/strong>. Un passager aurait \u00e9t\u00e9 \u00e9ject\u00e9 du v\u00e9hicule avant de d\u00e9c\u00e9der des suites de ses blessures \u00e0 l\u2019h\u00f4pital.<\/p>\n<p class=\" wall-content\">Le conducteur aurait \u00e9t\u00e9 pris au pi\u00e8ge dans l\u2019incendie de sa voiture et est mort sur les lieux de l\u2019accident.<\/p>\n<p class=\" wall-content\">N\u00e9anmoins, les circonstances pr\u00e9cises de l\u2019accident ne sont pas encore connues. Une vid\u00e9o circule sur les r\u00e9seaux sociaux, sans qu\u2019il soit possible de confirmer que ce soit l\u2019accident en question.<\/p>\n<p>Votre r\u00e9gion, votre actu !<\/p>\n<p>Recevez chaque jour les infos qui comptent pour vous.<\/p>\n<p>\t<a href=\"https:\/\/actu.fr\/newsletter\" class=\"ac-btn ac-btn--corner ac-btn--medium ac-btn--blue800\" target=\"_blank\" rel=\"noopener\">S&rsquo;incrire<\/a><br \/>\n\u00ab\u2009Je ne peux pas y croire\u2009\u00bb<\/p>\n<p class=\" wall-content\">Geoff Keighley, l\u2019organisateur de la c\u00e9r\u00e9monie des <a href=\"https:\/\/actu.fr\/loisirs-culture\/le-jeu-video-de-l-annee-est-francais-clair-obscur-expedition-33-rafle-tout-aux-game-awards_63566965.html\" target=\"_blank\" rel=\"noopener\">Game Awards<\/a>, a confirm\u00e9 l\u2019accident sur X.<\/p>\n<blockquote class=\"ac-article-quote wall-content\">\n<p>Je ne peux pas y croire: Vince Zampella, un titan dans l\u2019industrie du jeu vid\u00e9o, co-cr\u00e9ateur de Call of Duty et co-fondateur de Respawn Entertainement, mais aussi un v\u00e9ritable ami, est mort dans un accident de voiture dimanche \u00e0 Los Angeles.<\/p>\n<p>    <strong>Geoff Keighley<\/strong><br \/>\n        Organisateur de la c\u00e9r\u00e9monie des Game Awards    <\/p><\/blockquote>\n<p class=\" wall-content\">Vince Zampella, n\u00e9 le 1\u1d49\u02b3 octobre\u00a01970, aura marqu\u00e9 de son empreinte plusieurs g\u00e9n\u00e9rations de joueurs. Il est le cerveau derri\u00e8re l\u2019une des sagas les plus populaires du jeu vid\u00e9o\u2009: Call of Duty.<\/p>\n<p class=\" wall-content\">Avec son collaborateur Jason West, ils ont d\u00e9velopp\u00e9 Call of Duty 2, Call of Duty 4\u2009: Modern Warfare et Call of Duty\u2009: Modern Warfare 2. Des r\u00e9f\u00e9rences.<\/p>\n<p class=\" wall-content\">Si Vince Zampella a \u00e9t\u00e9 licenci\u00e9 en 2009 apr\u00e8s un diff\u00e9rend avec l\u2019\u00e9diteur du jeu, Activision, il r\u00e9cup\u00e9rera plusieurs dizaines de millions de dollars apr\u00e8s avoir port\u00e9 plainte contre l\u2019\u00e9diteur.<\/p>\n<p class=\" wall-content\">Touch\u00e9 mais loin d\u2019\u00eatre coul\u00e9, l\u2019Am\u00e9ricain fondera donc Respawn Entertainment, et sera \u00e0 la baguette de plusieurs jeux bien connus, jusqu\u2019au tout dernier Battlefield. Sur X, les internautes <strong>rendent hommage \u00e0 un g\u00e9ant du jeu vid\u00e9o.<\/strong><\/p>\n<p class=\" wall-content\">Personnalisez votre actualit\u00e9 en ajoutant vos villes et m\u00e9dias en favori avec <a href=\"https:\/\/moncompte.actu.fr\" title=\"D\u00e9couvez Mon Actu\" rel=\"nofollow noopener\" data-trk=\"{&quot;cta&quot;:{&quot;action&quot;:&quot;https:\\\/\\\/moncompte.actu.fr&quot;,&quot;category&quot;:&quot;mon compte&quot;,&quot;from&quot;:&quot;article footer&quot;,&quot;name&quot;:&quot;Mon actu&quot;,&quot;type&quot;:&quot;cta&quot;}}\" target=\"_blank\">Mon Actu<\/a>.<\/p>\n","protected":false},"excerpt":{"rendered":"Par Maxime T&rsquo;sjoen Publi\u00e9 le 22 d\u00e9c. 2025 \u00e0 21h52 ; mis \u00e0 jour le 22 d\u00e9c. 2025&hellip;\n","protected":false},"author":2,"featured_media":617164,"comment_status":"","ping_status":"","sticky":false,"template":"","format":"standard","meta":{"footnotes":""},"categories":[7],"tags":[1011,27,1036,1652,1391,43,40,41,39,42,44],"class_list":{"0":"post-617163","1":"post","2":"type-post","3":"status-publish","4":"format-standard","5":"has-post-thumbnail","7":"category-sciences-et-technologies","8":"tag-fr","9":"tag-france","10":"tag-jeux-video","11":"tag-loisirs-culture","12":"tag-necrologie","13":"tag-science","14":"tag-science-and-technology","15":"tag-sciences","16":"tag-sciences-et-technologies","17":"tag-technologies","18":"tag-technology"},"share_on_mastodon":{"url":"https:\/\/pubeurope.com\/@fr\/115766990226150442","error":""},"_links":{"self":[{"href":"https:\/\/www.europesays.com\/fr\/wp-json\/wp\/v2\/posts\/617163","targetHints":{"allow":["GET"]}}],"collection":[{"href":"https:\/\/www.europesays.com\/fr\/wp-json\/wp\/v2\/posts"}],"about":[{"href":"https:\/\/www.europesays.com\/fr\/wp-json\/wp\/v2\/types\/post"}],"author":[{"embeddable":true,"href":"https:\/\/www.europesays.com\/fr\/wp-json\/wp\/v2\/users\/2"}],"replies":[{"embeddable":true,"href":"https:\/\/www.europesays.com\/fr\/wp-json\/wp\/v2\/comments?post=617163"}],"version-history":[{"count":0,"href":"https:\/\/www.europesays.com\/fr\/wp-json\/wp\/v2\/posts\/617163\/revisions"}],"wp:featuredmedia":[{"embeddable":true,"href":"https:\/\/www.europesays.com\/fr\/wp-json\/wp\/v2\/media\/617164"}],"wp:attachment":[{"href":"https:\/\/www.europesays.com\/fr\/wp-json\/wp\/v2\/media?parent=617163"}],"wp:term":[{"taxonomy":"category","embeddable":true,"href":"https:\/\/www.europesays.com\/fr\/wp-json\/wp\/v2\/categories?post=617163"},{"taxonomy":"post_tag","embeddable":true,"href":"https:\/\/www.europesays.com\/fr\/wp-json\/wp\/v2\/tags?post=617163"}],"curies":[{"name":"wp","href":"https:\/\/api.w.org\/{rel}","templated":true}]}}