{"id":617169,"date":"2025-12-23T04:29:16","date_gmt":"2025-12-23T04:29:16","guid":{"rendered":"https:\/\/www.europesays.com\/fr\/617169\/"},"modified":"2025-12-23T04:29:16","modified_gmt":"2025-12-23T04:29:16","slug":"bachelot-dement-tout-montage-et-egratigne-bardella-apres-la-sequence-de-quelle-epoque","status":"publish","type":"post","link":"https:\/\/www.europesays.com\/fr\/617169\/","title":{"rendered":"Bachelot d\u00e9ment tout montage et \u00e9gratigne Bardella apr\u00e8s la s\u00e9quence de \u00ab\u00a0Quelle \u00c9poque\u00a0\u00bb"},"content":{"rendered":"<p>        <img decoding=\"async\" loading=\"lazy\" src=\"https:\/\/www.europesays.com\/fr\/wp-content\/uploads\/2025\/12\/27cd5c4_upload-1-4po8nupbrsb2-quelleepoque.png\"  width=\"728\" height=\"409\" alt=\"Jordan Bardella et Roselyne Bachelot sur le plateau de Quelle Epoque le 13\u00a0d\u00e9cembre\"\/>   <\/p>\n<p>Jordan Bardella et Roselyne Bachelot sur le plateau de Quelle Epoque le 13\u00a0d\u00e9cembre<\/p>\n<p>      <strong>EN BREF<\/strong> <strong>\u2022 <\/strong>En r\u00e9ponse aux moqueries suscit\u00e9es par son passage dans l\u2019\u00e9mission \u00ab\u00a0Quelle \u00e9poque\u00a0\u00bb, Jordan Bardella a sous-entendu que la s\u00e9quence a \u00e9t\u00e9 biais\u00e9e.<br \/><strong>\u2022 <\/strong>Faux, r\u00e9pond Roselyne Bachelot, pr\u00e9sente \u00e0 ses c\u00f4t\u00e9s sur le plateau de France 2, quelques jours plus tard.<br \/><strong>\u2022 <\/strong>L\u2019ancienne ministre a profit\u00e9 d\u2019un nouveau passage m\u00e9diatique pour critiquer l\u2019attitude de Bardella envers Trump, questionnant son soutien \u00e0 un adversaire de l\u2019Europe.                         <\/p>\n<p class=\"asset asset-text\">Non, la production de Quelle \u00c9poque n\u2019a pas mis toute son \u00e9nergie \u00e0 monter <a href=\"https:\/\/www.huffingtonpost.fr\/politique\/article\/ce-defaut-de-repartie-de-jordan-bardella-face-a-lea-salame-sur-france-2-n-est-pas-passe-inapercu_258254.html\" target=\"_blank\" rel=\"noopener\">les images en d\u00e9faveur de Jordan Bardella<\/a>. Son interlocutrice sur le plateau de France 2, l\u2019ancienne ministre Roselyne Bachelot l\u2019a confirm\u00e9, mettant \u00e0 mal la d\u00e9fense du pr\u00e9sident du Rassemblement national, sans oublier de lui adresser de nouvelles piques au passage.<\/p>\n<p class=\"asset asset-text\">Petit rembobinage\u00a0: le 13\u00a0d\u00e9cembre, Jordan Bardella est invit\u00e9 dans l\u2019\u00e9mission hebdomadaire de L\u00e9a Salam\u00e9 sur France 2. Comme le veut le programme, il doit se plier \u00e0 la fin au \u00ab\u00a0Grand Photocall\u00a0\u00bb, concept o\u00f9 les invit\u00e9s doivent poser une question \u00e0 une personnalit\u00e9 qui leur est montr\u00e9e \u00e0 l\u2019\u00e9cran. Jordan Bardella h\u00e9rite de Nicolas Sarkozy. \u00ab\u00a0O\u00f9 est-ce qu\u2019il trouve toute cette \u00e9nergie\u00a0?\u00a0\u00bb, demande-t-il. Avant de poser la m\u00eame question quelques minutes plus tard face \u00e0 Donald Trump. Un manque de repartie qui a fait de lui la ris\u00e9e du plateau, o\u00f9 se trouvait notamment Roselyne Bachelot, ainsi que des r\u00e9seaux sociaux et de ses adversaires politiques.<\/p>\n<p class=\"asset asset-text\">Quelques jours plus tard, sur le plateau de LCI cette fois, Jordan Bardella a bien tent\u00e9 de se d\u00e9fendre. Vilipendant le service public, il a d\u00e9nonc\u00e9 des \u00ab\u00a0r\u00e8gles plus dures pour (lui) qu\u2019elles ne le sont pour les autres\u00a0\u00bb, en raison notamment de sa place de num\u00e9ro\u00a01\u00a0dans les sondages pour la pr\u00e9sidentielle 2027. Avant de sous entendre que la s\u00e9quence diffus\u00e9e n\u2019\u00e9tait pas le reflet de la r\u00e9alit\u00e9\u00a0: \u00ab\u00a0Vous voyez bien \u00e0 quel point la p\u00e9riode est malhonn\u00eate. Vous voyez bien \u00e0 quel point, avec un montage, on peut faire dire tout et n\u2019importe quoi \u00e0 quelqu\u2019un\u00a0\u00bb, a-t-il avanc\u00e9.<\/p>\n<p>                     \u00ab\u00a0C\u2019est exactement ce qui s\u2019est pass\u00e9 sur le plateau\u00a0\u00bb    <\/p>\n<p class=\"asset asset-text\">Faux et archi faux, lui r\u00e9torque Roselyne Bachelot. Toujours amus\u00e9e de la s\u00e9quence, l\u2019ancienne ministre raconte le 20\u00a0d\u00e9cembre sur franceinfo\u00a0: \u00ab\u00a0On montre \u00e0 Jordan Bardella la photo de Donald Trump et il a un regard tellement \u00e9namour\u00e9, extatique devant ce pr\u00e9sident qui s\u2019allie avec le pire ennemi de l\u2019Europe, Poutine\u00a0\u00bb qu\u2019elle ne r\u00e9siste pas \u00e0 le reprendre de vol\u00e9e. \u00c0 d\u00e9faut de pouvoir \u00ab\u00a0faire un discours\u00a0\u00bb, elle choisit donc \u00ab\u00a0la d\u00e9rision\u00a0\u00bb. Mais elle est cat\u00e9gorique\u00a0: \u00ab\u00a0Ce qu\u2019on a vu \u00e0 la t\u00e9l\u00e9, c\u2019est exactement ce qui s\u2019est pass\u00e9 sur le plateau. Il n\u2019y a absolument aucun probl\u00e8me de montage.\u00a0\u00bb<\/p>\n<p class=\"asset asset-text\">Et alors qu\u2019elle aussi est invit\u00e9e \u00e0 se pr\u00eater au jeu du \u00ab\u00a0Grand Photocall\u00a0\u00bb sur franceinfo et face, \u00e9videmment, \u00e0 une photo de Bardella, l\u2019ancienne ministre l\u2019interroge\u00a0: \u00ab\u00a0Comment pouvez-vous vous comporter comme un soutien de Donald Trump alors qu\u2019un vrai Fran\u00e7ais doit le combattre\u00a0?\u00a0\u00bb Le pr\u00e9sident du RN, qui se pr\u00e9sente avec son parti comme le seul d\u00e9fenseur des Fran\u00e7ais, trouvera-t-il l\u2019\u00e9nergie de lui r\u00e9pondre\u00a0?<\/p>\n","protected":false},"excerpt":{"rendered":"Jordan Bardella et Roselyne Bachelot sur le plateau de Quelle Epoque le 13\u00a0d\u00e9cembre EN BREF \u2022 En r\u00e9ponse&hellip;\n","protected":false},"author":2,"featured_media":617170,"comment_status":"","ping_status":"","sticky":false,"template":"","format":"standard","meta":{"footnotes":""},"categories":[4],"tags":[11,1011,27,1077,500,12,316,25,58236],"class_list":{"0":"post-617169","1":"post","2":"type-post","3":"status-publish","4":"format-standard","5":"has-post-thumbnail","7":"category-france","8":"tag-actualites","9":"tag-fr","10":"tag-france","11":"tag-jordan-bardella","12":"tag-medias","13":"tag-news","14":"tag-politique","15":"tag-republique-francaise","16":"tag-roselyne-bachelot"},"share_on_mastodon":{"url":"https:\/\/pubeurope.com\/@fr\/115767002947770618","error":""},"_links":{"self":[{"href":"https:\/\/www.europesays.com\/fr\/wp-json\/wp\/v2\/posts\/617169","targetHints":{"allow":["GET"]}}],"collection":[{"href":"https:\/\/www.europesays.com\/fr\/wp-json\/wp\/v2\/posts"}],"about":[{"href":"https:\/\/www.europesays.com\/fr\/wp-json\/wp\/v2\/types\/post"}],"author":[{"embeddable":true,"href":"https:\/\/www.europesays.com\/fr\/wp-json\/wp\/v2\/users\/2"}],"replies":[{"embeddable":true,"href":"https:\/\/www.europesays.com\/fr\/wp-json\/wp\/v2\/comments?post=617169"}],"version-history":[{"count":0,"href":"https:\/\/www.europesays.com\/fr\/wp-json\/wp\/v2\/posts\/617169\/revisions"}],"wp:featuredmedia":[{"embeddable":true,"href":"https:\/\/www.europesays.com\/fr\/wp-json\/wp\/v2\/media\/617170"}],"wp:attachment":[{"href":"https:\/\/www.europesays.com\/fr\/wp-json\/wp\/v2\/media?parent=617169"}],"wp:term":[{"taxonomy":"category","embeddable":true,"href":"https:\/\/www.europesays.com\/fr\/wp-json\/wp\/v2\/categories?post=617169"},{"taxonomy":"post_tag","embeddable":true,"href":"https:\/\/www.europesays.com\/fr\/wp-json\/wp\/v2\/tags?post=617169"}],"curies":[{"name":"wp","href":"https:\/\/api.w.org\/{rel}","templated":true}]}}