{"id":617180,"date":"2025-12-23T04:43:19","date_gmt":"2025-12-23T04:43:19","guid":{"rendered":"https:\/\/www.europesays.com\/fr\/617180\/"},"modified":"2025-12-23T04:43:19","modified_gmt":"2025-12-23T04:43:19","slug":"les-pionniers-defieront-rouen-en-1-2-finale-de-coupe-de-france","status":"publish","type":"post","link":"https:\/\/www.europesays.com\/fr\/617180\/","title":{"rendered":"Les Pionniers d\u00e9fieront Rouen en 1\/2 finale de coupe de France"},"content":{"rendered":"<p itemprop=\"description\"><strong>Le 6 ou 7 janvier 2026, les Hauts-Savoyards iront en Normandie pour aller chercher leur place en finale.<\/strong><\/p>\n<p>C&rsquo;est un match difficile qui attend les Pionniers de Chamonix.\u00a0<br \/>Lors du tirage au sort r\u00e9alis\u00e9 lundi 22 d\u00e9cembre, ils sont tomb\u00e9s sur Rouen.\u00a0<br \/>Une rencontre qu&rsquo;ils doivent disputer \u00e0 l&rsquo;ext\u00e9rieur.\u00a0<br \/>En cas de succ\u00e8s, ils d\u00e9fieront Grenoble ou Caen en finale.<\/p>\n","protected":false},"excerpt":{"rendered":"Le 6 ou 7 janvier 2026, les Hauts-Savoyards iront en Normandie pour aller chercher leur place en finale.&hellip;\n","protected":false},"author":2,"featured_media":617181,"comment_status":"","ping_status":"","sticky":false,"template":"","format":"standard","meta":{"footnotes":""},"categories":[9587],"tags":[1111,72765,72764,11,72767,3853,650,7734,2889,2263,1777,674,1011,27,10868,72762,4638,72766,1922,6417,1114,4662,19081,72763,12,5161,378,3725,1825,72770,72768,72771,72769,25,9590,5508,3067],"class_list":{"0":"post-617180","1":"post","2":"type-post","3":"status-publish","4":"format-standard","5":"has-post-thumbnail","7":"category-rouen","8":"tag-actu","9":"tag-actu-leman","10":"tag-actu-suisse","11":"tag-actualites","12":"tag-adio-savoie","13":"tag-annecy","14":"tag-cinema","15":"tag-ecoute","16":"tag-emission","17":"tag-equipe","18":"tag-eu","19":"tag-europe","20":"tag-fr","21":"tag-france","22":"tag-geneve","23":"tag-genevois","24":"tag-haute-savoie","25":"tag-haute-savoie-actu","26":"tag-info","27":"tag-information","28":"tag-infos","29":"tag-journal","30":"tag-laradioplus","31":"tag-leman","32":"tag-news","33":"tag-normandie","34":"tag-plus","35":"tag-podcast","36":"tag-radio","37":"tag-radio-annemasse","38":"tag-radio-leman","39":"tag-radio-locale-savoie","40":"tag-radio-thonon","41":"tag-republique-francaise","42":"tag-rouen","43":"tag-savoie","44":"tag-suisse"},"share_on_mastodon":{"url":"https:\/\/pubeurope.com\/@fr\/115767056982468563","error":""},"_links":{"self":[{"href":"https:\/\/www.europesays.com\/fr\/wp-json\/wp\/v2\/posts\/617180","targetHints":{"allow":["GET"]}}],"collection":[{"href":"https:\/\/www.europesays.com\/fr\/wp-json\/wp\/v2\/posts"}],"about":[{"href":"https:\/\/www.europesays.com\/fr\/wp-json\/wp\/v2\/types\/post"}],"author":[{"embeddable":true,"href":"https:\/\/www.europesays.com\/fr\/wp-json\/wp\/v2\/users\/2"}],"replies":[{"embeddable":true,"href":"https:\/\/www.europesays.com\/fr\/wp-json\/wp\/v2\/comments?post=617180"}],"version-history":[{"count":0,"href":"https:\/\/www.europesays.com\/fr\/wp-json\/wp\/v2\/posts\/617180\/revisions"}],"wp:featuredmedia":[{"embeddable":true,"href":"https:\/\/www.europesays.com\/fr\/wp-json\/wp\/v2\/media\/617181"}],"wp:attachment":[{"href":"https:\/\/www.europesays.com\/fr\/wp-json\/wp\/v2\/media?parent=617180"}],"wp:term":[{"taxonomy":"category","embeddable":true,"href":"https:\/\/www.europesays.com\/fr\/wp-json\/wp\/v2\/categories?post=617180"},{"taxonomy":"post_tag","embeddable":true,"href":"https:\/\/www.europesays.com\/fr\/wp-json\/wp\/v2\/tags?post=617180"}],"curies":[{"name":"wp","href":"https:\/\/api.w.org\/{rel}","templated":true}]}}