{"id":617184,"date":"2025-12-23T04:47:57","date_gmt":"2025-12-23T04:47:57","guid":{"rendered":"https:\/\/www.europesays.com\/fr\/617184\/"},"modified":"2025-12-23T04:47:57","modified_gmt":"2025-12-23T04:47:57","slug":"rennes-assure-le-havre-prend-la-porte","status":"publish","type":"post","link":"https:\/\/www.europesays.com\/fr\/617184\/","title":{"rendered":"Rennes assure, Le Havre prend la porte"},"content":{"rendered":"<p><b>32es de finale de la Coupe de France <\/b><\/p>\n<p>Bassin d\u2019Arcachon &#8211; Hauts Lyonnais : 0-1<\/p>\n<p>LPF 43 Auvergne &#8211; Bordeaux : 1-0<\/p>\n<p>Orl\u00e9ans &#8211; Dieppe : 3-0<\/p>\n<p>Le Havre &#8211; Amiens : 0-2<\/p>\n<p>Montreuil &#8211; Chauvigny : 2-1<\/p>\n<p>Rennes &#8211; Les Sables : 3-0<\/p>\n<p><b>Ce dimanche en 32es de finale de la Coupe de France, le Stade Rennais a fait le boulot face \u00e0 la modeste \u00e9quipe de National 3, Les Sables Vend\u00e9e Football. Les Bretons se seront un peu compliqu\u00e9s la t\u00e2che. <\/b><\/p>\n<p>Le <a href=\"https:\/\/www.foot01.com\/mercato\/rennes-part-au-combat-contre-chelsea\" target=\"_self\" rel=\"noopener\">Stade Rennais<\/a> verra les 16es de finale de la Coupe de France suite \u00e0 son succ\u00e8s au Roazhon Park ce dimanche face \u00e0 Les Sables Vend\u00e9e Football. Les amateurs auront vendu ch\u00e8rement leur peau puisqu\u2019il aura fallu attendre la 69e minute pour voir les Bretons ouvrir le score par Breel Embolo. Un Embolo en forme qui doublera la mise \u00e0 la 80e minute. Enfin Quentin Merlin participera \u00e0 la f\u00eate avec un nouveau but \u00e0 la 84e minute.<\/p>\n<p>Dans les autres rencontres du jour, \u00e0 noter la nette victoire d\u2019Orl\u00e9ans sur sa pelouse face \u00e0 Dieppe mais surtout l\u2019\u00e9limination d\u2019une \u00e9quipe de Ligue 1, Le Havre, face \u00e0 Amiens. Un \u00e9norme coup d\u2019arr\u00eat pour les hommes de Didier Digard, pass\u00e9s totalement \u00e0 c\u00f4t\u00e9 de leur match.<\/p>\n<p>Enfin, les Girondins de Bordeaux ont pris la porte apr\u00e8s leur revers contre Le Puy Auvergne en toute fin de rencontre, tout comme un Bassin d&rsquo;Arcachon climatis\u00e9 par Hauts Lyonnais \u00e0 la 90e+1. Montreuil aura aussi sorti Chauvigny \u00e0 domicile dans un match marqu\u00e9 par de nombreux arr\u00eats de jeu (2-1). C&rsquo;est la deuxi\u00e8me \u00e9quipe de R1 qualifi\u00e9e pour les 16e de finale apr\u00e8s Bayeux en Normandie. \u00a0<\/p>\n","protected":false},"excerpt":{"rendered":"32es de finale de la Coupe de France Bassin d\u2019Arcachon &#8211; Hauts Lyonnais : 0-1 LPF 43 Auvergne&hellip;\n","protected":false},"author":2,"featured_media":617185,"comment_status":"","ping_status":"","sticky":false,"template":"","format":"standard","meta":{"footnotes":""},"categories":[2821],"tags":[1111,11,8936,829,83,1777,674,1011,27,12,584,25],"class_list":{"0":"post-617184","1":"post","2":"type-post","3":"status-publish","4":"format-standard","5":"has-post-thumbnail","7":"category-rennes","8":"tag-actu","9":"tag-actualites","10":"tag-breaking-news","11":"tag-bretagne","12":"tag-coupe-de-france","13":"tag-eu","14":"tag-europe","15":"tag-fr","16":"tag-france","17":"tag-news","18":"tag-rennes","19":"tag-republique-francaise"},"share_on_mastodon":{"url":"https:\/\/pubeurope.com\/@fr\/115767076643628930","error":""},"_links":{"self":[{"href":"https:\/\/www.europesays.com\/fr\/wp-json\/wp\/v2\/posts\/617184","targetHints":{"allow":["GET"]}}],"collection":[{"href":"https:\/\/www.europesays.com\/fr\/wp-json\/wp\/v2\/posts"}],"about":[{"href":"https:\/\/www.europesays.com\/fr\/wp-json\/wp\/v2\/types\/post"}],"author":[{"embeddable":true,"href":"https:\/\/www.europesays.com\/fr\/wp-json\/wp\/v2\/users\/2"}],"replies":[{"embeddable":true,"href":"https:\/\/www.europesays.com\/fr\/wp-json\/wp\/v2\/comments?post=617184"}],"version-history":[{"count":0,"href":"https:\/\/www.europesays.com\/fr\/wp-json\/wp\/v2\/posts\/617184\/revisions"}],"wp:featuredmedia":[{"embeddable":true,"href":"https:\/\/www.europesays.com\/fr\/wp-json\/wp\/v2\/media\/617185"}],"wp:attachment":[{"href":"https:\/\/www.europesays.com\/fr\/wp-json\/wp\/v2\/media?parent=617184"}],"wp:term":[{"taxonomy":"category","embeddable":true,"href":"https:\/\/www.europesays.com\/fr\/wp-json\/wp\/v2\/categories?post=617184"},{"taxonomy":"post_tag","embeddable":true,"href":"https:\/\/www.europesays.com\/fr\/wp-json\/wp\/v2\/tags?post=617184"}],"curies":[{"name":"wp","href":"https:\/\/api.w.org\/{rel}","templated":true}]}}