{"id":617190,"date":"2025-12-23T04:51:30","date_gmt":"2025-12-23T04:51:30","guid":{"rendered":"https:\/\/www.europesays.com\/fr\/617190\/"},"modified":"2025-12-23T04:51:30","modified_gmt":"2025-12-23T04:51:30","slug":"ces-3-eglises-emblematiques-que-vous-connaissez-forcement-sans-toujours-tout-savoir-de-leur-etonnante-histoire","status":"publish","type":"post","link":"https:\/\/www.europesays.com\/fr\/617190\/","title":{"rendered":"ces 3 \u00e9glises embl\u00e9matiques que vous connaissez forc\u00e9ment\u2026 sans toujours tout savoir de leur \u00e9tonnante histoire !"},"content":{"rendered":"<p><strong>Particuli\u00e8rement riche, le patrimoine religieux de Nice rec\u00e8le de nombreux monuments, comme ces trois \u00e9glises renomm\u00e9es, dont l\u2019histoire n\u2019est pas toujours bien connue de tous. Quelques curiosit\u00e9s \u00e0\u00a0retenir\u2026<\/strong><\/p>\n<p>Les tr\u00e9sors de l\u2019\u00e9glise Sainte-Jeanne d\u2019Arc<\/p>\n<blockquote class=\"instagram-media\" data-instgrm-permalink=\"https:\/\/www.instagram.com\/p\/CuObgRHt5aF\/?utm_source=ig_embed&amp;utm_campaign=loading\" data-instgrm-version=\"14\" style=\" background:#FFF; border:0; border-radius:3px; box-shadow:0 0 1px 0 rgba(0,0,0,0.5),0 1px 10px 0 rgba(0,0,0,0.15); margin: 1px; max-width:540px; min-width:326px; padding:0; width:99.375%; width:-webkit-calc(100% - 2px); width:calc(100% - 2px);\"\/>\n<p>Au rang des b\u00e2timents les plus surprenants de la capitale azur\u00e9enne, cet \u00e9difice fait tourner les t\u00eates gr\u00e2ce \u00e0\u00a0son architecture originale. \u00c0\u00a0la fois captivante et intrigante, <a href=\"https:\/\/nicepresse.com\/domes-fresques-jeanne-darc-leglise-la-plus-etonnante-de-nice\/\" data-wpel-link=\"internal\" target=\"_blank\" rel=\"noopener\">l\u2019\u00e9glise Sainte-Jeanne<\/a> d\u2019Arc ne peut qu\u2019\u00e9tonner par son aspect rappelant un m\u00e9lange entre une mosqu\u00e9e et une\u00a0fus\u00e9e.\u00a0\u00c0\u00a0son sommet, le clocher se dresse dans le ciel, tel un cierge point\u00e9 vers les nuages. Toujours \u00e0\u00a0l\u2019ext\u00e9rieur, son porche en ellipse a\u00a0fait parler\u2026<\/p>\n<p><a href=\"https:\/\/espacelympia.departement06.fr\/agenda\/brigitte-mylene-et-michele-les-petites-cheries-de-la-cote-dazur\" data-wpel-link=\"external\" target=\"_blank\" rel=\"external noopener noreferrer\"><img loading=\"lazy\" decoding=\"async\" width=\"300\" height=\"300\" src=\"https:\/\/www.europesays.com\/fr\/wp-content\/uploads\/2025\/12\/APWeb_LPC_300x300_YB_300-x-300.jpg\" alt=\"\" class=\"wp-image-262664\"\/><\/a><\/p>\n<p>Construite entre 1926 et 1933, elle a\u00a0n\u00e9anmoins vu son am\u00e9nagement officiellement commencer en 1914, avec les fondations et une crypte. Tout fut mis en pause au cours de la premi\u00e8re guerre mondiale. Son architecte, Jacques Droz, opte pour du b\u00e9ton arm\u00e9, d\u2019o\u00f9 son aspect un brin futuriste.\u00a0<\/p>\n<p>Celle qui est surnomm\u00e9e \u00ab\u00a0La Meringue\u00a0\u00bb pour son design et la blancheur pass\u00e9e de ses fa\u00e7ades (elles ne le sont plus tellement de nos jours\u2026), abrite de sublimes fresques de l\u2019artiste russe Eug\u00e8ne Klementief. Class\u00e9e monument historique depuis 1992, elle garde en son sein de remarquables tr\u00e9sors.\u00a0<\/p>\n<p>Dans son entresol se d\u00e9voile le Centre d\u2019art sacr\u00e9, qui contient de nombreux objets, ouvrages et tenues traditionnelles. Un v\u00e9ritable mus\u00e9e que nous vous pr\u00e9sentions <a href=\"https:\/\/nicepresse.com\/nice-saviez-vous-que-leglise-sainte-jeanne-darc-renferme-de-nombreux-tresors\/?utm_source=chatgpt.com\" data-wpel-link=\"internal\" target=\"_blank\" rel=\"noopener\">dans ce reportage\u2026<\/a><\/p>\n<p>Saint S\u00e9pulcre r\u00e8gne (secr\u00e8tement ?) sur la place Garibaldi<\/p>\n<p><img loading=\"lazy\" decoding=\"async\" width=\"1112\" height=\"630\" src=\"https:\/\/www.europesays.com\/fr\/wp-content\/uploads\/2025\/12\/Capture-decran-2025-01-15-a-11.36.51-1112x630.jpg\" alt=\"Capture decran 2025 01 15 a 11.36.51\" class=\"wp-image-218925\" title=\"Anecdotes \u00e0 Nice : ces 3 \u00e9glises embl\u00e9matiques que vous connaissez forc\u00e9ment\u2026 sans toujours tout savoir de leur \u00e9tonnante histoire ! 1\"  \/>[\u00a9 Nice-Presse]<\/p>\n<p>Li\u00e9e \u00e0\u00a0jamais \u00e0\u00a0la place Garibaldi,  les deux sites ayant \u00e9t\u00e9 imagin\u00e9s simultan\u00e9ment, en 1782, la <a href=\"https:\/\/nicepresse.com\/nice-la-sublime-chapelle-de-la-place-garibaldi-rouvrira-dans-quelques-jours-on-vous-la-fait-visiter-apres-4-ans-de-chantier\/\" data-wpel-link=\"internal\" target=\"_blank\" rel=\"noopener\">chapelle du Saint-S\u00e9pulcre<\/a> est un des bijoux architecturaux de la localit\u00e9. \u00c0\u00a0cette \u00e9poque, \u00e0\u00a0la fin du XVIIIe si\u00e8cle, les rois du Pi\u00e9mont cherchent \u00e0\u00a0\u00e9taler leur puissance avec ce chantier d\u2019ampleur. Il faut d\u2019ailleurs savoir que sa porte est le \u00ab\u00a0point z\u00e9ro\u00a0\u00bb de la route de\u00a0Turin.<\/p>\n<p>Rattach\u00e9 aux P\u00e9nitents bleus, l\u2019\u00e9difice sera cependant saccag\u00e9 au cours de la R\u00e9volution fran\u00e7aise quelques ann\u00e9es plus tard. Il a\u00a0alors fallu mener une nouvelle phase de d\u00e9coration dans les ann\u00e9es 1814-1820. Le site est singulier, puisque pour entrer \u00e0\u00a0l\u2019int\u00e9rieur, il faut monter un escalier, comme si l\u2019on rejoignait un appartement. Depuis la place, on ne devine pas forc\u00e9ment son existence.<\/p>\n<p>Inscrite au titre des monuments historiques en 2000, la b\u00e2tisse se d\u00e9grade progressivement. Une r\u00e9fection de la toiture et une restauration de l\u2019ext\u00e9rieur sont lanc\u00e9es en\u00a02010.\u00a0En mai 2020, c\u2019est l\u2019int\u00e9rieur qui se refait une beaut\u00e9. Des travaux longs de quatre ans, la chapelle ayant rouvert en janvier 2025.\u00a0<\/p>\n<p><a href=\"https:\/\/www.nice.fr\/noel-a-nice\/\" data-wpel-link=\"external\" target=\"_blank\" rel=\"external noopener noreferrer\"><img loading=\"lazy\" decoding=\"async\" width=\"300\" height=\"300\" src=\"https:\/\/www.europesays.com\/fr\/wp-content\/uploads\/2025\/11\/NoelNice_Coeur-Article-NicePresse-300x300-2.png\" alt=\"\" class=\"wp-image-260426\"\/><\/a><\/p>\n<p>La basilique Notre-Dame, un monument sans pareil \u00e0\u00a0Nice<\/p>\n<blockquote class=\"instagram-media\" data-instgrm-permalink=\"https:\/\/www.instagram.com\/p\/BGT8dVsAqaN\/?utm_source=ig_embed&amp;utm_campaign=loading\" data-instgrm-version=\"14\" style=\" background:#FFF; border:0; border-radius:3px; box-shadow:0 0 1px 0 rgba(0,0,0,0.5),0 1px 10px 0 rgba(0,0,0,0.15); margin: 1px; max-width:540px; min-width:326px; padding:0; width:99.375%; width:-webkit-calc(100% - 2px); width:calc(100% - 2px);\"\/>\n<p>Comptant parmi les lieux sacr\u00e9s les plus c\u00e9l\u00e8bres de la ville, la <a href=\"https:\/\/nicepresse.com\/enfoncee-dans-le-sol-cette-splendide-basilique-de-nice-ne-devait-pas-tout-a-fait-ressembler-a-ca-les-anecdotes-meconnues-de-notre-dame\/?utm_source=chatgpt.com\" data-wpel-link=\"internal\" target=\"_blank\" rel=\"noopener\">basilique Notre-Dame-de-l\u2019Assomption<\/a> est au centre de bien des anecdotes, parfois m\u00e9connues, derri\u00e8re sa fa\u00e7ade n\u00e9ogothique.\u00a0<\/p>\n<p>Sa conception fut chaotique. L\u2019\u00e9dification d\u00e9marre en 1864, apr\u00e8s l\u2019annexion \u00e0\u00a0la France. L\u2019id\u00e9e est donc de conf\u00e9rer \u00e0\u00a0la commune une allure plus \u00ab\u00a0fran\u00e7aise\u00a0\u00bb. L\u2019architecte Charles Lenormand s\u2019inspire ouvertement des grandes cath\u00e9drales gothiques nationales, notamment celles de Paris et d\u2019Angers. <\/p>\n<p>Mais les fondations sont mal r\u00e9alis\u00e9es. R\u00e9sultat, l\u2019ensemble s\u2019enfonce l\u00e9g\u00e8rement, et les fl\u00e8ches attendues sur les tours n\u2019ont jamais pu \u00eatre ajout\u00e9es. Pas de clocher au sommet, des cloches install\u00e9es plus bas que\u00a0pr\u00e9vu.\u00a0<\/p>\n<p>Depuis cinq ans, elle est tristement devenue un lieu m\u00e9moire. C\u2019est ici que l\u2019horreur a\u00a0frapp\u00e9 avec l\u2019attentat islamiste du 29 octobre 2020. Quelques jours plus tard, une messe sp\u00e9ciale y\u00a0est c\u00e9l\u00e9br\u00e9e, et l\u2019\u00e9glise devient un lieu de recueillement collectif, honorant les trois victimes.<\/p>\n<p>\t<script async src=\"\/\/www.instagram.com\/embed.js\"><\/script><\/p>\n","protected":false},"excerpt":{"rendered":"Particuli\u00e8rement riche, le patrimoine religieux de Nice rec\u00e8le de nombreux monuments, comme ces trois \u00e9glises renomm\u00e9es, dont l\u2019histoire&hellip;\n","protected":false},"author":2,"featured_media":617191,"comment_status":"","ping_status":"","sticky":false,"template":"","format":"standard","meta":{"footnotes":""},"categories":[2819],"tags":[1111,11,1777,674,1011,27,12,2401,882,25],"class_list":{"0":"post-617190","1":"post","2":"type-post","3":"status-publish","4":"format-standard","5":"has-post-thumbnail","7":"category-nice","8":"tag-actu","9":"tag-actualites","10":"tag-eu","11":"tag-europe","12":"tag-fr","13":"tag-france","14":"tag-news","15":"tag-nice","16":"tag-provence-alpes-cote-dazur","17":"tag-republique-francaise"},"share_on_mastodon":{"url":"https:\/\/pubeurope.com\/@fr\/115767089584488030","error":""},"_links":{"self":[{"href":"https:\/\/www.europesays.com\/fr\/wp-json\/wp\/v2\/posts\/617190","targetHints":{"allow":["GET"]}}],"collection":[{"href":"https:\/\/www.europesays.com\/fr\/wp-json\/wp\/v2\/posts"}],"about":[{"href":"https:\/\/www.europesays.com\/fr\/wp-json\/wp\/v2\/types\/post"}],"author":[{"embeddable":true,"href":"https:\/\/www.europesays.com\/fr\/wp-json\/wp\/v2\/users\/2"}],"replies":[{"embeddable":true,"href":"https:\/\/www.europesays.com\/fr\/wp-json\/wp\/v2\/comments?post=617190"}],"version-history":[{"count":0,"href":"https:\/\/www.europesays.com\/fr\/wp-json\/wp\/v2\/posts\/617190\/revisions"}],"wp:featuredmedia":[{"embeddable":true,"href":"https:\/\/www.europesays.com\/fr\/wp-json\/wp\/v2\/media\/617191"}],"wp:attachment":[{"href":"https:\/\/www.europesays.com\/fr\/wp-json\/wp\/v2\/media?parent=617190"}],"wp:term":[{"taxonomy":"category","embeddable":true,"href":"https:\/\/www.europesays.com\/fr\/wp-json\/wp\/v2\/categories?post=617190"},{"taxonomy":"post_tag","embeddable":true,"href":"https:\/\/www.europesays.com\/fr\/wp-json\/wp\/v2\/tags?post=617190"}],"curies":[{"name":"wp","href":"https:\/\/api.w.org\/{rel}","templated":true}]}}