{"id":617194,"date":"2025-12-23T04:54:47","date_gmt":"2025-12-23T04:54:47","guid":{"rendered":"https:\/\/www.europesays.com\/fr\/617194\/"},"modified":"2025-12-23T04:54:47","modified_gmt":"2025-12-23T04:54:47","slug":"un-jeune-conducteur-de-grue-se-tue-apres-une-chute-de-25-metres","status":"publish","type":"post","link":"https:\/\/www.europesays.com\/fr\/617194\/","title":{"rendered":"Un jeune conducteur de grue se tue apr\u00e8s une chute de 25 m\u00e8tres"},"content":{"rendered":"<p>Un dramatique <a href=\"https:\/\/www.20minutes.fr\/dossier\/accident\" class=\"c-link c-link--is-underlined\" target=\"_blank\" rel=\"noopener\">accident <\/a>mortel s\u2019est produit ce lundi matin sur la commune de Bouguenais, au sud de Nantes, a-t-on appris aupr\u00e8s du Centre op\u00e9rationnel d\u2019incendie et de secours <a href=\"https:\/\/www.20minutes.fr\/societe\/loire-atlantique\/\" class=\"c-link c-link--is-underlined\" target=\"_blank\" rel=\"noopener\">de Loire-Atlantique<\/a>. Un peu apr\u00e8s 8h30, un jeune ouvrier de 25 ans qui conduisait une grue sur un chantier est d\u00e9c\u00e9d\u00e9 apr\u00e8s avoir chut\u00e9 de 25 m\u00e8tres.<\/p>\n<\/p>\n<p>\u00ab\u00a0La victime a \u00e9t\u00e9 d\u00e9clar\u00e9e par le Smur\u00a0\u00bb, indiquent <a href=\"https:\/\/www.20minutes.fr\/dossier\/pompiers\" class=\"c-link c-link--is-underlined\" target=\"_blank\" rel=\"noopener\">les pompiers<\/a> dans leur bulletin. <a href=\"https:\/\/www.francebleu.fr\/infos\/faits-divers-justice\/a-bouguenais-le-conducteur-d-une-grue-meurt-sur-un-chantier-apres-une-chute-de-25-metres-6579183\" rel=\"nofollow noopener\" target=\"_blank\" class=\"c-link c-link--is-underlined\">Selon Ici Loire Oc\u00e9an<\/a>, le jeune ouvrier a bascul\u00e9 dans le vide alors qu&rsquo;il tentait de nettoyer la vitre de sa cabine. Six engins et dix-sept pompiers sont intervenus sur l\u2019op\u00e9ration qui s\u2019est d\u00e9roul\u00e9e rue de Bellevue.<\/p>\n","protected":false},"excerpt":{"rendered":"Un dramatique accident mortel s\u2019est produit ce lundi matin sur la commune de Bouguenais, au sud de Nantes,&hellip;\n","protected":false},"author":2,"featured_media":617195,"comment_status":"","ping_status":"","sticky":false,"template":"","format":"standard","meta":{"footnotes":""},"categories":[2818],"tags":[119,120,1111,47,11,5173,1771,3348,1777,674,118,6944,1011,27,16713,3047,766,12,35674,2636,25],"class_list":{"0":"post-617194","1":"post","2":"type-post","3":"status-publish","4":"format-standard","5":"has-post-thumbnail","7":"category-nantes","8":"tag-accident","9":"tag-accident-du-travail","10":"tag-actu","11":"tag-actualite","12":"tag-actualites","13":"tag-bouguenais","14":"tag-btp","15":"tag-drame","16":"tag-eu","17":"tag-europe","18":"tag-faits-divers","19":"tag-faits-divers-nantes","20":"tag-fr","21":"tag-france","22":"tag-grue","23":"tag-loire-atlantique","24":"tag-nantes","25":"tag-news","26":"tag-ouvriers","27":"tag-pays-de-la-loire","28":"tag-republique-francaise"},"share_on_mastodon":{"url":"https:\/\/pubeurope.com\/@fr\/115767104229163437","error":""},"_links":{"self":[{"href":"https:\/\/www.europesays.com\/fr\/wp-json\/wp\/v2\/posts\/617194","targetHints":{"allow":["GET"]}}],"collection":[{"href":"https:\/\/www.europesays.com\/fr\/wp-json\/wp\/v2\/posts"}],"about":[{"href":"https:\/\/www.europesays.com\/fr\/wp-json\/wp\/v2\/types\/post"}],"author":[{"embeddable":true,"href":"https:\/\/www.europesays.com\/fr\/wp-json\/wp\/v2\/users\/2"}],"replies":[{"embeddable":true,"href":"https:\/\/www.europesays.com\/fr\/wp-json\/wp\/v2\/comments?post=617194"}],"version-history":[{"count":0,"href":"https:\/\/www.europesays.com\/fr\/wp-json\/wp\/v2\/posts\/617194\/revisions"}],"wp:featuredmedia":[{"embeddable":true,"href":"https:\/\/www.europesays.com\/fr\/wp-json\/wp\/v2\/media\/617195"}],"wp:attachment":[{"href":"https:\/\/www.europesays.com\/fr\/wp-json\/wp\/v2\/media?parent=617194"}],"wp:term":[{"taxonomy":"category","embeddable":true,"href":"https:\/\/www.europesays.com\/fr\/wp-json\/wp\/v2\/categories?post=617194"},{"taxonomy":"post_tag","embeddable":true,"href":"https:\/\/www.europesays.com\/fr\/wp-json\/wp\/v2\/tags?post=617194"}],"curies":[{"name":"wp","href":"https:\/\/api.w.org\/{rel}","templated":true}]}}