{"id":617198,"date":"2025-12-23T04:57:21","date_gmt":"2025-12-23T04:57:21","guid":{"rendered":"https:\/\/www.europesays.com\/fr\/617198\/"},"modified":"2025-12-23T04:57:21","modified_gmt":"2025-12-23T04:57:21","slug":"la-messe-de-noel-est-programmee","status":"publish","type":"post","link":"https:\/\/www.europesays.com\/fr\/617198\/","title":{"rendered":"La messe de No\u00ebl est programm\u00e9e"},"content":{"rendered":"<p>                    Par<br \/>\n        <strong><br \/>\n            <a href=\"https:\/\/actu.fr\/auteur\/juliette-cardinale\" title=\"Consulter tous les articles de Juliette Cardinale\" target=\"_blank\" rel=\"noopener\">Juliette Cardinale<\/a><br \/>\n                    <\/strong><\/p>\n<p>        Publi\u00e9 le<\/p>\n<p>            22 d\u00e9c. 2025 \u00e0 12h44        <\/p>\n<p>Alors que de nombreux blocages ont \u00e9t\u00e9 lev\u00e9s \u00e0 travers la France <a href=\"https:\/\/actu.fr\/societe\/colere-des-agriculteurs-treve-de-noel-ou-poursuite-des-blocages-ce-qui-s-annonce-en-france_63603301.html\" target=\"_blank\" rel=\"noopener\">pour une \u00ab\u00a0tr\u00eave de No\u00ebl\u00a0\u00bb,<\/a> <strong>les agriculteurs de la Gironde r\u00e9sistent.<\/strong> Il faut dire qu\u2019ils l\u2019avaient annonc\u00e9 : ils <a href=\"https:\/\/actu.fr\/nouvelle-aquitaine\/cestas_33122\/sur-l-a63-le-barrage-des-agriculteurs-n-est-pas-pret-d-etre-leve-on-se-prepare-pour-passer-noel-ici_63584446.html\" target=\"_blank\" rel=\"noopener\">sont pr\u00eats \u00e0 passer No\u00ebl sur l\u2019A63 <\/a>s\u2019ils n\u2019obtiennent pas le changement du protocole sanitaire de la dermatose nodulaire contagieuse (DNC). \u00c0 l\u2019appel de la Coordination rurale de la Gironde (CR33), ils s\u2019\u00e9taient install\u00e9s <a href=\"https:\/\/actu.fr\/nouvelle-aquitaine\/cestas_33122\/gironde-les-agriculteurs-de-la-coordination-rurale-annoncent-un-barrage-filtrant-sur-l-autoroute-a63_63575046.html\" target=\"_blank\" rel=\"noopener\">depuis le 14 d\u00e9cembre 2025 \u00e0 hauteur de Cestas au sud de Bordeaux.<\/a><\/p>\n<p>La fin de l\u2019abattage total<\/p>\n<p class=\" wall-content\">\u00ab\u00a0Il faut la <strong>fin de l\u2019abattage total des troupeaux\u00a0\u00bb,<\/strong>\u00a0rappelle Vincent Collineau, co-pr\u00e9sident de la CR33, aupr\u00e8s\u00a0<a href=\"https:\/\/actu.fr\/bordeaux\/\" target=\"_blank\" rel=\"noopener\">d\u2019actu Bordeaux<\/a>\u00a0ce lundi 22 d\u00e9cembre. La r\u00e8gle en vigueur a cristallis\u00e9 la col\u00e8re en milieu de mois : d\u00e8s qu\u2019un animal est touch\u00e9 par la DNC, tout le troupeau est syst\u00e9matiquement tu\u00e9. En Gironde, les manifestants se battent aussi pour la survie de la viticulture . \u00ab\u00a0C\u2019est le m\u00eame combat, on veut\u00a0<a href=\"https:\/\/actu.fr\/nouvelle-aquitaine\/bordeaux_33063\/a-bordeaux-un-vigneron-sur-cinq-se-resigne-a-arracher-ses-vignes-a-perte-c-est-la-peste-ou-le-cholera_61007159.html\" target=\"_blank\" rel=\"noopener\">la fin de l\u2019abattage de la production.\u00a0\u00bb<\/a><\/p>\n<p class=\" wall-content\">Les r\u00e9unions avec <a href=\"https:\/\/actu.fr\/nouvelle-aquitaine\/bordeaux_33063\/la-coordination-rurale-recue-a-bordeaux-le-reseau-tbm-et-le-trafic-perturbes-par-la-manifestation-agricole_63602165.html\" target=\"_blank\" rel=\"noopener\">le pr\u00e9fet et le pr\u00e9sident de la r\u00e9gion vendredi dernier<\/a> n\u2019ont pas suffit \u00e0 convaincre les agriculteurs de lever le blocage (bien qu\u2019il <a href=\"https:\/\/actu.fr\/nouvelle-aquitaine\/cestas_33122\/operation-peage-gratuit-levee-des-blocages-le-point-sur-les-actions-des-agriculteurs-en-gironde-ce-samedi_63604795.html\" target=\"_blank\" rel=\"noopener\">ait \u00e9t\u00e9 all\u00e9g\u00e9).<\/a> Dans le week-end, les agriculteurs ont notamment plant\u00e9 des vignes sur le terre plein central ou install\u00e9 une <strong>cr\u00e8che.<\/strong> \u00ab\u00a0Ce n\u2019est pas parce qu\u2019on est sur un pont sur l\u2019autoroute qu\u2019on ne f\u00eatera pas No\u00ebl\u00a0\u00bb, mart\u00e8le Vincent Collineau.<\/p>\n<blockquote class=\"ac-article-quote wall-content\">\n<p>La messe est programm\u00e9e pour ceux qui voudront f\u00eater No\u00ebl.<\/p>\n<p>    <strong>Vincent Collineau<\/strong><br \/>\n        Co-pr\u00e9sident de la CR33    <\/p><\/blockquote>\n<p class=\" wall-content\">Ce lundi, les manifestants continuent donc de se relayer <a href=\"https:\/\/actu.fr\/nouvelle-aquitaine\/cestas_33122\/nous-sommes-venus-les-rassasier-les-agriculteurs-soutenus-sur-le-blocage-de-l-a63-en-gironde_63594988.html\" target=\"_blank\" rel=\"noopener\">sur le blocage de Cestas,<\/a> permettant \u00e0 chacun de rentrer <strong>s\u2019occuper de son exploitation<\/strong>. Rejoints par d\u2019autres d\u00e9partements, les agriculteurs sont \u00ab\u00a0d\u00e9termin\u00e9s mais d\u00e9gout\u00e9s du gouvernement\u00a0\u00bb, r\u00e9sume le co-pr\u00e9sident de la CR33.<\/p>\n<p class=\" wall-content\">Ils devraient rester en place, tant qu\u2019ils n\u2019obtiennent <strong>pas gain de cause. \u00ab\u00a0<\/strong>Des choses doivent tomber dans la journ\u00e9e, mais on n\u2019en attend plus grand chose\u00a0\u00bb, soupire l\u2019\u00e9leveur girondin. \u00ab\u00a0Vous vous rendez compte de ce qu\u2019on doit faire pour sauver la production et la profession ? C\u2019est du <strong>d\u00e9lire.\u00a0\u00bb<\/strong>\u00a0<\/p>\n<p>O\u00f9 en est la circulation ?<\/p>\n<p class=\" wall-content\">Dans le week-end, les manifestants ont accept\u00e9 d\u2019ouvrir une bretelle d\u2019acc\u00e8s \u00e0 l\u2019A63 dans le sens Bordeaux \u2013 Bayonne pour \u00ab\u00a0permettre aux citoyens de partir en vacances et de <strong>rejoindre leurs proches<\/strong> pour les f\u00eates\u00a0\u00bb.\u00a0<\/p>\n<p>Votre r\u00e9gion, votre actu !<\/p>\n<p>Recevez chaque jour les infos qui comptent pour vous.<\/p>\n<p>\t<a href=\"https:\/\/actu.fr\/newsletter\" class=\"ac-btn ac-btn--corner ac-btn--medium ac-btn--blue800\" target=\"_blank\" rel=\"noopener\">S&rsquo;incrire<\/a><\/p>\n<p class=\" wall-content\">Depuis l\u2019\u00e9changeur 15 de la rocade, les usagers peuvent <strong>circuler direction Bayonne jusqu\u2019\u00e0 l\u2019\u00e9changeur 24.<\/strong> Ils doivent n\u00e9anmoins suivre une d\u00e9viation de moins de 2 km au niveau de la sortie 24, via la D211 en effectuant un demi-tour sur un giratoire avant de revenir sur l\u2019entr\u00e9e 24 de l\u2019autoroute direction Bayonne.<\/p>\n<p class=\" wall-content\"><strong>L\u2019autoroute reste ferm\u00e9e<\/strong> en sens inverse, \u00e0 partir de la sortie 23 de Bayonne vers Bordeaux. Les poids-lourds empruntent la D5 direction Marcheprime puis la D1250 direction Bordeaux. Les v\u00e9hicules l\u00e9gers suivent la D5 direction Le Barp puis la D1010 pour rejoindre l\u2019entr\u00e9e 25 de l\u2019A63 direction Bordeaux.<\/p>\n<p class=\" wall-content\">Personnalisez votre actualit\u00e9 en ajoutant vos villes et m\u00e9dias en favori avec <a href=\"https:\/\/moncompte.actu.fr\" title=\"D\u00e9couvez Mon Actu\" rel=\"nofollow noopener\" data-trk=\"{&quot;cta&quot;:{&quot;action&quot;:&quot;https:\\\/\\\/moncompte.actu.fr&quot;,&quot;category&quot;:&quot;mon compte&quot;,&quot;from&quot;:&quot;article footer&quot;,&quot;name&quot;:&quot;Mon actu&quot;,&quot;type&quot;:&quot;cta&quot;}}\" target=\"_blank\">Mon Actu<\/a>.<\/p>\n","protected":false},"excerpt":{"rendered":"Par Juliette Cardinale Publi\u00e9 le 22 d\u00e9c. 2025 \u00e0 12h44 Alors que de nombreux blocages ont \u00e9t\u00e9 lev\u00e9s&hellip;\n","protected":false},"author":2,"featured_media":617199,"comment_status":"","ping_status":"","sticky":false,"template":"","format":"standard","meta":{"footnotes":""},"categories":[2817],"tags":[1111,11,21591,1997,26141,1777,674,1011,27,1272,12,2219,25,104],"class_list":{"0":"post-617198","1":"post","2":"type-post","3":"status-publish","4":"format-standard","5":"has-post-thumbnail","7":"category-bordeaux","8":"tag-actu","9":"tag-actualites","10":"tag-autoroute-63-a63","11":"tag-bordeaux","12":"tag-coordination-rurale","13":"tag-eu","14":"tag-europe","15":"tag-fr","16":"tag-france","17":"tag-manifestations","18":"tag-news","19":"tag-nouvelle-aquitaine","20":"tag-republique-francaise","21":"tag-societe"},"share_on_mastodon":{"url":"https:\/\/pubeurope.com\/@fr\/115767112075797835","error":""},"_links":{"self":[{"href":"https:\/\/www.europesays.com\/fr\/wp-json\/wp\/v2\/posts\/617198","targetHints":{"allow":["GET"]}}],"collection":[{"href":"https:\/\/www.europesays.com\/fr\/wp-json\/wp\/v2\/posts"}],"about":[{"href":"https:\/\/www.europesays.com\/fr\/wp-json\/wp\/v2\/types\/post"}],"author":[{"embeddable":true,"href":"https:\/\/www.europesays.com\/fr\/wp-json\/wp\/v2\/users\/2"}],"replies":[{"embeddable":true,"href":"https:\/\/www.europesays.com\/fr\/wp-json\/wp\/v2\/comments?post=617198"}],"version-history":[{"count":0,"href":"https:\/\/www.europesays.com\/fr\/wp-json\/wp\/v2\/posts\/617198\/revisions"}],"wp:featuredmedia":[{"embeddable":true,"href":"https:\/\/www.europesays.com\/fr\/wp-json\/wp\/v2\/media\/617199"}],"wp:attachment":[{"href":"https:\/\/www.europesays.com\/fr\/wp-json\/wp\/v2\/media?parent=617198"}],"wp:term":[{"taxonomy":"category","embeddable":true,"href":"https:\/\/www.europesays.com\/fr\/wp-json\/wp\/v2\/categories?post=617198"},{"taxonomy":"post_tag","embeddable":true,"href":"https:\/\/www.europesays.com\/fr\/wp-json\/wp\/v2\/tags?post=617198"}],"curies":[{"name":"wp","href":"https:\/\/api.w.org\/{rel}","templated":true}]}}