{"id":617210,"date":"2025-12-23T05:04:13","date_gmt":"2025-12-23T05:04:13","guid":{"rendered":"https:\/\/www.europesays.com\/fr\/617210\/"},"modified":"2025-12-23T05:04:13","modified_gmt":"2025-12-23T05:04:13","slug":"rhone-vers-un-noel-enneige-sur-lyon-et-sa-region-du-froid-et-quelques-flocons-attendus-ces-prochains-jours","status":"publish","type":"post","link":"https:\/\/www.europesays.com\/fr\/617210\/","title":{"rendered":"Rh\u00f4ne. Vers un No\u00ebl enneig\u00e9 sur Lyon et sa r\u00e9gion\u00a0? Du froid et quelques flocons attendus ces prochains jours"},"content":{"rendered":"<p>Alors que le d\u00e9partement du Rh\u00f4ne a connu ces derni\u00e8res semaines des temp\u00e9ratures bien au-dessus des normales de saison, les prochains jours seront t\u00e9moins d\u2019un retour \u00e0 des temp\u00e9ratures plus basses. Exit donc les journ\u00e9es o\u00f9 les maximales d\u00e9passent les 16\u00a0\u00b0C puisque le MeteoNews annonce un \u00ab\u00a0retour vers des normales de saison\u00a0\u00bb qui s\u2019articulent autour de 6 \u00e0 7\u00a0\u00b0C pour le mois de d\u00e9cembre \u00e0 Lyon.<\/p>\n<p>MeteoNews pr\u00e9vient, il \u00ab\u00a0faudra anticiper un petit coup de froid\u00a0\u00bb ces prochains jours.\u00a0En effet, il faudra s\u2019attendre \u00e0 une journ\u00e9e de No\u00ebl plafonnant \u00e0 4\u00a0\u00b0C maximum et \u00e0 une journ\u00e9e du 26\u00a0d\u00e9cembre ne d\u00e9passant pas les 3\u00a0\u00b0C.<\/p>\n<p>  De la neige pour le r\u00e9veillon de No\u00ebl\u00a0?<\/p>\n<p>Bonne nouvelle pour les aficionados de l\u2019esprit de No\u00ebl puisque des flocons pourraient s\u2019inviter pour la nuit du r\u00e9veillon. Sollicit\u00e9 \u00e0 ce sujet, MeteoNews annonce un \u00ab\u00a0petit \u00e9pisode neigeux sur la vall\u00e9e du Rh\u00f4ne\u00a0\u00bb dans la nuit du 24 au 25\u00a0d\u00e9cembre. Les pr\u00e9visionnistes anticipent des chutes pouvant g\u00e9n\u00e9rer un manteau neigeux d\u2019environ 2 \u00e0 5\u00a0cm par endroits. Ce ph\u00e9nom\u00e8ne concerne <a href=\"https:\/\/www.leprogres.fr\/environnement\/2025\/12\/22\/des-flocons-attendus-le-24-au-soir-dans-la-loire-et-la-haute-loire\" target=\"_blank\" rel=\"noopener\">plusieurs localit\u00e9s de la r\u00e9gion<\/a> \u00a0Auvergne-Rh\u00f4ne-Alpes\u00a0: de Lyon, \u00e0 Valence en passant par Bourg-en-Bresse.<\/p>\n<p>Ces informations sont \u00e9galement confirm\u00e9es par les pr\u00e9visions de Lyon M\u00e9t\u00e9o qui \u00e9voque un ph\u00e9nom\u00e8ne \u00ab\u00a0tr\u00e8s rare en plaine\u00a0\u00bb.\u00a0D\u2019apr\u00e8s le pr\u00e9visionniste Thomas Weber, le dernier \u00e9pisode de ce type remonterait \u00e0 l\u2019ann\u00e9e 2010\u00a0!<\/p>\n","protected":false},"excerpt":{"rendered":"Alors que le d\u00e9partement du Rh\u00f4ne a connu ces derni\u00e8res semaines des temp\u00e9ratures bien au-dessus des normales de&hellip;\n","protected":false},"author":2,"featured_media":617211,"comment_status":"","ping_status":"","sticky":false,"template":"","format":"standard","meta":{"footnotes":""},"categories":[1889],"tags":[1111,11,2430,3152,2757,3153,3154,3155,3156,436,1777,674,107,1011,27,2428,8423,12,25,2429],"class_list":{"0":"post-617210","1":"post","2":"type-post","3":"status-publish","4":"format-standard","5":"has-post-thumbnail","7":"category-lyon","8":"tag-actu","9":"tag-actualites","10":"tag-auvergne-rhone-alpes","11":"tag-edition-est-lyonnais","12":"tag-edition-lyon-villeurbanne","13":"tag-edition-ouest-lyonnais","14":"tag-edition-sud-lyonnais","15":"tag-edition-tarare","16":"tag-edition-villefranche","17":"tag-environnement","18":"tag-eu","19":"tag-europe","20":"tag-fil-info","21":"tag-fr","22":"tag-france","23":"tag-lyon","24":"tag-meteorologie-climat","25":"tag-news","26":"tag-republique-francaise","27":"tag-rhone"},"share_on_mastodon":{"url":"https:\/\/pubeurope.com\/@fr\/115767139834023717","error":""},"_links":{"self":[{"href":"https:\/\/www.europesays.com\/fr\/wp-json\/wp\/v2\/posts\/617210","targetHints":{"allow":["GET"]}}],"collection":[{"href":"https:\/\/www.europesays.com\/fr\/wp-json\/wp\/v2\/posts"}],"about":[{"href":"https:\/\/www.europesays.com\/fr\/wp-json\/wp\/v2\/types\/post"}],"author":[{"embeddable":true,"href":"https:\/\/www.europesays.com\/fr\/wp-json\/wp\/v2\/users\/2"}],"replies":[{"embeddable":true,"href":"https:\/\/www.europesays.com\/fr\/wp-json\/wp\/v2\/comments?post=617210"}],"version-history":[{"count":0,"href":"https:\/\/www.europesays.com\/fr\/wp-json\/wp\/v2\/posts\/617210\/revisions"}],"wp:featuredmedia":[{"embeddable":true,"href":"https:\/\/www.europesays.com\/fr\/wp-json\/wp\/v2\/media\/617211"}],"wp:attachment":[{"href":"https:\/\/www.europesays.com\/fr\/wp-json\/wp\/v2\/media?parent=617210"}],"wp:term":[{"taxonomy":"category","embeddable":true,"href":"https:\/\/www.europesays.com\/fr\/wp-json\/wp\/v2\/categories?post=617210"},{"taxonomy":"post_tag","embeddable":true,"href":"https:\/\/www.europesays.com\/fr\/wp-json\/wp\/v2\/tags?post=617210"}],"curies":[{"name":"wp","href":"https:\/\/api.w.org\/{rel}","templated":true}]}}