{"id":617216,"date":"2025-12-23T05:11:13","date_gmt":"2025-12-23T05:11:13","guid":{"rendered":"https:\/\/www.europesays.com\/fr\/617216\/"},"modified":"2025-12-23T05:11:13","modified_gmt":"2025-12-23T05:11:13","slug":"un-poids-lourd-chinois-du-e-commerce-victime-dun-cambriolage-a-plusieurs-millions-deuros-pres-de-paris","status":"publish","type":"post","link":"https:\/\/www.europesays.com\/fr\/617216\/","title":{"rendered":"Un poids lourd chinois du e-commerce victime d\u2019un cambriolage \u00e0 plusieurs millions d\u2019euros pr\u00e8s de Paris"},"content":{"rendered":"<p>                    Par<br \/>\n        <strong><br \/>\n            <a href=\"https:\/\/actu.fr\/auteur\/julie-bossart-actu-fr\" title=\"Consulter tous les articles de Julie Bossart\" target=\"_blank\" rel=\"noopener\">Julie Bossart<\/a><br \/>\n                    <\/strong><\/p>\n<p>        Publi\u00e9 le<\/p>\n<p>            22 d\u00e9c. 2025 \u00e0 23h27        <\/p>\n<p>Un <a href=\"https:\/\/actu.fr\/tag\/cambriolage\/page\/3\" target=\"_blank\" rel=\"noopener\">cambriolage<\/a> hors norme en Seine-Saint-Denis. Dans la nuit du dimanche 21 au lundi 22 d\u00e9cembre 2025, des dizaines de milliers d\u2019objets multim\u00e9dias ont \u00e9t\u00e9 d\u00e9rob\u00e9s dans l\u2019entrep\u00f4t de la soci\u00e9t\u00e9 JD. com situ\u00e9e \u00e0 <a href=\"https:\/\/actu.fr\/ile-de-france\/dugny_93030\" target=\"_blank\" rel=\"noopener\">Dugny<\/a>, a appris actu aupr\u00e8s du parquet de Bobigny, confirmant une information du Parisien.<\/p>\n<p>\u00ab\u2009Le montant du pr\u00e9judice sera important \u00bb<\/p>\n<p class=\" wall-content\">\u00c0 cette heure, \u00ab\u2009le montant du pr\u00e9judice n\u2019est pas connu, mais nous savons d\u00e9j\u00e0 qu\u2019il sera important\u2009\u00bb, nous est-il pr\u00e9cis\u00e9. Dans la foul\u00e9e de la r\u00e9v\u00e9lation des faits, la ville de Dugny a indiqu\u00e9 que la soci\u00e9t\u00e9 s\u2019\u00e9tait principalement vue d\u00e9rober \u00ab\u2009des t\u00e9l\u00e9phones portables et des t\u00e9l\u00e9viseurs\u2009\u00bb et que le butin pourrait avoisiner les \u00ab\u200937\u00a0millions d\u2019euros\u2009\u00bb.<\/p>\n<p class=\" wall-content\">Fond\u00e9e en 1998 et bas\u00e9e \u00e0 P\u00e9kin, JD. com, anciennement Jingdong, est une entreprise chinoise de commerce en ligne. Cot\u00e9e au Nasdaq et \u00e0 la Bourse de Hong Kong, elle est le num\u00e9ro trois du secteur, derri\u00e8re Alibaba et Temu. Mais, contrairement \u00e0 ces autres soci\u00e9t\u00e9s chinoises, elle g\u00e8re une grande partie de ses stocks et de sa prestation logistique. Ce qui lui permet de garantir une meilleure tra\u00e7abilit\u00e9 et qualit\u00e9 des produits marchands. Elle se place davantage comme une concurrente d\u2019Amazon, et en adopte d\u2019ailleurs le mod\u00e8le, avec des entrep\u00f4ts r\u00e9partis en Europe, dont celui de Dugny, ce qui lui assure des livraisons extra-rapides. Elle vient de se lancer en France, via le site et l\u2019application Joybuy.<\/p>\n<p class=\" wall-content\">Le cambriolage perp\u00e9tr\u00e9 au nord de Paris a \u00e9t\u00e9 constat\u00e9 lundi matin, lorsqu\u2019un responsable du site a d\u00e9couvert qu\u2019une porte de l\u2019entrep\u00f4t avait \u00e9t\u00e9 fractur\u00e9e et qu\u2019une trentaine de palettes avaient disparu. Une enqu\u00eate pour vol et recel de vol en bande organis\u00e9e et participation \u00e0 une association de malfaiteurs a \u00e9t\u00e9 ouverte, confi\u00e9e \u00e0 la Brigade de r\u00e9pression du grand banditisme, indique le parquet.<\/p>\n<p class=\" wall-content\">De son c\u00f4t\u00e9, la ville de Dugny ajoute \u00ab\u2009tenir \u00e0 disposition les services de la police municipale, dont le centre de supervision urbain pour les images de vid\u00e9oprotection, afin que tout soit mis en \u0153uvre pour le bon avancement de l\u2019enqu\u00eate\u2009\u00bb.<\/p>\n<p class=\" wall-content\">Personnalisez votre actualit\u00e9 en ajoutant vos villes et m\u00e9dias en favori avec <a href=\"https:\/\/moncompte.actu.fr\" title=\"D\u00e9couvez Mon Actu\" rel=\"nofollow noopener\" data-trk=\"{&quot;cta&quot;:{&quot;action&quot;:&quot;https:\\\/\\\/moncompte.actu.fr&quot;,&quot;category&quot;:&quot;mon compte&quot;,&quot;from&quot;:&quot;article footer&quot;,&quot;name&quot;:&quot;Mon actu&quot;,&quot;type&quot;:&quot;cta&quot;}}\" target=\"_blank\">Mon Actu<\/a>.<\/p>\n","protected":false},"excerpt":{"rendered":"Par Julie Bossart Publi\u00e9 le 22 d\u00e9c. 2025 \u00e0 23h27 Un cambriolage hors norme en Seine-Saint-Denis. Dans la&hellip;\n","protected":false},"author":2,"featured_media":617217,"comment_status":"","ping_status":"","sticky":false,"template":"","format":"standard","meta":{"footnotes":""},"categories":[1888],"tags":[1111,1928,11,1927,1174,215,1777,674,118,1011,27,12,1926,626,1925,1072,25],"class_list":{"0":"post-617216","1":"post","2":"type-post","3":"status-publish","4":"format-standard","5":"has-post-thumbnail","7":"category-paris","8":"tag-actu","9":"tag-actu-paris","10":"tag-actualites","11":"tag-actualites-paris","12":"tag-cambriolage","13":"tag-commerce","14":"tag-eu","15":"tag-europe","16":"tag-faits-divers","17":"tag-fr","18":"tag-france","19":"tag-news","20":"tag-news-paris","21":"tag-paris","22":"tag-paris-news","23":"tag-police","24":"tag-republique-francaise"},"share_on_mastodon":{"url":"https:\/\/pubeurope.com\/@fr\/115767167133140714","error":""},"_links":{"self":[{"href":"https:\/\/www.europesays.com\/fr\/wp-json\/wp\/v2\/posts\/617216","targetHints":{"allow":["GET"]}}],"collection":[{"href":"https:\/\/www.europesays.com\/fr\/wp-json\/wp\/v2\/posts"}],"about":[{"href":"https:\/\/www.europesays.com\/fr\/wp-json\/wp\/v2\/types\/post"}],"author":[{"embeddable":true,"href":"https:\/\/www.europesays.com\/fr\/wp-json\/wp\/v2\/users\/2"}],"replies":[{"embeddable":true,"href":"https:\/\/www.europesays.com\/fr\/wp-json\/wp\/v2\/comments?post=617216"}],"version-history":[{"count":0,"href":"https:\/\/www.europesays.com\/fr\/wp-json\/wp\/v2\/posts\/617216\/revisions"}],"wp:featuredmedia":[{"embeddable":true,"href":"https:\/\/www.europesays.com\/fr\/wp-json\/wp\/v2\/media\/617217"}],"wp:attachment":[{"href":"https:\/\/www.europesays.com\/fr\/wp-json\/wp\/v2\/media?parent=617216"}],"wp:term":[{"taxonomy":"category","embeddable":true,"href":"https:\/\/www.europesays.com\/fr\/wp-json\/wp\/v2\/categories?post=617216"},{"taxonomy":"post_tag","embeddable":true,"href":"https:\/\/www.europesays.com\/fr\/wp-json\/wp\/v2\/tags?post=617216"}],"curies":[{"name":"wp","href":"https:\/\/api.w.org\/{rel}","templated":true}]}}