{"id":617224,"date":"2025-12-23T05:15:27","date_gmt":"2025-12-23T05:15:27","guid":{"rendered":"https:\/\/www.europesays.com\/fr\/617224\/"},"modified":"2025-12-23T05:15:27","modified_gmt":"2025-12-23T05:15:27","slug":"des-centaines-de-soldats-ukrainiens-decedes-nauraient-pas-ete-tues-par-la-russie-mais-lomerta-les-cache","status":"publish","type":"post","link":"https:\/\/www.europesays.com\/fr\/617224\/","title":{"rendered":"Des centaines de soldats ukrainiens d\u00e9c\u00e9d\u00e9s n&rsquo;auraient pas \u00e9t\u00e9 tu\u00e9s par la Russie, mais l&rsquo;omerta les cache"},"content":{"rendered":"<p>En <a href=\"https:\/\/www.geo.fr\/geopolitique\/90-milliards-pour-l-ukraine-l-ue-decide-de-venir-en-aide-a-son-voisin-sans-toucher-aux-avoirs-russes-geles-230149\" target=\"_blank\" rel=\"noopener\">Ukraine<\/a>, aucune statistique officielle ne r\u00e9pertorie les suicides de militaires. Alors que les autorit\u00e9s parlent de cas isol\u00e9s, les proches des d\u00e9funts, soutenus par des associations de d\u00e9fense des droits humains, affirment qu&rsquo;ils pourraient se compter par centaines. Mais le sujet reste tabou dans le pays, qui a perdu au moins 45\u00a0000 hommes et femmes au combat, raconte une enqu\u00eate de la <a href=\"https:\/\/www.bbc.com\/news\/articles\/cwypp1jwjz1o.amp\" target=\"_blank\" rel=\"noopener\">BBC<\/a>, pour laquelle des familles ont accept\u00e9 de t\u00e9moigner anonymement.<\/p>\n<p>Absence de reconnaissance<\/p>\n<p>\u00ab\u00a0Orest \u00e9tait un jeune homme discret de 25 ans qui aimait les livres et r\u00eavait  d&rsquo;une carri\u00e8re universitaire. Sa mauvaise vue l&rsquo;avait initialement rendu inapte au service militaire, relate la BBC. Mais en 2023, une <a href=\"https:\/\/www.geo.fr\/animaux\/angleterre-lors-dune-patrouille-de-routine-la-police-arrete-un-manchot-de-humboldt-201740\" target=\"_blank\" rel=\"noopener\">patrouille <\/a>de recrutement l&rsquo;a interpell\u00e9 dans la rue. Sa  vue a \u00e9t\u00e9 r\u00e9\u00e9valu\u00e9e et il a \u00e9t\u00e9 d\u00e9clar\u00e9 apte au combat. Peu apr\u00e8s, il a \u00e9t\u00e9 envoy\u00e9 au front comme sp\u00e9cialiste des transmissions.\u00a0\u00bb<\/p>\n<p>Le centre de recrutement de l&rsquo;arm\u00e9e nie avoir trafiqu\u00e9 l&rsquo;examen de la vue d&rsquo;Orest, et affirme qu&rsquo;il \u00e9tait \u00ab\u00a0partiellement apte\u00a0\u00bb \u00e0 combattre. D\u00e9ploy\u00e9 pr\u00e8s de <a href=\"https:\/\/www.geo.fr\/geopolitique\/la-russie-aurait-capture-les-ruines-de-chasiv-yar-et-c-est-une-vraie-catastrophe-pour-l-ukraine-227929\" target=\"_blank\" rel=\"noopener\">Chasiv Yar<\/a>, dans la r\u00e9gion de <a href=\"https:\/\/www.geo.fr\/geopolitique\/en-ukraine-des-drones-fpv-detruisent-plus-de-cinquante-blindes-russes-a-donetsk-229026\" target=\"_blank\" rel=\"noopener\">Donetsk<\/a>, \u00e0 l&rsquo;Est de l&rsquo;Ukraine. Affichant des sympt\u00f4mes de d\u00e9pression de plus en plus marqu\u00e9s, se renfermant sur lui-m\u00eame, il est mort la m\u00eame ann\u00e9e sur le front de l&rsquo;Est. Orest est d\u00e9c\u00e9d\u00e9 d&rsquo;une \u00ab\u00a0blessure auto-inflig\u00e9e\u00a0\u00bb, selon l&rsquo;enqu\u00eate de l&rsquo;arm\u00e9e.<\/p>\n<p>\u00ab\u00a0[Sa m\u00e8re] \u00e9crit encore chaque jour \u00e0 son fils \u2013 650 lettres \u00e0 ce jour \u2013, et son  chagrin est exacerb\u00e9 par la fa\u00e7on dont l&rsquo;Ukraine consid\u00e8re le suicide comme une perte non li\u00e9e au combat, poursuit la BBC. Les familles de ceux qui se suicident ne re\u00e7oivent aucune compensation, aucun honneur militaire ni aucune reconnaissance publique.\u00a0\u00bb<\/p>\n<p>D\u00e9c\u00e8s suspects<\/p>\n<p>Le mari de Mariyana, Anatoliy, s&rsquo;est engag\u00e9 volontairement dans l&rsquo;arm\u00e9e en 2022. Initialement recal\u00e9 par manque d&rsquo;exp\u00e9rience, il a insist\u00e9 jusqu&rsquo;\u00e0 \u00eatre d\u00e9ploy\u00e9 \u00e0 <a href=\"https:\/\/www.geo.fr\/geopolitique\/en-ukraine-des-exiles-font-revivre-bakhmout-le-temps-de-noel-223858\" target=\"_blank\" rel=\"noopener\">Bakhmout<\/a>, th\u00e9\u00e2tre de l&rsquo;une des batailles les plus f\u00e9roces du conflit, en tant que mitrailleur. Apr\u00e8s avoir perdu au combat une cinquantaine de fr\u00e8res d&rsquo;armes et une partie de son bras, il est devenu un autre homme. Alors qu&rsquo;il recevait des soins, il a mis fin \u00e0 ses jours dans l&rsquo;enceinte de l&rsquo;h\u00f4pital.<\/p>\n<p>\u00ab\u00a0La guerre l&rsquo;a bris\u00e9. Il ne pouvait pas vivre avec ce qu&rsquo;il avait vu, t\u00e9moigne sa veuve. Quand il \u00e9tait en premi\u00e8re ligne, il \u00e9tait utile. Mais maintenant, ce n&rsquo;est plus un h\u00e9ros. L\u2019\u00c9tat m\u2019a abandonn\u00e9e au bord de la route. Je leur ai livr\u00e9 mon mari, et ils m\u2019ont laiss\u00e9e seule, sans rien.\u00a0\u00bb <\/p>\n<p>Anatoliy n&rsquo;a pas eu droit \u00e0 des fun\u00e9railles militaires, et Mariyana a m\u00eame subi la stigmatisation de femmes de soldats tomb\u00e9s sur le champ de bataille. Elle a trouv\u00e9 du r\u00e9confort aupr\u00e8s d&rsquo;Oksana Borkun, qui dirige une communaut\u00e9 de soutien pour les veuves de militaires, et comptabilise environ 200 familles de soldats affect\u00e9es par un suicide.<\/p>\n<p>\u00ab\u00a0Les familles ont droit \u00e0 la v\u00e9rit\u00e9, d\u00e9clare la commissaire ukrainienne aux droits des anciens combattants Olha Reshetylova. Elles ne font pas confiance aux enqu\u00eateurs. Dans certains cas, les suicides peuvent dissimuler des meurtres.\u00a0\u00bb<\/p>\n","protected":false},"excerpt":{"rendered":"En Ukraine, aucune statistique officielle ne r\u00e9pertorie les suicides de militaires. Alors que les autorit\u00e9s parlent de cas&hellip;\n","protected":false},"author":2,"featured_media":617225,"comment_status":"","ping_status":"","sticky":false,"template":"","format":"standard","meta":{"footnotes":""},"categories":[1591],"tags":[10714,10715,11,2120,1887,131,12,1885,1886,132,8755],"class_list":{"0":"post-617224","1":"post","2":"type-post","3":"status-publish","4":"format-standard","5":"has-post-thumbnail","7":"category-russie","8":"tag-actu-russie","9":"tag-actu-ukraine","10":"tag-actualites","11":"tag-conflit","12":"tag-federation-de-russie","13":"tag-guerre-en-ukraine","14":"tag-news","15":"tag-russia","16":"tag-russian-federation","17":"tag-russie","18":"tag-santu00e9"},"share_on_mastodon":{"url":"https:\/\/pubeurope.com\/@fr\/115767183033869105","error":""},"_links":{"self":[{"href":"https:\/\/www.europesays.com\/fr\/wp-json\/wp\/v2\/posts\/617224","targetHints":{"allow":["GET"]}}],"collection":[{"href":"https:\/\/www.europesays.com\/fr\/wp-json\/wp\/v2\/posts"}],"about":[{"href":"https:\/\/www.europesays.com\/fr\/wp-json\/wp\/v2\/types\/post"}],"author":[{"embeddable":true,"href":"https:\/\/www.europesays.com\/fr\/wp-json\/wp\/v2\/users\/2"}],"replies":[{"embeddable":true,"href":"https:\/\/www.europesays.com\/fr\/wp-json\/wp\/v2\/comments?post=617224"}],"version-history":[{"count":0,"href":"https:\/\/www.europesays.com\/fr\/wp-json\/wp\/v2\/posts\/617224\/revisions"}],"wp:featuredmedia":[{"embeddable":true,"href":"https:\/\/www.europesays.com\/fr\/wp-json\/wp\/v2\/media\/617225"}],"wp:attachment":[{"href":"https:\/\/www.europesays.com\/fr\/wp-json\/wp\/v2\/media?parent=617224"}],"wp:term":[{"taxonomy":"category","embeddable":true,"href":"https:\/\/www.europesays.com\/fr\/wp-json\/wp\/v2\/categories?post=617224"},{"taxonomy":"post_tag","embeddable":true,"href":"https:\/\/www.europesays.com\/fr\/wp-json\/wp\/v2\/tags?post=617224"}],"curies":[{"name":"wp","href":"https:\/\/api.w.org\/{rel}","templated":true}]}}