{"id":617228,"date":"2025-12-23T05:17:22","date_gmt":"2025-12-23T05:17:22","guid":{"rendered":"https:\/\/www.europesays.com\/fr\/617228\/"},"modified":"2025-12-23T05:17:22","modified_gmt":"2025-12-23T05:17:22","slug":"les-etats-unis-ont-besoin-du-groenland-martele-trump-malgre-lopposition-de-leurope-23-12-2025-a-0532","status":"publish","type":"post","link":"https:\/\/www.europesays.com\/fr\/617228\/","title":{"rendered":"Les Etats-Unis ont \u00ab\u00a0besoin\u00a0\u00bb du Groenland, mart\u00e8le Trump malgr\u00e9 l&rsquo;opposition de l&rsquo;Europe &#8211; 23\/12\/2025 \u00e0 05:32"},"content":{"rendered":"<p>        <img decoding=\"async\" src=\"https:\/\/www.europesays.com\/fr\/wp-content\/uploads\/2025\/12\/462cc1d8fae5c4aeb1ac8541c6e3dafb-760x507.jpg\" alt=\"Donald Trump et Pete Hegseth \u00e0 Palm Beach le 22 d\u00e9cembre 2025.  ( AFP \/ ANDREW CABALLERO-REYNOLDS )\" loading=\"eager\" fetchpriority=\"high\" width=\"760\" height=\"507\" style=\"max-width: 100%!important; height: auto;\"\/><\/p>\n<p class=\"c-image-news__legend\">Donald Trump et Pete Hegseth \u00e0 Palm Beach le 22 d\u00e9cembre 2025.  ( AFP \/ ANDREW CABALLERO-REYNOLDS )<\/p>\n<p>\n Les Etats-Unis ont \u00ab\u00a0besoin\u00a0\u00bb du Groenland pour assurer leur s\u00e9curit\u00e9 face \u00e0 la Chine et \u00e0 la Russie, a martel\u00e9 lundi Donald Trump malgr\u00e9 l&rsquo;opposition des pays de l&rsquo;UE \u00e0 toute mainmise am\u00e9ricaine sur ce territoire danois.\n<\/p>\n<p>\n \u00ab\u00a0Nous avons besoin du Groenland pour notre s\u00e9curit\u00e9 nationale\u00a0\u00bb, a d\u00e9clar\u00e9 le pr\u00e9sident am\u00e9ricain lors d&rsquo;une intervention aux c\u00f4t\u00e9s du ministre de la D\u00e9fense, Pete Hegseth, \u00e0 Palm Beach en Floride.\n<\/p>\n<p>\n \u00ab\u00a0Si on regarde les c\u00f4tes du Groenland, il y a des bateaux russes et chinois partout. Nous en avons besoin pour notre s\u00e9curit\u00e9 nationale\u00a0\u00bb, a-t-il insist\u00e9, soulignant que les Groenlandais \u00ab\u00a0ne sont pas prot\u00e9g\u00e9s militairement\u00a0\u00bb par Copenhague.\n<\/p>\n<p>\n Ces propos interviennent apr\u00e8s l&rsquo;annonce par le chef d&rsquo;Etat am\u00e9ricain de la nomination d&rsquo;un envoy\u00e9 sp\u00e9cial pour ce vaste territoire autonome danois qu&rsquo;il menace r\u00e9guli\u00e8rement d&rsquo;annexer.\n<\/p>\n<p>\n Cette nomination a provoqu\u00e9 une vive r\u00e9action de Copenhague et de l&rsquo;Union europ\u00e9enne, qui a exprim\u00e9 lundi sa \u00ab\u00a0pleine solidarit\u00e9 avec le Danemark\u00a0\u00bb.\n<\/p>\n<p>\n Le Premier ministre du Groenland, Jens-Frederik Nielsen, et la Premi\u00e8re ministre danoise, Mette Frederiksen, ont rappel\u00e9 dans une d\u00e9claration que \u00ab\u00a0les fronti\u00e8res nationales et la souverainet\u00e9 des Etats sont fond\u00e9es sur le droit international\u00a0\u00bb.\n<\/p>\n<p>\n \u00ab\u00a0On ne peut pas annexer un autre pays. Pas m\u00eame en invoquant la s\u00e9curit\u00e9 internationale\u00a0\u00bb, ont soulign\u00e9 les deux dirigeants, ajoutant attendre \u00ab\u00a0le respect de notre int\u00e9grit\u00e9 territoriale commune\u00a0\u00bb.\n<\/p>\n<p>\n Copenhague a convoqu\u00e9 l&rsquo;ambassadeur des Etats-Unis. \u00ab\u00a0Nous avons trac\u00e9 tr\u00e8s clairement une ligne rouge\u00a0\u00bb, a indiqu\u00e9 le ministre danois des Affaires \u00e9trang\u00e8res Lars L\u00f8kke Rasmussen.\n<\/p>\n<p>\n \u00ab\u00a0Tant que nous avons un royaume au Danemark qui se compose du Danemark, des \u00celes F\u00e9ro\u00e9 et du Groenland, nous ne pouvons pas accepter que certains sapent notre souverainet\u00e9\u00a0\u00bb, a-t-il pr\u00e9venu \u00e0 la t\u00e9l\u00e9vision publique DR.\n<\/p>\n<p>\n La pr\u00e9sidente de la Commission europ\u00e9enne, Ursula von der Leyen, et le pr\u00e9sident du Conseil europ\u00e9en, Antonio Costa, ont eux rappel\u00e9 sur X que \u00ab\u00a0l&rsquo;int\u00e9grit\u00e9 territoriale et la souverainet\u00e9 sont des principes fondamentaux du droit international\u00a0\u00bb.\n<\/p>\n<p>        <img decoding=\"async\" src=\"https:\/\/www.europesays.com\/fr\/wp-content\/uploads\/2025\/12\/a3f17998980ce30ba298158564c424fa-760x647.jpg\" alt=\"Carte montrant le Groenland, les Etats-Unis et le Danemark ( AFP \/ Guillermo RIVAS PACHECO )\" loading=\"eager\" fetchpriority=\"high\" width=\"760\" height=\"647\" style=\"max-width: 100%!important; height: auto;\"\/><\/p>\n<p class=\"c-image-news__legend\">Carte montrant le Groenland, les Etats-Unis et le Danemark ( AFP \/ Guillermo RIVAS PACHECO )<\/p>\n<p>\n M. Trump a annonc\u00e9 dimanche la nomination du gouverneur de Louisiane, le r\u00e9publicain Jeff Landry, au poste d&rsquo;envoy\u00e9 sp\u00e9cial des Etats-Unis au Groenland.\n<\/p>\n<p>\n \u00ab\u00a0Jeff comprend \u00e0 quel point le Groenland est essentiel \u00e0 notre s\u00e9curit\u00e9 nationale et il d\u00e9fendra avec force les int\u00e9r\u00eats de notre pays\u00a0\u00bb, avait-t-il soulign\u00e9 sur son r\u00e9seau Truth Social.\n<\/p>\n<p>\n Apr\u00e8s son \u00e9lection, Donald Trump avait d\u00e9j\u00e0 expliqu\u00e9 avoir \u00ab\u00a0besoin\u00a0\u00bb du Groenland pour la s\u00e9curit\u00e9 des Etats-Unis.\n<\/p>\n<p> &#8211; \u00ab\u00a0Formidable\u00a0\u00bb pour le Groenland &#8211;<\/p>\n<p>\n Jeff Landry a remerci\u00e9 M. Trump sur X pour cette mission visant \u00e0 \u00ab\u00a0faire du Groenland une partie des Etats-Unis\u00a0\u00bb.\n<\/p>\n<p>        <img decoding=\"async\" src=\"https:\/\/www.europesays.com\/fr\/wp-content\/uploads\/2025\/12\/ea513aaee1e2ec4354f2e8fad39cfefd-760x507.jpg\" alt=\"Le pr\u00e9sident am\u00e9ricain Donald Trump (g) et le gouverneur de Louisiane, Jeff Landry, \u00e0 la Maison Blanche, le 24 mars 2025 \u00e0 Washington ( AFP \/ Brendan SMIALOWSKI )\" loading=\"eager\" fetchpriority=\"high\" width=\"760\" height=\"507\" style=\"max-width: 100%!important; height: auto;\"\/><\/p>\n<p class=\"c-image-news__legend\">Le pr\u00e9sident am\u00e9ricain Donald Trump (g) et le gouverneur de Louisiane, Jeff Landry, \u00e0 la Maison Blanche, le 24 mars 2025 \u00e0 Washington ( AFP \/ Brendan SMIALOWSKI )<\/p>\n<p>\n Il avait d\u00e9j\u00e0 salu\u00e9 en d\u00e9but d&rsquo;ann\u00e9e l&rsquo;intention du pr\u00e9sident am\u00e9ricain d&rsquo;annexer le Groenland. \u00ab\u00a0Nous devons faire en sorte que le Groenland rejoigne les Etats-Unis. Ce serait formidable pour lui, formidable pour nous! Faisons-le!\u00a0\u00bb, avait-il \u00e9crit sur X le 10 janvier.\n<\/p>\n<p>\n Le Groenland, une immense \u00eele arctique peupl\u00e9e de 57.000 habitants, r\u00e9p\u00e8te ne pas \u00eatre \u00e0 vendre et vouloir d\u00e9cider seul de son avenir.\n<\/p>\n<p>\n En janvier, 85% des Groenlandais s&rsquo;\u00e9taient dits oppos\u00e9s \u00e0 une future appartenance aux Etats-Unis, selon un sondage publi\u00e9 dans le quotidien groenlandais Sermitsiaq. Seuls 6% y \u00e9taient favorables.\n<\/p>\n<p>\n Fin mars, le vice-pr\u00e9sident am\u00e9ricain, JD Vance, avait provoqu\u00e9 un toll\u00e9 en pr\u00e9voyant de se rendre sur le territoire sans y avoir \u00e9t\u00e9 invit\u00e9.\n<\/p>\n<p>        <img decoding=\"async\" src=\"https:\/\/www.europesays.com\/fr\/wp-content\/uploads\/2025\/12\/5e8423b9f73d65e087d12c6312eebb72-760x478.jpg\" alt=\"Le vice-pr\u00e9sident am\u00e9ricain JD Vance \u00e0 la base a\u00e9rienne am\u00e9ricaine de Pituffik, le 28 mars 2025\u00a0au Groenland\u00a0 ( POOL \/ Jim WATSON )\" loading=\"eager\" fetchpriority=\"high\" width=\"760\" height=\"478\" style=\"max-width: 100%!important; height: auto;\"\/><\/p>\n<p class=\"c-image-news__legend\">Le vice-pr\u00e9sident am\u00e9ricain JD Vance \u00e0 la base a\u00e9rienne am\u00e9ricaine de Pituffik, le 28 mars 2025\u00a0au Groenland\u00a0 ( POOL \/ Jim WATSON )<\/p>\n<p>\n Face \u00e0 l&rsquo;ire d\u00e9clench\u00e9e au Groenland, au Danemark et \u00e0 travers l&rsquo;Europe, il avait limit\u00e9 son d\u00e9placement \u00e0 la base a\u00e9rienne am\u00e9ricaine de Pituffik, la plus septentrionale des Etats-Unis.\n<\/p>\n<p>\n Il avait profit\u00e9 de son s\u00e9jour pour critiquer l&rsquo;inaction suppos\u00e9e du Danemark au Groenland.\n<\/p>\n<p>\n Fin ao\u00fbt, la t\u00e9l\u00e9vision danoise avait r\u00e9v\u00e9l\u00e9 qu&rsquo;au moins trois Am\u00e9ricains li\u00e9s \u00e0 Donald Trump avaient r\u00e9alis\u00e9 des op\u00e9rations d&rsquo;influence dans ce territoire polaire.<\/p>\n","protected":false},"excerpt":{"rendered":"Donald Trump et Pete Hegseth \u00e0 Palm Beach le 22 d\u00e9cembre 2025. ( AFP \/ ANDREW CABALLERO-REYNOLDS )&hellip;\n","protected":false},"author":2,"featured_media":617229,"comment_status":"","ping_status":"","sticky":false,"template":"","format":"standard","meta":{"footnotes":""},"categories":[1589],"tags":[400,11,398,408,405,73,1866,403,402,399,404,12,401,406,1864,1865,1863,308,407],"class_list":{"0":"post-617228","1":"post","2":"type-post","3":"status-publish","4":"format-standard","5":"has-post-thumbnail","7":"category-etats-unis","8":"tag-action-cac-40","9":"tag-actualites","10":"tag-bourse-de-paris","11":"tag-boursorama","12":"tag-cotations","13":"tag-etats-unis","14":"tag-etats-unis-damerique","15":"tag-indices-devises","16":"tag-investir","17":"tag-investissement","18":"tag-marche-boursier","19":"tag-news","20":"tag-sicav","21":"tag-trackers","22":"tag-united-states","23":"tag-united-states-of-america","24":"tag-us","25":"tag-usa","26":"tag-warrants"},"share_on_mastodon":{"url":"https:\/\/pubeurope.com\/@fr\/115767191116576205","error":""},"_links":{"self":[{"href":"https:\/\/www.europesays.com\/fr\/wp-json\/wp\/v2\/posts\/617228","targetHints":{"allow":["GET"]}}],"collection":[{"href":"https:\/\/www.europesays.com\/fr\/wp-json\/wp\/v2\/posts"}],"about":[{"href":"https:\/\/www.europesays.com\/fr\/wp-json\/wp\/v2\/types\/post"}],"author":[{"embeddable":true,"href":"https:\/\/www.europesays.com\/fr\/wp-json\/wp\/v2\/users\/2"}],"replies":[{"embeddable":true,"href":"https:\/\/www.europesays.com\/fr\/wp-json\/wp\/v2\/comments?post=617228"}],"version-history":[{"count":0,"href":"https:\/\/www.europesays.com\/fr\/wp-json\/wp\/v2\/posts\/617228\/revisions"}],"wp:featuredmedia":[{"embeddable":true,"href":"https:\/\/www.europesays.com\/fr\/wp-json\/wp\/v2\/media\/617229"}],"wp:attachment":[{"href":"https:\/\/www.europesays.com\/fr\/wp-json\/wp\/v2\/media?parent=617228"}],"wp:term":[{"taxonomy":"category","embeddable":true,"href":"https:\/\/www.europesays.com\/fr\/wp-json\/wp\/v2\/categories?post=617228"},{"taxonomy":"post_tag","embeddable":true,"href":"https:\/\/www.europesays.com\/fr\/wp-json\/wp\/v2\/tags?post=617228"}],"curies":[{"name":"wp","href":"https:\/\/api.w.org\/{rel}","templated":true}]}}